{"id":184390,"date":"2025-10-18T05:52:19","date_gmt":"2025-10-18T05:52:19","guid":{"rendered":"https:\/\/www.europesays.com\/es\/184390\/"},"modified":"2025-10-18T05:52:19","modified_gmt":"2025-10-18T05:52:19","slug":"tensa-bronca-entre-berna-gonzalez-harbour-y-javier-aroca-en-la-tertulia-de-angels-barcelo-por-una-provocacion-estas-cacareando-la-voz-de-galicia","status":"publish","type":"post","link":"https:\/\/www.europesays.com\/es\/184390\/","title":{"rendered":"Tensa bronca entre Berna Gonz\u00e1lez Harbour y Javier Aroca en la tertulia de \u00c0ngels Barcel\u00f3 por una provocaci\u00f3n: \u00abEst\u00e1s cacareando\u00bb &#8211; La Voz de Galicia"},"content":{"rendered":"<ol>\n<li><a href=\"https:\/\/news.google.com\/rss\/articles\/CBMilgJBVV95cUxNX3VVZmNJdUlMOHR3OXFxX012QkdEb1VPMzA4OFZtMXVJSXdZTlB4cXF1RWxtR211UnlhbkkxWldFaG95aFIxb3poVjBoZ0RJekFMTWVYU1UtTjJYMTRIcXBMNDhtY0JfWWRQWkM4aTFJMFBnTmxOWS12MWNhX1I4U2hJNFFJaUw3QVlMMzQtSG9YZTVIT3ZkTTROamFGcFhhUHNTZVdaSENoT2xRWkQtZElmN09pSkozb0dXSzBzd0xuVUhJdk5XRkFJRXNaREY1WlRlNjU4cDNKUGFGckw0RC0wbnpwUDhRVUJFNGpQa2dhWjhWc1hMTmhKajBVcHBqUHAxOWpQSC1LQU1wZ3RSVVowbGlyQdIBsgJBVV95cUxONHBhbUpRMy1sRDhxdUZQUjgzUHk5b1RnNkhiU3REZ1dXejhCOEFMZ2tSM19qVk9jWFVDZzNCdUFGWlZqQzFhcWxFQzZibVZUOFBpaVhoUFpINnd2c3R2SFRROGpnNFpRWDlUZS1GTWpaTm9Tb3dtY1IzVm1XdFN2dFc5WXRIaEk3STJ1cDB3MHk4N2wzbzBrdGJRVGdyeE1SbzQyMU5SR3hnNjgweUdQVzhZMkZZWGJTTGdlMXBMSkRMU0JaOVZlR2lXdXlfb2dyQmdjRzRIX2s3VGxYWHVvSnNtTXVpSFYyZXFFSzZwMUZfZTU0UFg3aXpvNUpieGY2SVpFTTBVVG5NLW92SE5ZRF83RTVDRXRMcWpmY21YcVFJaUE5cGhacU16NFQwbklWNmc?oc=5\" target=\"_blank\" rel=\"nofollow noopener\">Tensa bronca entre Berna Gonz\u00e1lez Harbour y Javier Aroca en la tertulia de \u00c0ngels Barcel\u00f3 por una provocaci\u00f3n: \u00abEst\u00e1s cacareando\u00bb<\/a>&nbsp;&nbsp;La Voz de Galicia<\/li>\n<li><a href=\"https:\/\/news.google.com\/rss\/articles\/CBMigAFBVV95cUxQcUR3WTgxWUd1WjBVY0diXzJJbDhaNDE0VTNaTXpwMzhMalctbEduMHNTekk1SGZiamJ5S2pIQ0FZM25UX1VnSkhsaVJNc2U0NGtBbnc2VmN4LWhyR2g3aUNFOFZOQkxnOVRkSDlRX1FWeV9OWUw1YUU2dkRJcWYyTNIBgAFBVV95cUxPdU9NQ3d3b1Z4SERPQ3FpN1RZWktDSlNHRldvcWFOVWJndWVqT083dnlPRzNGZnJ0cTR0aDk0TklnRVBycHd4c0lzS3dnWWVIekFIUGlfbHdhdDlFZnhYN3pHSGNRbTBGOXZBa3ZMaDVhZFFBOXRaSWRwYnRwSlJkQw?oc=5\" target=\"_blank\" rel=\"nofollow noopener\">\u00c1ngels Barcel\u00f3 protege a su cercano Javier Aroca en su pol\u00e9mico cacareo en &#8216;Hoy por Hoy&#8217;<\/a>&nbsp;&nbsp;El Mundo<\/li>\n<li><a href=\"https:\/\/news.google.com\/rss\/articles\/CBMi1wFBVV95cUxPSUstSmQxV1J5clM5MzhwQlYtcFNMNUVHcHBpXy1NTzBzeldXaXRTYmxRbndjdzZmV1FhT0RTblJVc0lfX1VqMldsSzBVc2VpbVV4TmpaS19HcmN5VkJaZ1QzSUFqZWtPZHc0eUZzelFvcVpSVTZ6blk1cV9abzFFRUxQLTFZZzZWTW84WklXZE02aGpBakVBVkR6MlVIRkhlQ0VGeDR2Vnd0Vm5TaDRCYXhERkNWZnhCNWd1cHZlblVyZ1BrZkFGUFBKQkRUTXVEQklXVjVwUdIB3AFBVV95cUxOcExON21uVXFmS01yU29fOUxGZmEwMHFUTU1uM0hVVHB6bndETzZoOHRRMmo0M3hKdmt3NXgzREdGQjRDRjBPV21vOEJkYkFvZnJaR0RkR0owQmY5enB2eF9ZN1pMV1lSd0RISnVXSkRjQVdkOUdPU1ctbDBOR05QcXllQkFRVXcxRU5qd2RnS245cW43c3czV1dCYlpxOVVmUDRNcE1KMmdVbS1KTVlDcDRCUktpcXI3bGpYRDhGQU5IZVY5VWt4V3E1cnlEWlFXQWlBWDhVYnBvYk5p?oc=5\" target=\"_blank\" rel=\"nofollow noopener\">Berna Gonz\u00e1lez Harbour se planta y abandona la tertulia del &#8216;Hoy por Hoy&#8217; de la SER tras la interrupci\u00f3n de Javier Aroca: \u00ab\u00bf\u00a1Me est\u00e1s llamando gallina!?\u00bb<\/a>&nbsp;&nbsp;Diario P\u00fablico<\/li>\n<li><a href=\"https:\/\/news.google.com\/rss\/articles\/CBMi2gFBVV95cUxNRGFFQ0tvRU9CWUwxdE1KazJac3p2UFZwb09mMlRXdTVSU1ZkSWdmcmRFd0FXVnY4azM4dC1GcUcwZU5MY0lvb0FnOFMzTlRrc0k1VWh0WDBvZm52cXBoWEI1UFhCazkyekM5THg4ZHMtRy0wREZOZFliaXJSWUs2eDhCUnBUNE82UjMyVlJEd0dyUjBKYmJIM3RSRnk0cmpzTV9LVERkbHlFZm5xaEpXZEVKVlBzZ0NHT1N4QmttZjRkd25OTFFReFk4ck9fd1ZlWHBNV09XYmVGdw?oc=5\" target=\"_blank\" rel=\"nofollow noopener\">Tensi\u00f3n entre dos tertulianos del &#8216;Hoy x Hoy&#8217; de La Ser: &#8216;\u00bfMe est\u00e1s llamando gallina?&#8217;<\/a>&nbsp;&nbsp;heraldo.es<\/li>\n<li><a href=\"https:\/\/news.google.com\/rss\/articles\/CBMi9AFBVV95cUxPVEtkSXktYnk4OXQxbHNDR3A4Z0RqcWlET2ZRbHJZMTRvczZpc0pyRWU1bWtCRUt0R2Ztcm45WG0ycUJGcnI5Z05sMnRQanIwZ3NxMkVwMFdXUHZqazM0R2ZQLU9VYlBxVlBubjFnQ29QRFR2b0lad25xUTdFekI3NHd2MERBbllIMTFmZE1BdnM4a2ZYLU1La01GX1JtNl9idnBnY0QzX19nczVKV1pmOHhxcnZRMUxaYlplTWI1R3Rfek53WTJrOHlNTHNIX3V3Y2pteXlBdTBxUk1mQ3VVSUxnaFhWNHQtdEtJYTJOdnlKejJS?oc=5\" target=\"_blank\" rel=\"nofollow noopener\">Berna Gonz\u00e1lez abandona el programa de \u00c1ngels Barcel\u00f3 llorando por una burla de Javier Aroca: \u00ab\u00bfMe est\u00e1s llamando gallina?\u00bb<\/a>&nbsp;&nbsp;20Minutos<\/li>\n<\/ol>\n","protected":false},"excerpt":{"rendered":"Tensa bronca entre Berna Gonz\u00e1lez Harbour y Javier Aroca en la tertulia de \u00c0ngels Barcel\u00f3 por una provocaci\u00f3n:&hellip;\n","protected":false},"author":2,"featured_media":184391,"comment_status":"","ping_status":"","sticky":false,"template":"","format":"standard","meta":{"footnotes":""},"categories":[5],"tags":[17,18,4334,25,24,13,14,11,5610,19,20,9,10,15,16,23,12,21,22],"class_list":{"0":"post-184390","1":"post","2":"type-post","3":"status-publish","4":"format-standard","5":"has-post-thumbnail","7":"category-titulares","8":"tag-breaking-news","9":"tag-breakingnews","10":"tag-caso-koldo","11":"tag-es","12":"tag-espana","13":"tag-featured-news","14":"tag-featurednews","15":"tag-headlines","16":"tag-jose-luis-abalos","17":"tag-latest-news","18":"tag-latestnews","19":"tag-news","20":"tag-noticias","21":"tag-noticias-destacadas","22":"tag-noticiasdestacadas","23":"tag-spain","24":"tag-titulares","25":"tag-ultimas-noticias","26":"tag-ultimasnoticias"},"share_on_mastodon":{"url":"","error":""},"_links":{"self":[{"href":"https:\/\/www.europesays.com\/es\/wp-json\/wp\/v2\/posts\/184390","targetHints":{"allow":["GET"]}}],"collection":[{"href":"https:\/\/www.europesays.com\/es\/wp-json\/wp\/v2\/posts"}],"about":[{"href":"https:\/\/www.europesays.com\/es\/wp-json\/wp\/v2\/types\/post"}],"author":[{"embeddable":true,"href":"https:\/\/www.europesays.com\/es\/wp-json\/wp\/v2\/users\/2"}],"replies":[{"embeddable":true,"href":"https:\/\/www.europesays.com\/es\/wp-json\/wp\/v2\/comments?post=184390"}],"version-history":[{"count":0,"href":"https:\/\/www.europesays.com\/es\/wp-json\/wp\/v2\/posts\/184390\/revisions"}],"wp:featuredmedia":[{"embeddable":true,"href":"https:\/\/www.europesays.com\/es\/wp-json\/wp\/v2\/media\/184391"}],"wp:attachment":[{"href":"https:\/\/www.europesays.com\/es\/wp-json\/wp\/v2\/media?parent=184390"}],"wp:term":[{"taxonomy":"category","embeddable":true,"href":"https:\/\/www.europesays.com\/es\/wp-json\/wp\/v2\/categories?post=184390"},{"taxonomy":"post_tag","embeddable":true,"href":"https:\/\/www.europesays.com\/es\/wp-json\/wp\/v2\/tags?post=184390"}],"curies":[{"name":"wp","href":"https:\/\/api.w.org\/{rel}","templated":true}]}}