{"id":184394,"date":"2025-10-18T05:55:12","date_gmt":"2025-10-18T05:55:12","guid":{"rendered":"https:\/\/www.europesays.com\/es\/184394\/"},"modified":"2025-10-18T05:55:12","modified_gmt":"2025-10-18T05:55:12","slug":"horario-y-donde-ver-el-debut-del-espanol-en-el-peso-welter","status":"publish","type":"post","link":"https:\/\/www.europesays.com\/es\/184394\/","title":{"rendered":"horario y d\u00f3nde ver el debut del espa\u00f1ol en el peso w\u00e9lter"},"content":{"rendered":"<p><b>Joel \u00c1lvarez (22-3) se presenta ante su primera prueba de fuego en el peso w\u00e9lter de la UFC<\/b>. El espa\u00f1ol, que ya hab\u00eda alcanzado el ranking del top 15 de la divisi\u00f3n del peso ligero, comienza un nuevo rumbo en una categor\u00eda m\u00e1s pesada, pero que sin duda encaja a la perfecci\u00f3n.<\/p>\n<p>Su rival, <b>Vicente Luque (23-11-1)<\/b>, un experimentado dentro de la compa\u00f1\u00eda, ser\u00e1 la primera piedra en el camino del gijon\u00e9s. Ambos poseen un gran poder de finalizaci\u00f3n, por lo que la pelea promete ser de las mejores del evento.<\/p>\n<p>Y es que Joel llega a la cita con <b>todas sus victorias a base de finalizaciones<\/b>. El peleador asturiano suma siete victorias dentro de la compa\u00f1\u00eda, de las cuales cinco son por KO y dos son por la v\u00eda de la sumisi\u00f3n.<\/p>\n<p>De ganar este fin de semana, <b>Joel \u00c1lvarez comenzar\u00eda a asomarse dentro del ranking del top 15,<\/b> al mismo tiempo que la UFC le colocar\u00eda un rival m\u00e1s interesante para su pr\u00f3ximo pleito. El espa\u00f1ol, que est\u00e1 cumpliendo las pautas del peso a la perfecci\u00f3n y con mucha m\u00e1s soltura que antes (hay siete kilos de diferencia respecto a la divisi\u00f3n del peso ligero), est\u00e1 preparado para dar guerra en territorio hostil.<\/p>\n<p>El regreso de Charles Oliveira<\/p>\n<p>Adem\u00e1s de ver a Joel \u00c1lvarez subir a una nueva divisi\u00f3n, los aficionados a las MMA podr\u00e1n disfrutar del regreso de <b>Charles Oliveira (35-11)<\/b>. Tres meses despu\u00e9s de su <a title=\"derrota contra Ilia Topuria\" href=\"https:\/\/www.larazon.es\/deportes\/ilia-topuria-charles-oliveira-directo-hoy-combate-ufc-317-peso-ligero_20250629685fb3c4f190537b73a7ae59.html\" target=\"_blank\" rel=\"nofollow noopener\">derrota contra Ilia Topuria<\/a>, el brasile\u00f1o volver\u00e1 a subir al oct\u00e1gono de la UFC para enfrentarse a <b>Mateusz Gamrot (25-3)<\/b> ante su p\u00fablico.<\/p>\n<p>En un primer momento, el combate pactado de Charles era contra Rafael Fiziev. Sin embargo, una lesi\u00f3n ha cambiado los planes de la UFC a \u00faltima hora, firmando al polaco.<\/p>\n<p>Horario del UFC R\u00edo<\/p>\n<p>La UFC llega a R\u00edo de Janeiro para dar un aut\u00e9ntico espect\u00e1culo. Grandes nombres completan la cartelera, por lo que la diversi\u00f3n est\u00e1 asegurada. Por un lado, la cartelera preliminar dar\u00e1 comienzo el <b>s\u00e1bado<\/b><b>11 de octubre a las 23:00 h<\/b> (horario espa\u00f1ol).<\/p>\n<p>No obstante, <b>habr\u00e1 que esperar hasta las 01:00 h (horario espa\u00f1ol) para que de comienzo la cartelera estelar<\/b>. Teniendo en cuenta este horario, y sabiendo que la pelea de Joel \u00c1lvarez es la cuarta de la cartelera principal, se espera que el combate del espa\u00f1ol comience <b>a partir de las 02:30 h (horario espa\u00f1ol).<\/b><\/p>\n<p>D\u00f3nde ver el combate de Joel \u00c1lvarez<\/p>\n<p>Tal y como viene siendo habitual, el evento del UFC R\u00edo podr\u00e1 seguirse en Espa\u00f1a a trav\u00e9s de la app de <b>Eurosport y Max<\/b>, cadena que mantiene los derechos de emisi\u00f3n de los eventos de la organizaci\u00f3n. Para ello, es necesario contar con el paquete de deportes dentro de Max.<\/p>\n<p>Cartelera completa<\/p>\n<p><b>Cartelera Preliminar<\/b><\/p>\n<p>Jafel Fliho (16-4) vs Clayton Carpenter (8-1)<\/p>\n<p>Vitor Petrino (12-2) vs Thomas Petersen (10-3)<\/p>\n<p>Beatriz Mesquita (5-0) vs Irina Alekseeva (5-3)<\/p>\n<p>Lucas Rocha (17-2) vs Stewart Nicoll (8-1)<\/p>\n<p>Valter Walker (14-1) vs Mohammed Usman (12-4)<\/p>\n<p>Julia Polastri (13-5) vs Karolina Kowalkiewicz (16-9)<\/p>\n<p>Luan Lacerda (12-3) vs Saimon Oliveira (18-6)<\/p>\n<p><b>Cartelera estelar<\/b><\/p>\n<p>Charles Oliveira (35-11-1) vs Mateusz Gamrot (25-3)<\/p>\n<p>Deiveson Figueiredo (24-5-1) vs Montel Jackson (15-2)<\/p>\n<p>Vicente Luque (23-11-1) vs Joel \u00c1lvarez (22-3)<\/p>\n<p>Jonathan Diniz (9-1) vs Mario Pinto (10-0)<\/p>\n<p>Ricardo Ramos (17-7) vs Kaan Offi (12-4-1)<\/p>\n<p>Lucas Almeida (15-4) vs Michael Aswell (10-3)<\/p>\n","protected":false},"excerpt":{"rendered":"Joel \u00c1lvarez (22-3) se presenta ante su primera prueba de fuego en el peso w\u00e9lter de la UFC.&hellip;\n","protected":false},"author":2,"featured_media":184395,"comment_status":"","ping_status":"","sticky":false,"template":"","format":"standard","meta":{"footnotes":""},"categories":[276],"tags":[168,25,24,23,167,343],"class_list":{"0":"post-184394","1":"post","2":"type-post","3":"status-publish","4":"format-standard","5":"has-post-thumbnail","7":"category-ufc","8":"tag-deportes","9":"tag-es","10":"tag-espana","11":"tag-spain","12":"tag-sports","13":"tag-ufc"},"share_on_mastodon":{"url":"","error":""},"_links":{"self":[{"href":"https:\/\/www.europesays.com\/es\/wp-json\/wp\/v2\/posts\/184394","targetHints":{"allow":["GET"]}}],"collection":[{"href":"https:\/\/www.europesays.com\/es\/wp-json\/wp\/v2\/posts"}],"about":[{"href":"https:\/\/www.europesays.com\/es\/wp-json\/wp\/v2\/types\/post"}],"author":[{"embeddable":true,"href":"https:\/\/www.europesays.com\/es\/wp-json\/wp\/v2\/users\/2"}],"replies":[{"embeddable":true,"href":"https:\/\/www.europesays.com\/es\/wp-json\/wp\/v2\/comments?post=184394"}],"version-history":[{"count":0,"href":"https:\/\/www.europesays.com\/es\/wp-json\/wp\/v2\/posts\/184394\/revisions"}],"wp:featuredmedia":[{"embeddable":true,"href":"https:\/\/www.europesays.com\/es\/wp-json\/wp\/v2\/media\/184395"}],"wp:attachment":[{"href":"https:\/\/www.europesays.com\/es\/wp-json\/wp\/v2\/media?parent=184394"}],"wp:term":[{"taxonomy":"category","embeddable":true,"href":"https:\/\/www.europesays.com\/es\/wp-json\/wp\/v2\/categories?post=184394"},{"taxonomy":"post_tag","embeddable":true,"href":"https:\/\/www.europesays.com\/es\/wp-json\/wp\/v2\/tags?post=184394"}],"curies":[{"name":"wp","href":"https:\/\/api.w.org\/{rel}","templated":true}]}}