{"id":184396,"date":"2025-10-18T05:59:09","date_gmt":"2025-10-18T05:59:09","guid":{"rendered":"https:\/\/www.europesays.com\/es\/184396\/"},"modified":"2025-10-18T05:59:09","modified_gmt":"2025-10-18T05:59:09","slug":"no-es-una-posicion-normal","status":"publish","type":"post","link":"https:\/\/www.europesays.com\/es\/184396\/","title":{"rendered":"No es una posici\u00f3n normal"},"content":{"rendered":"<p data-mrf-recirculation=\"Links P\u00e1rrafos\" class=\"ue-c-article__paragraph paragraph ue-c-article--first-letter-highlighted\">A Fernando<strong> Alonso le cambi\u00f3 la cara en el Gran Premio de los Estados Unidos.<\/strong> Llegaba a uno de esos circuitos tachados -con M\u00e9xico y Las Vegas- por caracter\u00edsticas para el <strong>Aston Martin<\/strong>, pero en pista todo ha cambiado. Ya hizo un buen primer libre y en la clasificaci\u00f3n del sprint pas\u00f3 holgadamente a la SQ3 y encontr\u00f3 un sexto enorme. Los puntos -el top 8- son posibles (19:00 horas).<\/p>\n<p><img decoding=\"async\" width=\"1024\" height=\"682\" class=\"ue-c-article__image lazyload\" alt=\"Alonso, en acci\u00f3n.\" loading=\"lazy\" src=\"https:\/\/www.europesays.com\/es\/wp-content\/uploads\/2025\/10\/68f2c83c71162.jpeg\"\/><\/p>\n<p>Alonso, en acci\u00f3n.LAPRESSE<\/p>\n<p data-mrf-recirculation=\"Links P\u00e1rrafos\" class=\"ue-c-article__paragraph paragraph\">El asturiano lo ten\u00eda claro. Hab\u00eda <strong>clavado el d\u00eda. \u00abEs una de las mejores clasificaciones del a\u00f1o. Hicimos una vuelta<\/strong> buena en todos los cortes y aprovechamos la oportunidad\u00bb, apunt\u00f3 a los medios oficiales de la F\u00f3rmula 1. Se peg\u00f3 al Mercedes de Russell, super\u00f3 a los dos Williams y dos Ferrari. Y solo se col\u00f3 Hulkenberg con un coche de la zona media. <strong>\u00abSabemos que est\u00e1n ah\u00ed, que ser\u00e1 una carrera complicada. Pero intentaremos dejar detr\u00e1s a los Williams y Ferrari\u00bb, confes\u00f3.<\/strong><\/p>\n<blockquote class=\"ue-c-article__blockquote\">\n<p>Sabemos que est\u00e1n ah\u00ed, que ser\u00e1 una carrera complicada. Pero intentaremos dejar detr\u00e1s a los Williams y Ferrari<\/p>\n<p>Fernando Alonso<\/p><\/blockquote>\n<p data-mrf-recirculation=\"Links P\u00e1rrafos\" class=\"ue-c-article__paragraph paragraph\">Su rendimiento jam\u00e1s genera dudas y en Austin sigui\u00f3 subiendo el list\u00f3n claramente. \u00abEstoy feliz, claro. <strong>Todo el a\u00f1o he rendido bien y particularmente en las clasificaciones<\/strong>. Despu\u00e9s caemos a la posici\u00f3n natural. Hace que no sea una temporada memorable en puntos, pero seguimos mejorando\u00bb, apunt\u00f3.<\/p>\n<p data-mrf-recirculation=\"Links P\u00e1rrafos\" class=\"ue-c-article__paragraph paragraph\">Pero hay algo m\u00e1s. Alonso encuentra en d\u00edas as\u00ed su gusto. La motivaci\u00f3n en saber sufrir entre el viento, apretar los dientes y tirar. \u00abMe siento fresco y motivado. <strong>Estos resultados me dan un impulso extra\u00bb, confes\u00f3. Lo suyo es inagotable y en Austin fue una prueba m\u00e1s de la val\u00eda.<\/strong><\/p>\n<p><img decoding=\"async\" width=\"1024\" height=\"682\" class=\"ue-c-article__image lazyload\" alt=\"Alonso, en acci\u00f3n.\" loading=\"lazy\" src=\"https:\/\/www.europesays.com\/es\/wp-content\/uploads\/2025\/10\/68f2c8629b067.jpeg\"\/><\/p>\n<p>Alonso, en acci\u00f3n.LAPRESSE<\/p>\n<p data-mrf-recirculation=\"Links P\u00e1rrafos\" class=\"ue-c-article__paragraph paragraph\"><strong>Porque tiene claro que no es lo normal. \u00abNo es un puesto normal, as\u00ed que hay que disfrutarla. Hicimos buen trabajo y estoy contento de las prestaciones. As\u00ed que estoy disfrutando\u00bb, cerr\u00f3. <\/strong>Buscar\u00e1 mejorarlo con puntos en la cita corta. Dar\u00e1 guerra, eso seguro.<\/p>\n","protected":false},"excerpt":{"rendered":"A Fernando Alonso le cambi\u00f3 la cara en el Gran Premio de los Estados Unidos. Llegaba a uno&hellip;\n","protected":false},"author":2,"featured_media":184397,"comment_status":"","ping_status":"","sticky":false,"template":"","format":"standard","meta":{"footnotes":""},"categories":[270],"tags":[168,25,24,306,271,272,23,167],"class_list":{"0":"post-184396","1":"post","2":"type-post","3":"status-publish","4":"format-standard","5":"has-post-thumbnail","7":"category-formula-1","8":"tag-deportes","9":"tag-es","10":"tag-espana","11":"tag-f1","12":"tag-formula-1","13":"tag-formula1","14":"tag-spain","15":"tag-sports"},"share_on_mastodon":{"url":"","error":""},"_links":{"self":[{"href":"https:\/\/www.europesays.com\/es\/wp-json\/wp\/v2\/posts\/184396","targetHints":{"allow":["GET"]}}],"collection":[{"href":"https:\/\/www.europesays.com\/es\/wp-json\/wp\/v2\/posts"}],"about":[{"href":"https:\/\/www.europesays.com\/es\/wp-json\/wp\/v2\/types\/post"}],"author":[{"embeddable":true,"href":"https:\/\/www.europesays.com\/es\/wp-json\/wp\/v2\/users\/2"}],"replies":[{"embeddable":true,"href":"https:\/\/www.europesays.com\/es\/wp-json\/wp\/v2\/comments?post=184396"}],"version-history":[{"count":0,"href":"https:\/\/www.europesays.com\/es\/wp-json\/wp\/v2\/posts\/184396\/revisions"}],"wp:featuredmedia":[{"embeddable":true,"href":"https:\/\/www.europesays.com\/es\/wp-json\/wp\/v2\/media\/184397"}],"wp:attachment":[{"href":"https:\/\/www.europesays.com\/es\/wp-json\/wp\/v2\/media?parent=184396"}],"wp:term":[{"taxonomy":"category","embeddable":true,"href":"https:\/\/www.europesays.com\/es\/wp-json\/wp\/v2\/categories?post=184396"},{"taxonomy":"post_tag","embeddable":true,"href":"https:\/\/www.europesays.com\/es\/wp-json\/wp\/v2\/tags?post=184396"}],"curies":[{"name":"wp","href":"https:\/\/api.w.org\/{rel}","templated":true}]}}