{"id":184398,"date":"2025-10-18T06:00:07","date_gmt":"2025-10-18T06:00:07","guid":{"rendered":"https:\/\/www.europesays.com\/es\/184398\/"},"modified":"2025-10-18T06:00:07","modified_gmt":"2025-10-18T06:00:07","slug":"el-unicaja-y-el-barca-cada-vez-mas-cerca","status":"publish","type":"post","link":"https:\/\/www.europesays.com\/es\/184398\/","title":{"rendered":"El Unicaja y el Bar\u00e7a, cada vez m\u00e1s cerca"},"content":{"rendered":"<p>Es el partido que m\u00e1s veces ha jugado el Unicaja, aunque en los \u00faltimos tiempos ha estado m\u00e1s compensado que hist\u00f3ricamente. Desde que Ibon Navarro  &#8230; lleg\u00f3 a M\u00e1laga, all\u00e1 por febrero de 2022, ambos equipos se han visto las caras en quince ocasiones (una en la Copa del Rey, siete en los &#8216;play-off&#8217; de la Liga y otras siete en la fase regular de la ACB), cambiando desde entonces radicalmente la tendencia. El Unicaja ha vencido ocho veces y el Barcelona, siete. Un dominio malague\u00f1o que sorprende y contrasta con la estad\u00edstica global: 46 triunfos para el cuadro malague\u00f1o y 101 del catal\u00e1n en un total de 147 enfrentamientos.<\/p>\n<p class=\"v-p\">Cada triunfo, en este momento de la l\u00ednea temporal, ha tenido un significado especial. Desde el primero, all\u00e1 por abril de 2022 en el Palau, que signific\u00f3 la salvaci\u00f3n de un Unicaja en la ACB, en la antesala del proyecto ganador que en unos meses emerger\u00eda, hasta el tercer partido de los cuartos de final de los &#8216;play-off&#8217; de la Liga Endesa de la pasada campa\u00f1a, en el que el Unicaja, que ya ten\u00eda un pie entre los eliminados, le dio la vuelta a minuto y medio del final (92 segundos, para ser m\u00e1s exactos) a los nueve puntos de renta que llevaba el Barcelona, gracias a una actuaci\u00f3n excelsa y heroica de Tyson P\u00e9rez en defensa y en ataque. Y sin olvidar el m\u00edtico triunfo de la Copa de Badalona, en 2023, el punto de partida del glorioso &#8216;heptatl\u00f3n&#8217; del equipo.<\/p>\n<p>Varios factores<\/p>\n<p class=\"v-p\">Varios factores han propiciado que en los \u00faltimos tiempos se haya igualado tanto la cosa, hasta el punto de cambiar, seg\u00fan el contexto y el momento, el cartel de favorito de lado. El trienio prodigioso del Unicaja coincidi\u00f3 con una \u00e9poca algo m\u00e1s gris para el Barcelona que, a su vez, vio como se agrav\u00f3 su situaci\u00f3n la pasada campa\u00f1a a causa de las lesiones.<\/p>\n<p class=\"v-p\">Este domingo (19.00 horas) volver\u00e1n a verse las caras en el Carpena. Como casi siempre en los \u00faltimos a\u00f1os, en M\u00e1laga primero, en la primera vuelta, y en el Palau tras el invierno, con la llegada de la primavera. No ha comenzado con buen pie el Barcelona en la Liga Endesa pese a haberse reforzado con nombres interesantes este pasado verano, que llega con el peor bagaje posible: cero triunfos y dos derrotas. En la Euroliga, eso s\u00ed, se ha mostrado m\u00e1s competitivo, con tres victorias y dos derrotas. La \u00faltima, este jueves en los Emirates \u00c1rabes ante el Dub\u00e1i.<\/p>\n<p class=\"v-p\">Ambos conjuntos se enfrentar\u00e1n por primera vez esta temporada en una situaci\u00f3n similar si se pone el foco en la configuraci\u00f3n de la plantilla. Tanto Ibon Navarro como Joan Pe\u00f1arroya buscan, con la entrada del nuevo curso, darle nuevas pinceladas a sus proyectos con la llegada de los nuevos fichajes, que a\u00fan han de coger automatismos y hacerse definitivamente al juego de sus equipos. Ibon Navarro avis\u00f3 en la previa del nuevo Bar\u00e7a: \u00abEl equipo no tiene todo el baloncesto necesario para competir con el Barcelona, pero tiene una identidad, un car\u00e1cter y un instinto competitivo muy alto. Ser\u00e1 dif\u00edcil que gane, pero no que compita\u00bb.<\/p>\n","protected":false},"excerpt":{"rendered":"Es el partido que m\u00e1s veces ha jugado el Unicaja, aunque en los \u00faltimos tiempos ha estado m\u00e1s&hellip;\n","protected":false},"author":2,"featured_media":184399,"comment_status":"","ping_status":"","sticky":false,"template":"","format":"standard","meta":{"footnotes":""},"categories":[269],"tags":[299,2296,298,3570,168,25,24,23,167,2246,1079],"class_list":{"0":"post-184398","1":"post","2":"type-post","3":"status-publish","4":"format-standard","5":"has-post-thumbnail","7":"category-baloncesto","8":"tag-baloncesto","9":"tag-barca","10":"tag-basketball","11":"tag-cerca","12":"tag-deportes","13":"tag-es","14":"tag-espana","15":"tag-spain","16":"tag-sports","17":"tag-unicaja","18":"tag-vez"},"share_on_mastodon":{"url":"","error":""},"_links":{"self":[{"href":"https:\/\/www.europesays.com\/es\/wp-json\/wp\/v2\/posts\/184398","targetHints":{"allow":["GET"]}}],"collection":[{"href":"https:\/\/www.europesays.com\/es\/wp-json\/wp\/v2\/posts"}],"about":[{"href":"https:\/\/www.europesays.com\/es\/wp-json\/wp\/v2\/types\/post"}],"author":[{"embeddable":true,"href":"https:\/\/www.europesays.com\/es\/wp-json\/wp\/v2\/users\/2"}],"replies":[{"embeddable":true,"href":"https:\/\/www.europesays.com\/es\/wp-json\/wp\/v2\/comments?post=184398"}],"version-history":[{"count":0,"href":"https:\/\/www.europesays.com\/es\/wp-json\/wp\/v2\/posts\/184398\/revisions"}],"wp:featuredmedia":[{"embeddable":true,"href":"https:\/\/www.europesays.com\/es\/wp-json\/wp\/v2\/media\/184399"}],"wp:attachment":[{"href":"https:\/\/www.europesays.com\/es\/wp-json\/wp\/v2\/media?parent=184398"}],"wp:term":[{"taxonomy":"category","embeddable":true,"href":"https:\/\/www.europesays.com\/es\/wp-json\/wp\/v2\/categories?post=184398"},{"taxonomy":"post_tag","embeddable":true,"href":"https:\/\/www.europesays.com\/es\/wp-json\/wp\/v2\/tags?post=184398"}],"curies":[{"name":"wp","href":"https:\/\/api.w.org\/{rel}","templated":true}]}}