{"id":184402,"date":"2025-10-18T06:02:12","date_gmt":"2025-10-18T06:02:12","guid":{"rendered":"https:\/\/www.europesays.com\/es\/184402\/"},"modified":"2025-10-18T06:02:12","modified_gmt":"2025-10-18T06:02:12","slug":"el-principe-andres-renuncia-a-todos-sus-titulos-incluyendo-el-de-duque-de-york-asediado-por-los-escandalos","status":"publish","type":"post","link":"https:\/\/www.europesays.com\/es\/184402\/","title":{"rendered":"El pr\u00edncipe Andr\u00e9s renuncia a todos sus t\u00edtulos, incluyendo el de duque de York, asediado por los esc\u00e1ndalos"},"content":{"rendered":"<p id=\"emQ-PvN5Dx\" data-wc=\"61\">A trav\u00e9s de un comunicado difundido por el palacio de Buckingham, el pr\u00edncipe Andr\u00e9s ha renunciado a<a class=\"hm-link ho-link\" href=\"https:\/\/www.hola.com\/realeza\/casa_inglesa\/20251017862255\/carlos-iii-plantea-retirar-titulo-andres\/\" data-mrf-recirculation=\"article-body-link\" rel=\"nofollow noopener\" target=\"_blank\">\u00a0la utilizaci\u00f3n de sus t\u00edtulos<\/a>, incluyendo el de duque de York. La decisi\u00f3n ha sido tomada en consenso con Carlos III para evitar que los \u00faltimos esc\u00e1ndalos en torno a su figura perjudiquen la imagen de la Corona. Reproducimos el escrito \u00edntegro a continuaci\u00f3n:\u00a0<\/p>\n<p> <img src=\"https:\/\/www.europesays.com\/es\/wp-content\/uploads\/2025\/10\/8bae31a5a805-gettyimages-2211153156.jpg\"   width=\"829\" height=\"1024\" loading=\"lazy\" decoding=\"async\" alt=\"Pr\u00edncipe Andr\u00e9s\" fetchpriority=\"auto\" class=\"image ho-image\"\/>\u00a9 Samir Hussein\/WireImage<\/p>\n<p id=\"eQMIGm1qwf\" data-wc=\"98\">Tras hablarlo con el Rey y mi familia m\u00e1s cercana y lejana, hemos concluido que las continuas acusaciones sobre mi distraen del trabajo de Su Majestad y la Familia Real. He decidido, como siempre he hecho, anteponer mi deber con mi familia y mi pa\u00eds. Me mantengo firme en mi decisi\u00f3n de hace cinco a\u00f1os de dar un paso atr\u00e1s en la vida p\u00fablica. Con el acuerdo de Su Majestad, creemos que debo ir m\u00e1s all\u00e1. No utilizar\u00e9 mi t\u00edtulo ni los honores que se me han concedido. Como he dicho previamente, niego categ\u00f3ricamente las acusaciones contra m\u00ed.<\/p>\n<p> <img src=\"https:\/\/www.europesays.com\/es\/wp-content\/uploads\/2025\/10\/1b3182e5a264-gettyimages-2235864501.jpg\"   width=\"936\" height=\"1024\" loading=\"lazy\" decoding=\"async\" alt=\"Pr\u00edncipe Andr\u00e9s\" fetchpriority=\"auto\" class=\"image ho-image\"\/>\u00a9 Getty Images<\/p>\n<p id=\"e-sQ3zE83r\" data-wc=\"92\">Como hijo de Isabel II, seguir\u00e1 siendo pr\u00edncipe, pero ya no recibir\u00e1 tratamiento de Alteza Real y tambi\u00e9n dejar\u00e1 de ser caballero de la Orden de la Jarretera, la m\u00e1s prestigiosa del Reino Unido y a la que pertenece desde 2006. Su exmujer, Sarah Ferguson tampoco utilizar\u00e1 el t\u00edtulo de duquesa de York, aunque ya no lo hac\u00eda desde hace a\u00f1os. A las que no afectar\u00e1 esta decisi\u00f3n es a sus hijas, las princesas Beatriz y Eugenia, a las que nada impide mantener su actividad tanto p\u00fablica como privada como hasta ahora.<\/p>\n<p id=\"ezcqwdw4Yl\" data-wc=\"85\">\u00a0Para el pr\u00edncipe Andr\u00e9s, sin embargo, s\u00ed habr\u00e1 consecuencias en el \u00e1mbito familiar, ya que no participar\u00e1 en las celebraciones familiares de la familia real, que implican actos como la misa de Sandringham. No es un acto oficial, pero s\u00ed es un escaparate anual de los Windsor analizado hasta el mil\u00edmetro. Carlos III ya hab\u00eda decidido retirar la invitaci\u00f3n a su hermano y su excu\u00f1ada, cuando sali\u00f3 a la luz<a class=\"hm-link ho-link\" href=\"https:\/\/www.hola.com\/realeza\/casa_inglesa\/20250922857250\/sarah-ferguson-pierde-vinculos-organizaciones-mensajes-epstein\/\" data-mrf-recirculation=\"article-body-link\" rel=\"nofollow noopener\" target=\"_blank\"> el correo de Sarah Ferguson<\/a> disculp\u00e1ndose con Jeffrey Epstein por haber renegado de \u00e9l p\u00fablicamente.\u00a0<\/p>\n<p> <img src=\"https:\/\/www.europesays.com\/es\/wp-content\/uploads\/2025\/10\/df07e2b5daf5-gettyimages-1906631198.jpg\"   width=\"1024\" height=\"682\" loading=\"lazy\" decoding=\"async\" alt=\"Media Image\" fetchpriority=\"auto\" class=\"image ho-image\"\/>\u00a9 Getty Images<\/p>\n<p id=\"eswIFyWfEg\" data-wc=\"126\">Hace semanas que el esc\u00e1ndalo no dejaba de crecer, al tiempo que los rumores sobre una contundente decisi\u00f3n de Carlos III dejaban a Buckingham con pocas opciones, adem\u00e1s, de conseguir la renuncia voluntaria de Pr\u00edncipe. Este movimiento evita que la Corona tenga que iniciar un procedimiento para que el Parlamento respalde la retirada del ducado de York a Andr\u00e9s, ya que no es algo que el Rey pueda hacer de forma autom\u00e1tica. De esta forma, llegando a un acuerdo con su hermano en el que se compromete a no utilizar sus t\u00edtulos, podemos estar hablando de una decisi\u00f3n de efectos inmediatos. El ducado de York es uno de los t\u00edtulos m\u00e1s importantes de la monarqu\u00eda brit\u00e1nica que, tradicionalmente, se otorga al segundo hijo var\u00f3n del Rey.\u00a0<\/p>\n<p id=\"euh5dZZhQq\" data-wc=\"71\">No se espera tampoco que este movimiento suponga dejar <a class=\"hm-link ho-link\" href=\"https:\/\/www.hola.com\/realeza\/casa_inglesa\/20241111729253\/principe-andres-financiacion-quedarse-windsor\/\" data-mrf-recirculation=\"article-body-link\" rel=\"nofollow noopener\" target=\"_blank\">su casa de Royal Lodge<\/a>, la imponente mansi\u00f3n de 30 habitaciones en la que vive con Sarah Ferguson y que Carlos III le ha requerido que cambie por otra m\u00e1s modesta, como Frogmore Cottage, en repetidas ocasiones. El Pr\u00edncipe se ampara en el contrato de larga duraci\u00f3n que est\u00e1 en vigor y que no se ve afectado por los t\u00edtulos que utilice.\u00a0<\/p>\n<p>As\u00ed creci\u00f3 el esc\u00e1ndalo hasta acorralar al Pr\u00edncipe<\/p>\n<p id=\"eFD3bTLmLR\" data-wc=\"124\">Desde hace unas semanas el esc\u00e1ndalo no ha hecho m\u00e1s que cercar al pr\u00edncipe Andr\u00e9s despu\u00e9s de que salieran a la luz unos correos suyos con Jeffrey Epstein, el financiero que apareci\u00f3 muerto en la c\u00e1rcel mientras esperaba para ser juzgado por tr\u00e1fico sexual de menores, en los que se evidenciaba que no cort\u00f3 el contacto con \u00e9l cuando hab\u00eda dicho, es decir, tras haber sido condenado. A todo esto hay que a\u00f1adir la publicaci\u00f3n del extracto de las memorias p\u00f3stumas de Virginia Giufree, la mujer que le acus\u00f3 de abuso sexual y que se quit\u00f3 la vida el pasado mes de abril a los 41 a\u00f1os. En \u00e9l, su presunta v\u00edctima asegura: \u00ab\u00c9l cre\u00eda que tener sexo conmigo era su derecho de nacimiento\u00bb.\u00a0<\/p>\n<p> <img src=\"https:\/\/www.europesays.com\/es\/wp-content\/uploads\/2025\/10\/ef422dfaedfd-gettyimages-1452381255-1.jpg\"   width=\"675\" height=\"1024\" loading=\"lazy\" decoding=\"async\" alt=\"Media Image\" fetchpriority=\"auto\" class=\"image ho-image\"\/>\u00a9 Samir Hussein\/WireImage<\/p>\n<p id=\"eUJf5EANlP\" data-wc=\"101\">La ca\u00edda en desgracia del pr\u00edncipe Andr\u00e9s comenz\u00f3 hace seis a\u00f1os. Fue entonces cuando sali\u00f3 a la luz su relaci\u00f3n con Epstein y la acusaci\u00f3n de Giufree, con la que aparec\u00eda en una fotograf\u00eda cuando ella a\u00fan era menor de edad. El que era hijo favorito de Isabel II dio una entrevista con la intenci\u00f3n de lavar su imagen y el fracaso fue estrepitoso. Emily Maitlis, la periodista de la BBC que ten\u00eda enfrente, no le hizo preguntas c\u00f3modas y \u00e9l se mostr\u00f3 soberbio y poco convincente. Ese fue el principio del fin que precipit\u00f3 su salida de la vida p\u00fablica. \u00a0<\/p>\n<p id=\"evrzdXPaw-\" data-wc=\"132\">En el a\u00f1o 2021 Giufree <a class=\"hm-link ho-link\" href=\"https:\/\/www.hola.com\/realeza\/casa_inglesa\/20210810194372\/principe-andres-demanda\/\" data-mrf-recirculation=\"article-body-link\" rel=\"nofollow noopener\" target=\"_blank\">present\u00f3 una demanda contra el pr\u00edncipe Andr\u00e9s en Estados Unidos<\/a> y finalmente, a punto de celebrarse en Jubileo de Platino de Isabel II, se lleg\u00f3 a un acuerdo extrajudicial gracias a una suma millonaria que nunca se hizo del todo p\u00fablica, pero que se obtuvo, seg\u00fan trascendi\u00f3 entonces, gracias a la colaboraci\u00f3n econ\u00f3mica de la soberana con sus fondos privados. As\u00ed es como el duque de York crey\u00f3 haber zanjado un asunto que le llev\u00f3 al ostracismo p\u00fablico. Sin embargo, como el Guadiana, el caso Epstein no ha dejado de aparecer y hacer mella en la imagen p\u00fablica de Andr\u00e9s, hasta que la \u00fanica salida que le qued\u00f3 ha sido dejar de utilizar lo m\u00e1s preciado que tiene el hijo de una Reina: sus t\u00edtulos y honores.<\/p>\n","protected":false},"excerpt":{"rendered":"A trav\u00e9s de un comunicado difundido por el palacio de Buckingham, el pr\u00edncipe Andr\u00e9s ha renunciado a\u00a0la utilizaci\u00f3n&hellip;\n","protected":false},"author":2,"featured_media":184403,"comment_status":"","ping_status":"","sticky":false,"template":"","format":"standard","meta":{"footnotes":""},"categories":[174],"tags":[255,146,147,25,24,256,52087,1027,6856,23],"class_list":{"0":"post-184402","1":"post","2":"type-post","3":"status-publish","4":"format-standard","5":"has-post-thumbnail","7":"category-famosos","8":"tag-celebrities","9":"tag-entertainment","10":"tag-entretenimiento","11":"tag-es","12":"tag-espana","13":"tag-famosos","14":"tag-principe-andres","15":"tag-realeza","16":"tag-realeza-inglesa","17":"tag-spain"},"share_on_mastodon":{"url":"","error":""},"_links":{"self":[{"href":"https:\/\/www.europesays.com\/es\/wp-json\/wp\/v2\/posts\/184402","targetHints":{"allow":["GET"]}}],"collection":[{"href":"https:\/\/www.europesays.com\/es\/wp-json\/wp\/v2\/posts"}],"about":[{"href":"https:\/\/www.europesays.com\/es\/wp-json\/wp\/v2\/types\/post"}],"author":[{"embeddable":true,"href":"https:\/\/www.europesays.com\/es\/wp-json\/wp\/v2\/users\/2"}],"replies":[{"embeddable":true,"href":"https:\/\/www.europesays.com\/es\/wp-json\/wp\/v2\/comments?post=184402"}],"version-history":[{"count":0,"href":"https:\/\/www.europesays.com\/es\/wp-json\/wp\/v2\/posts\/184402\/revisions"}],"wp:featuredmedia":[{"embeddable":true,"href":"https:\/\/www.europesays.com\/es\/wp-json\/wp\/v2\/media\/184403"}],"wp:attachment":[{"href":"https:\/\/www.europesays.com\/es\/wp-json\/wp\/v2\/media?parent=184402"}],"wp:term":[{"taxonomy":"category","embeddable":true,"href":"https:\/\/www.europesays.com\/es\/wp-json\/wp\/v2\/categories?post=184402"},{"taxonomy":"post_tag","embeddable":true,"href":"https:\/\/www.europesays.com\/es\/wp-json\/wp\/v2\/tags?post=184402"}],"curies":[{"name":"wp","href":"https:\/\/api.w.org\/{rel}","templated":true}]}}