{"id":184404,"date":"2025-10-18T06:03:09","date_gmt":"2025-10-18T06:03:09","guid":{"rendered":"https:\/\/www.europesays.com\/es\/184404\/"},"modified":"2025-10-18T06:03:09","modified_gmt":"2025-10-18T06:03:09","slug":"llevamos-un-mes-entero-sin-profesor-y-sin-sustituto","status":"publish","type":"post","link":"https:\/\/www.europesays.com\/es\/184404\/","title":{"rendered":"Llevamos un mes entero sin profesor y sin sustituto"},"content":{"rendered":"<p class=\"ft-text\">\u00abVamos danzando de un lado a otro\u00bb, dice Daniela Murillo. Es alumna del grado de Escultura Aplicada al Espect\u00e1culo en la <a class=\"ft-link ft-link--decoration\" href=\"https:\/\/www.elperiodicodearagon.com\/tags\/escuela-de-artes\/\" target=\"_blank\" rel=\"nofollow noopener\"><strong>Escuela de Arte de Zaragoza<\/strong><\/a>, y habla de lo que a ella y a sus 11 compa\u00f1eros de la clase de Materiales les toca hacer cuando llega esta materia. \u00bfEl motivo? La falta de docentes. \u00abLlevamos<strong> un mes entero sin profesor y sin sustituto<\/strong>\u00ab, dice la joven, que es la delegada del primer curso.<\/p>\n<p class=\"ft-text\">Daniela explica que ya a principios de curso, al ver que la plaza no se cubr\u00eda, los estudiantes preguntaron a la Escuela de <a class=\"ft-link ft-link--decoration\" href=\"https:\/\/www.elperiodicodearagon.com\/tags\/arte\/\" rel=\"nofollow noopener\" target=\"_blank\">Arte<\/a> qu\u00e9 pasaba. \u00abNos dijeron que saldr\u00edan plazas y<strong> que pronto habr\u00eda un sustituto\u00bb<\/strong>, recuerda. Pero este no llegaba y ellos insistieron. Fue entonces cuando les indicaron que el problema estaba en que esas vacantes no se han ofertado todav\u00eda y, por lo tanto, nadie pod\u00eda aspirar a ellas y completarlas.<\/p>\n<p class=\"ft-text\">Es precisamente esta la denuncia que hacen desde la Federaci\u00f3n de Ense\u00f1anza de CCOO y que <a class=\"ft-link ft-link--decoration\" href=\"https:\/\/www.elperiodicodearagon.com\/aragon\/2025\/09\/18\/sindicatos-denuncian-hay-plazas-profesores-121710327.html\" target=\"_blank\" rel=\"nofollow noopener\">ya realizaron desde CGT Arag\u00f3n a finales de septiembre.<\/a> Desde los sindicatos explican que, a la falta de profesorado que sufre la comunidad, as\u00ed como tambi\u00e9n otros territorios, se suma un mal funcionamiento del Servicio Provincial de <a class=\"ft-link ft-link--decoration\" href=\"https:\/\/www.elperiodicodearagon.com\/tags\/zaragoza\/\" rel=\"nofollow noopener\" target=\"_blank\">Zaragoza<\/a>, tambi\u00e9n por d\u00e9ficit de personal. As\u00ed, las plazas tardan tiempo en ofertarse y cuesta m\u00e1s que se cubran.<\/p>\n<p class=\"ft-text\">Y la consecuencia de este d\u00e9ficit ha calado en la Escuela de Arte zaragozana. \u00abLas horas a las que tendr\u00edamos la asignatura de Materiales, que son dos a la semana, <strong>no vamos<\/strong>\u00ab, indica Daniela. Pero la situaci\u00f3n les preocupa. Sobre todo porque <strong>Materiales es \u00abmuy importante\u00bb<\/strong>, dice, y desarrolla: \u00abEl resto de asignaturas dependen de esta, y nos afecta a nosotros y tambi\u00e9n a los de 2\u00ba a\u00f1o del mismo grado, que tambi\u00e9n la tienen\u00bb.<\/p>\n<p class=\"ft-text\">Lo confirma B\u00e1rbara, que estudia 2\u00ba (y \u00faltimo) curso de Escultura Aplicada al Espect\u00e1culo. \u00abSe nos puso un profesor que vino a la presentaci\u00f3n y tuvo que coger una baja por enfermedad\u00bb, cuenta. Y desde entonces no tienen docente para una materia, Materiales, que es \u00abfundamental para entender todo\u00bb. \u00abEste curso nos enfrentamos a las pr\u00e1cticas y al Trabajo de Fin de Grado (TFG), y nos insisten mucho en que para poder hacerlo tenemos que tener aprobadas todas las asignaturas. Si no,<strong> no nos dar\u00edan el t\u00edtulo y tendr\u00edamos que repetir<\/strong>\u00ab, comparte preocupada.<\/p>\n<p class=\"ft-text\">En clase son 13 alumnos y la asignatura es, como en 1\u00ba, de dos horas semanales. Mientras algunos dedican ese tiempo a avanzar otras materias en la sala de estudio, otros se marchan a casa. \u00abLo que nos han dicho desde la escuela es que <strong>intentemos quejarnos de alguna forma<\/strong>, mandar una carta al <a class=\"ft-link ft-link--decoration\" href=\"https:\/\/www.elperiodicodearagon.com\/zaragoza\/2025\/03\/10\/cgt-estudia-acciones-legales-falta-115144856.html\" target=\"_blank\" rel=\"nofollow noopener\">Servicio Provincial<\/a>\u00ab, indica. E insiste: \u00abEs que llevamos ya un mes sin profesor\u00bb.<\/p>\n<p class=\"ft-text\">Pero el grado de Escultura Aplicada al Espect\u00e1culo no es el \u00fanico de la Escuela de Arte en el que falta profesorado. Noa Fern\u00e1ndez, que estudia Proyecto y Direcci\u00f3n de Obras de Decoraci\u00f3n (Dise\u00f1o de Interiores), lleva un mes sin docente de Matem\u00e1ticas. \u00ab<strong>No tenemos a nadie y no hemos hecho nada de temario<\/strong>\u00ab, critica.<\/p>\n<p class=\"ft-text\">En clase son 15 alumnos, que han hablado con los profesores de otras asignaturas para <strong>reajustar horarios<\/strong> y poder mover las dos horas semanales de Matem\u00e1ticas. Pero la sensaci\u00f3n es de incertidumbre, sobre todo porque se trata de una materia \u00abbase para otras\u00bb. \u00abEl temario de ah\u00ed nos ayuda, por ejemplo, a Dibujo T\u00e9cnico\u00bb, ejemplifica. La joven espera que la plaza ahora vacante se cubra, aunque apunta que para entonces ya tendr\u00e1n \u00ablo de todo un mes acumulado\u00bb.<\/p>\n<p class=\"ft-text\">Y algo del estilo le ha pasado a Ismael, que estudia 2\u00ba del grado superior de C\u00f3mic y que no tiene docente <strong>en la asignatura de Guion<\/strong>. El alumno cuenta que el profesor acudi\u00f3 el primer d\u00eda a clase pero se tuvo que coger la baja porque ha sido padre. \u00abEstamos en 2\u00ba y tenemos solo dos trimestres de clase. Luego ya es el TFG. El primer trimestre acabar\u00e1 r\u00e1pido y en el segundo tendremos que <strong>dar todo de golpe <\/strong>para llegar a tiempo\u00bb, denuncia el joven, que recuerda que es un curso que han pagado y en el que est\u00e1n \u00abpara aprender\u00bb.<\/p>\n<p class=\"ft-text\">Las buenas noticias son que, seg\u00fan les han indicado desde la escuela, llegar\u00e1 un sustituto el pr\u00f3ximo lunes. Pero, apunta Ismael, ser\u00e1 por poco tiempo: \u00abNos dar\u00e1 cuatro clases y luego <strong>tendr\u00e1 que irse porque volver\u00e1 el otro<\/strong>\u00ab. Con todo, celebra que la plaza se cubra, pues la asignatura son cuatro horas semanales y est\u00e1n entre 8 y 9 alumnos en clase.<\/p>\n<p class=\"ft-text\">Desde el Departamento de <a class=\"ft-link ft-link--decoration\" href=\"https:\/\/www.elperiodicodearagon.com\/tags\/educacion\/\" rel=\"nofollow noopener\" target=\"_blank\">Educaci\u00f3n<\/a> del <a class=\"ft-link ft-link--decoration\" href=\"https:\/\/www.elperiodicodearagon.com\/tags\/gobierno-de-aragon\/\" rel=\"nofollow noopener\" target=\"_blank\">Gobierno de Arag\u00f3n<\/a> indican que, aunque hace alg\u00fan tiempo faltaban seis profesores en la Escuela de Arte de Zaragoza, ahora solo les consta que haya una plaza de docente sin cubrir. Esta se corresponde a la asignatura de Materias y Tecnolog\u00eda, y va a salir ofertada este pr\u00f3ximo lunes con la esperanza de que se complete.<strong> <\/strong>Seg\u00fan indican, el tr\u00e1mite de publicarla se ha demorado en el tiempo debido a que el profesor que se incorporo a la misma se dio de baja a principio de curso.<\/p>\n<p class=\"ft-text\">Asimismo, ante la cr\u00edtica de la Federaci\u00f3n de Ense\u00f1anza de CCOO Arag\u00f3n de que esta situaci\u00f3n de no-oferta de vacantes tambi\u00e9n se ha dado en otros centros como el EOEIP de La Almunia de Do\u00f1a Godina o el IES Luis Bu\u00f1uel, el Departamento de Educaci\u00f3n ha indicado que algunas de las vacantes denunciadas por no haberse ofertado no se han autorizado a\u00fan, y desde la consejer\u00eda que dirige Tomasa Hern\u00e1ndez<strong> est\u00e1n estudi\u00e1ndolas<\/strong> con el correspondiente informe de inspecci\u00f3n, un proceso que, han recordado, \u00ablleva su tiempo\u00bb.<\/p>\n","protected":false},"excerpt":{"rendered":"\u00abVamos danzando de un lado a otro\u00bb, dice Daniela Murillo. Es alumna del grado de Escultura Aplicada al&hellip;\n","protected":false},"author":2,"featured_media":184405,"comment_status":"","ping_status":"","sticky":false,"template":"","format":"standard","meta":{"footnotes":""},"categories":[173],"tags":[447,4499,229,233,231,230,232,234,25251,2026,52088,29386,146,147,25,9076,28657,24,1998,2029,23],"class_list":{"0":"post-184404","1":"post","2":"type-post","3":"status-publish","4":"format-standard","5":"has-post-thumbnail","7":"category-arte-y-diseno","8":"tag-alumnos","9":"tag-aragon","10":"tag-arte","11":"tag-arte-y-diseno","12":"tag-arts","13":"tag-arts-and-design","14":"tag-design","15":"tag-diseno","16":"tag-docentes","17":"tag-educacion","18":"tag-enquista","19":"tag-ensenanza","20":"tag-entertainment","21":"tag-entretenimiento","22":"tag-es","23":"tag-escuela","24":"tag-escuela-de-artes","25":"tag-espana","26":"tag-falta","27":"tag-profesores","28":"tag-spain"},"share_on_mastodon":{"url":"","error":""},"_links":{"self":[{"href":"https:\/\/www.europesays.com\/es\/wp-json\/wp\/v2\/posts\/184404","targetHints":{"allow":["GET"]}}],"collection":[{"href":"https:\/\/www.europesays.com\/es\/wp-json\/wp\/v2\/posts"}],"about":[{"href":"https:\/\/www.europesays.com\/es\/wp-json\/wp\/v2\/types\/post"}],"author":[{"embeddable":true,"href":"https:\/\/www.europesays.com\/es\/wp-json\/wp\/v2\/users\/2"}],"replies":[{"embeddable":true,"href":"https:\/\/www.europesays.com\/es\/wp-json\/wp\/v2\/comments?post=184404"}],"version-history":[{"count":0,"href":"https:\/\/www.europesays.com\/es\/wp-json\/wp\/v2\/posts\/184404\/revisions"}],"wp:featuredmedia":[{"embeddable":true,"href":"https:\/\/www.europesays.com\/es\/wp-json\/wp\/v2\/media\/184405"}],"wp:attachment":[{"href":"https:\/\/www.europesays.com\/es\/wp-json\/wp\/v2\/media?parent=184404"}],"wp:term":[{"taxonomy":"category","embeddable":true,"href":"https:\/\/www.europesays.com\/es\/wp-json\/wp\/v2\/categories?post=184404"},{"taxonomy":"post_tag","embeddable":true,"href":"https:\/\/www.europesays.com\/es\/wp-json\/wp\/v2\/tags?post=184404"}],"curies":[{"name":"wp","href":"https:\/\/api.w.org\/{rel}","templated":true}]}}