{"id":184422,"date":"2025-10-18T06:22:09","date_gmt":"2025-10-18T06:22:09","guid":{"rendered":"https:\/\/www.europesays.com\/es\/184422\/"},"modified":"2025-10-18T06:22:09","modified_gmt":"2025-10-18T06:22:09","slug":"verstappen-avisa-a-los-mclaren","status":"publish","type":"post","link":"https:\/\/www.europesays.com\/es\/184422\/","title":{"rendered":"Verstappen avisa a los McLaren"},"content":{"rendered":"<p data-mrf-recirculation=\"Links P\u00e1rrafos\" class=\"ue-c-article__paragraph paragraph ue-c-article--first-letter-highlighted\">Un <strong>sprint <\/strong>no da muchos puntos (8) para todo un Mundial de F\u00f3rmula 1, pero <strong>Max Verstappen <\/strong>sabe que cada &#8216;golpecito&#8217; en la mesa<strong> de los McLaren sirve para minar la moral de Lando Norris y Oscar Piastri.<\/strong> El neerland\u00e9s mantiene su perfil bajo, dice que solo va a divertirse y no quiere entrar en c\u00f3mo los de Woking siguen con sus idas, venidas y l\u00edos con esas reglas papaya.<strong> \u00abNi s\u00e9 ni me importa si benefician a alguien\u00bb, dijo en la rueda de prensa previa<\/strong> al Gran Premio de los Estados Unidos. Pone atenci\u00f3n a lo de la pista, y ah\u00ed saldr\u00e1 en la pole de la cita corta de Austin.<\/p>\n<p><img decoding=\"async\" width=\"3000\" height=\"1688\" class=\"ue-c-article__image lazyload\" alt=\"Parrilla de salida para la carrera Sprint del GP de los Estados Unidos.\" loading=\"lazy\" src=\"https:\/\/www.europesays.com\/es\/wp-content\/uploads\/2025\/10\/68f2ca53abe62.jpeg\"\/><\/p>\n<p>Parrilla de salida para la carrera Sprint del GP de los Estados Unidos.@F1<\/p>\n<p data-mrf-recirculation=\"Links P\u00e1rrafos\" class=\"ue-c-article__paragraph paragraph\">Max es un especialista consumado en s\u00e1bado, pero utilizar\u00e1 el de Texas para seguir construyendo su remontada. Hasta adelanta que necesita l\u00edos. \u00ab<strong>Ser\u00e1 una carrera dif\u00edcil, pero es lo que queremos\u00bb, explic\u00f3 justo al bajarse del Red Bull.<\/strong> Se encontrar\u00e1 con la ampl\u00edsima primera curva del circuito con los dos McLaren y los dos que le superan en el campeonato.<\/p>\n<blockquote class=\"ue-c-article__blockquote\">\n<p>Ser\u00e1 una carrera dif\u00edcil, pero es lo que queremos<\/p>\n<p>\u00a0Max Verstappen<\/p><\/blockquote>\n<p data-mrf-recirculation=\"Links P\u00e1rrafos\" class=\"ue-c-article__paragraph paragraph\">Es una buena advertencia para los McLaren. Que son los favoritos a todo, s\u00ed. Que muestran buena cara en Estados Unidos, tambi\u00e9n. Pero que saben que Max es m\u00e1s que una molestia.<strong> \u00abNo es una sorpresa que seamos m\u00e1s lentos\u00bb, explic\u00f3 Norris. <\/strong>El brit\u00e1nico, que fue el que confes\u00f3 que hab\u00eda consecuencias a su toque con <strong>Piastri <\/strong>de <strong>Singapur<\/strong>, bati\u00f3 a su compa\u00f1ero, aunque no est\u00e1 c\u00f3modo. \u00abHay cosas aqu\u00ed y all\u00ed que deber\u00edamos mejorar. Adem\u00e1s, pas\u00e9 por alg\u00fan bache. No estoy c\u00f3modo en el primer sector\u00bb, puntualiz\u00f3.<\/p>\n<p data-mrf-recirculation=\"Links P\u00e1rrafos\" class=\"ue-c-article__paragraph paragraph\">Tendr\u00e1n que atacar a Verstappen o decidir\u00e1n el mal menor de perder alg\u00fan punto, cosa que parece l\u00f3gica pues el neerland\u00e9s sigue a 63 en la clasificaci\u00f3n. Eso s\u00ed, parece que sigue enfocado en la remontada total y absoluta. \u00ab<strong>Veo en sus ojos lo que ve\u00eda en los de Vettel hace 11 a\u00f1os\u00bb, avanz\u00f3 Jenson Button<\/strong>, uno de los que vivi\u00f3 ese cambio de ritmo del alem\u00e1n. Lo de <strong>Max <\/strong>ser\u00eda m\u00e1s serio si cabe. Pero las cosas le van saliendo.<\/p>\n<p><img decoding=\"async\" width=\"1920\" height=\"1080\" class=\"ue-c-article__image lazyload\" alt=\"Max, en primera plaza para la Sprint de Austin.\" loading=\"lazy\" src=\"https:\/\/www.europesays.com\/es\/wp-content\/uploads\/2025\/10\/1760768529_37_68f2c29762e8d.jpeg\"\/><\/p>\n<p>Max, en primera plaza para la Sprint de Austin.F1.com<\/p>\n<blockquote class=\"ue-c-article__blockquote\">\n<p>Veo en sus ojos lo que ve\u00eda en los de Vettel hace 11 a\u00f1os<\/p>\n<p>Jenson Button<\/p><\/blockquote>\n<p data-mrf-recirculation=\"Links P\u00e1rrafos\" class=\"ue-c-article__paragraph paragraph\">De momento, las de clavar las vueltas y tener ventaja. \u00abLo importante era poder juntar todo en el momento clave\u00bb, reconoci\u00f3.<strong> Una perogrullada en la F1, pero vital pues entendi\u00f3 como la p\u00e9rdida del segundo sector no le iba a impedir lanzarse <\/strong>con todo al final para quitar del primer puesto a los papaya. Que siguen temblando. Y est\u00e1n m\u00e1s que avisados.<\/p>\n","protected":false},"excerpt":{"rendered":"Un sprint no da muchos puntos (8) para todo un Mundial de F\u00f3rmula 1, pero Max Verstappen sabe&hellip;\n","protected":false},"author":2,"featured_media":184423,"comment_status":"","ping_status":"","sticky":false,"template":"","format":"standard","meta":{"footnotes":""},"categories":[270],"tags":[168,25,24,306,271,272,23,167],"class_list":{"0":"post-184422","1":"post","2":"type-post","3":"status-publish","4":"format-standard","5":"has-post-thumbnail","7":"category-formula-1","8":"tag-deportes","9":"tag-es","10":"tag-espana","11":"tag-f1","12":"tag-formula-1","13":"tag-formula1","14":"tag-spain","15":"tag-sports"},"share_on_mastodon":{"url":"","error":""},"_links":{"self":[{"href":"https:\/\/www.europesays.com\/es\/wp-json\/wp\/v2\/posts\/184422","targetHints":{"allow":["GET"]}}],"collection":[{"href":"https:\/\/www.europesays.com\/es\/wp-json\/wp\/v2\/posts"}],"about":[{"href":"https:\/\/www.europesays.com\/es\/wp-json\/wp\/v2\/types\/post"}],"author":[{"embeddable":true,"href":"https:\/\/www.europesays.com\/es\/wp-json\/wp\/v2\/users\/2"}],"replies":[{"embeddable":true,"href":"https:\/\/www.europesays.com\/es\/wp-json\/wp\/v2\/comments?post=184422"}],"version-history":[{"count":0,"href":"https:\/\/www.europesays.com\/es\/wp-json\/wp\/v2\/posts\/184422\/revisions"}],"wp:featuredmedia":[{"embeddable":true,"href":"https:\/\/www.europesays.com\/es\/wp-json\/wp\/v2\/media\/184423"}],"wp:attachment":[{"href":"https:\/\/www.europesays.com\/es\/wp-json\/wp\/v2\/media?parent=184422"}],"wp:term":[{"taxonomy":"category","embeddable":true,"href":"https:\/\/www.europesays.com\/es\/wp-json\/wp\/v2\/categories?post=184422"},{"taxonomy":"post_tag","embeddable":true,"href":"https:\/\/www.europesays.com\/es\/wp-json\/wp\/v2\/tags?post=184422"}],"curies":[{"name":"wp","href":"https:\/\/api.w.org\/{rel}","templated":true}]}}