{"id":184430,"date":"2025-10-18T06:26:12","date_gmt":"2025-10-18T06:26:12","guid":{"rendered":"https:\/\/www.europesays.com\/es\/184430\/"},"modified":"2025-10-18T06:26:12","modified_gmt":"2025-10-18T06:26:12","slug":"los-arquitectos-premian-dos-proyectos-del-estudio-fernandez-abascal-muruzabal","status":"publish","type":"post","link":"https:\/\/www.europesays.com\/es\/184430\/","title":{"rendered":"Los arquitectos premian dos proyectos del estudio Fern\u00e1ndez-Abascal &#038; Muruz\u00e1bal"},"content":{"rendered":"<p>Los veteranos arquitectos Eduardo Fern\u00e1ndez-Abascal y Floren Muruz\u00e1bal, con una profusa y reconocida trayectoria, han sido distinguidos por el Colegio Oficial de Arquitectos de  &#8230; Cantabria, COACan, con el premio en la modalidad Obra Nueva Residencial de la XXI edici\u00f3n del Concurso Ortega Alloza. El jurado ha decidido otorgar de forma conjunta el reconocimiento a dos proyectos residenciales desarrollados por este mismo estudio: &#8216;Casa de madera en Ongayo&#8217; y &#8216;Casa en Puente Av\u00edos&#8217;, destacando \u00abuna l\u00ednea de trabajo coherente y rigurosa en el \u00e1mbito de la vivienda contempor\u00e1nea en Cantabria\u00bb. <\/p>\n<p class=\"v-p\">En el primer caso el jurado valor\u00f3 el modo en que se reinterpreta la idea de caba\u00f1a \u00abdesde una perspectiva m\u00e1s abstracta y universal, proponiendo un volumen compacto y oscuro que completa con un porche-p\u00e9rgola\u00bb. Construida con materiales y t\u00e9cnicas tradicionales, \u00abla casa es una presencia sobria y silenciosa que remite y evoca la caba\u00f1a del imaginario colectivo c\u00e1ntabro sin reproducirla formalmente y proyect\u00e1ndola hacia el futuro\u00bb. <\/p>\n<p class=\"v-p\">En lo que se refiere a la vivienda en Puente Av\u00edos destaca que se trata de una arquitectura que, sin ser estrictamente vern\u00e1cula, \u00abdialoga con lo local desde una est\u00e9tica contenida pero refinada, cuya riqueza se percibe plenamente solo en la experiencia cercana\u00bb. En este caso, la vivienda aborda la integraci\u00f3n en el entorno \u00abmediante la fragmentaci\u00f3n del programa en varias piezas que se relacionan entre s\u00ed formando un peque\u00f1o conjunto de escala controlada\u00bb.<\/p>\n<p><img decoding=\"async\" loading=\"lazy\" src=\"https:\/\/www.europesays.com\/es\/wp-content\/uploads\/2025\/10\/arquitectosuno-kKEB--650x455@Diario Montanes.jpg\" class=\"v-a-img\" width=\"650\" height=\"455\" alt=\"'Casa de madera en Ongayo'. El jurado valora el modo en que el estudio reinterpreta la idea de caba\u00f1a desde una perspectiva m\u00e1s abstracta y universal, proponiendo un volumen compacto y oscuro.\" data-voc-vtm-id=\"in-text-traffic\"\/><\/p>\n<p>&#8216;Casa de madera en Ongayo&#8217;. El jurado valora el modo en que el estudio reinterpreta la idea de caba\u00f1a desde una perspectiva m\u00e1s abstracta y universal, proponiendo un volumen compacto y oscuro.<\/p>\n<p>Coacan<\/p>\n<p><img loading=\"lazy\" decoding=\"async\" src=\"https:\/\/www.europesays.com\/es\/wp-content\/uploads\/2025\/10\/arquitectosuno-kKEB--1920x1344@Diario Montanes.jpg\" class=\"v-mdl__img-z\" width=\"1920\" height=\"1344\" alt=\"\"\/><\/p>\n<p><img decoding=\"async\" loading=\"lazy\" src=\"https:\/\/www.europesays.com\/es\/wp-content\/uploads\/2025\/10\/arquitectosdos-kKEB--650x455@Diario Montanes.jpg\" class=\"v-a-img\" width=\"650\" height=\"455\" alt=\"'Casa en Puente Av\u00edos'. Una arquitectura que, \u00absin ser estrictamente vern\u00e1cula, dialoga con lo local desde una est\u00e9tica contenida pero refinada, cuya riqueza se percibe plenamente solo en la experiencia cercana\u00bb.\" data-voc-vtm-id=\"in-text-traffic\"\/><\/p>\n<p>&#8216;Casa en Puente Av\u00edos&#8217;. Una arquitectura que, \u00absin ser estrictamente vern\u00e1cula, dialoga con lo local desde una est\u00e9tica contenida pero refinada, cuya riqueza se percibe plenamente solo en la experiencia cercana\u00bb.<\/p>\n<p>Coacan<\/p>\n<p><img loading=\"lazy\" decoding=\"async\" src=\"https:\/\/www.europesays.com\/es\/wp-content\/uploads\/2025\/10\/arquitectosdos-kKEB--1920x1344@Diario Montanes.jpg\" class=\"v-mdl__img-z\" width=\"1920\" height=\"1344\" alt=\"\"\/><\/p>\n<p class=\"v-p\">Los Premios se crearon en 1984 en memoria de Antonio Ortega Ferr\u00e1ndez y Julio Gonz\u00e1lez Alloza, decano y vocal de la Junta de Gobierno en 1983, fallecidos en accidente a\u00e9reo cuando regresaban de Madrid de la Asamblea General del Consejo Superior de Colegios de Arquitectos. Se convocan cada dos a\u00f1os para resaltar las actuaciones arquitect\u00f3nicas realizadas en Cantabria que merecen ser destacadas. El jurado ha destacado la alta calidad de las 23 propuestas. <\/p>\n<p class=\"v-p\">El estudio Fern\u00e1ndez-Abascal &amp; Muruz\u00e1bal surgi\u00f3 en 1981 tiene su sede en Mijares y trabaja en proyectos de distinta escala, \u00abtanto p\u00fablicos como privados, con un marcado inter\u00e9s en la rehabilitaci\u00f3n, la historia, arquitect\u00f3nica local, los materiales pr\u00f3ximos y la construcci\u00f3n de calidad\u00bb. Suyo es el proyecto de rehabilitaci\u00f3n de las Naves de Gamazo o el de la nueva terraza del Palacio de Festivales. Tambi\u00e9n participaron en la reforma del Seminario Mayor de Comillas que recibi\u00f3 el Premio del P\u00fablico en la pasada edici\u00f3n.<\/p>\n<p class=\"v-p\">En el apartado &#8216;Obra Nueva Residencial&#8217; se han concedido cuatro menciones especiales, una decisi\u00f3n que responde a \u00abla gran cantidad de propuestas presentadas en esta modalidad\u00bb, ya que, seg\u00fan explica el decano del Colegio Rom\u00e1n San Emeterio: \u00abEn este momento en Cantabria se est\u00e1n promoviendo muchas viviendas unifamiliares por particulares, con predominio de las segundas residencias\u00bb. Los proyectos distinguidos son: &#8216;Vivienda unifamiliar en Loredo&#8217;, de \u00d3scar P\u00e9rez Silanes y Carlos Pereda iglesias; &#8216;Vivienda unifamiliar en Loredo&#8217;, de Miguel Crespo Pico, Sixto Mar\u00edn Mart\u00ednez y Javier Guzm\u00e1n Benito, de Zooco Arquitectura; &#8216;Casa en Soto de la Marina&#8217; de Miguel Huelga de la Fuente e Iria de la Pe\u00f1a M\u00e9ndez, de Sukunfuku Studio SLP, o la chapa grecada de la fachada\u00bb, y &#8217;16 viviendas garajes y trasteros&#8217; en Santander, de Luis Fern\u00e1ndez del Arco, Marta Garc\u00eda Arce y Eva de la Fuente.<\/p>\n<p class=\"v-p\">El Centro C\u00edvico Juan de Santander recibe la \u00fanica menci\u00f3n especial otorgada dentro del cap\u00edtulo &#8216;Obra Nueva No residencial&#8217;. El jurado destacaba sobre este proyecto de Jos\u00e9 Luis Salcines, Tom\u00e1s Gruber y Luis Otero Rodr\u00edguez \u00abla dimensi\u00f3n urbana y hasta paisajista de un dise\u00f1o que logra un di\u00e1logo armonioso entre el volumen construido y los espacios ajardinados\u00bb. Finalmente, dentro del apartado &#8216;Rehabilitaci\u00f3n&#8217;, se concedieron dos menciones especiales: el proyecto ubicado en Suesa &#8216;Cubierta de patio como biblioteca&#8217;, firmado por Mois\u00e9s Castro; y &#8216;Local comercial-Cafeter\u00eda Atipique&#8217;, en Castelar de Santander, de Zooco Arquitectura. <\/p>\n","protected":false},"excerpt":{"rendered":"Los veteranos arquitectos Eduardo Fern\u00e1ndez-Abascal y Floren Muruz\u00e1bal, con una profusa y reconocida trayectoria, han sido distinguidos por&hellip;\n","protected":false},"author":2,"featured_media":184431,"comment_status":"","ping_status":"","sticky":false,"template":"","format":"standard","meta":{"footnotes":""},"categories":[173],"tags":[3739,229,233,231,230,232,234,1563,146,147,25,24,1292,52089,52090,27232,2239,23],"class_list":{"0":"post-184430","1":"post","2":"type-post","3":"status-publish","4":"format-standard","5":"has-post-thumbnail","7":"category-arte-y-diseno","8":"tag-arquitectos","9":"tag-arte","10":"tag-arte-y-diseno","11":"tag-arts","12":"tag-arts-and-design","13":"tag-design","14":"tag-diseno","15":"tag-dos","16":"tag-entertainment","17":"tag-entretenimiento","18":"tag-es","19":"tag-espana","20":"tag-estudio","21":"tag-fernandezabascal","22":"tag-muruzabal","23":"tag-premian","24":"tag-proyectos","25":"tag-spain"},"share_on_mastodon":{"url":"","error":""},"_links":{"self":[{"href":"https:\/\/www.europesays.com\/es\/wp-json\/wp\/v2\/posts\/184430","targetHints":{"allow":["GET"]}}],"collection":[{"href":"https:\/\/www.europesays.com\/es\/wp-json\/wp\/v2\/posts"}],"about":[{"href":"https:\/\/www.europesays.com\/es\/wp-json\/wp\/v2\/types\/post"}],"author":[{"embeddable":true,"href":"https:\/\/www.europesays.com\/es\/wp-json\/wp\/v2\/users\/2"}],"replies":[{"embeddable":true,"href":"https:\/\/www.europesays.com\/es\/wp-json\/wp\/v2\/comments?post=184430"}],"version-history":[{"count":0,"href":"https:\/\/www.europesays.com\/es\/wp-json\/wp\/v2\/posts\/184430\/revisions"}],"wp:featuredmedia":[{"embeddable":true,"href":"https:\/\/www.europesays.com\/es\/wp-json\/wp\/v2\/media\/184431"}],"wp:attachment":[{"href":"https:\/\/www.europesays.com\/es\/wp-json\/wp\/v2\/media?parent=184430"}],"wp:term":[{"taxonomy":"category","embeddable":true,"href":"https:\/\/www.europesays.com\/es\/wp-json\/wp\/v2\/categories?post=184430"},{"taxonomy":"post_tag","embeddable":true,"href":"https:\/\/www.europesays.com\/es\/wp-json\/wp\/v2\/tags?post=184430"}],"curies":[{"name":"wp","href":"https:\/\/api.w.org\/{rel}","templated":true}]}}