{"id":184446,"date":"2025-10-18T06:36:19","date_gmt":"2025-10-18T06:36:19","guid":{"rendered":"https:\/\/www.europesays.com\/es\/184446\/"},"modified":"2025-10-18T06:36:19","modified_gmt":"2025-10-18T06:36:19","slug":"informe-de-fides-aumentan-los-catolicos-en-el-mundo-pero-menos-vocaciones","status":"publish","type":"post","link":"https:\/\/www.europesays.com\/es\/184446\/","title":{"rendered":"Informe de Fides: Aumentan los cat\u00f3licos en el mundo, pero menos vocaciones"},"content":{"rendered":"<p>En un contexto de creciente n\u00famero de cat\u00f3licos en los cinco continentes, el n\u00famero de sacerdotes y monjas est\u00e1 disminuyendo a nivel mundial. As\u00ed lo indican los datos de un Informe elaborado por la agencia de prensa misionera con motivo de la Jornada Mundial de las Misiones, el domingo 19 de octubre.<\/p>\n<p><b>Vatican News<\/b><\/p>\n<p>El n\u00famero de cat\u00f3licos aumenta en los cinco continentes, incluida Europa, pero el de sacerdotes y monjas experimenta un descenso global. Estas son algunas de las conclusiones del Informe estad\u00edstico elaborado y publicado por Fides, las Obras Misionales Pontificias, con motivo de la Jornada Mundial de las Misiones, que se celebra el domingo 19 de octubre, bajo el lema \u00abMisioneros de la Esperanza entre los Pueblos\u00bb. Los datos proceden del \u00faltimo \u00abAnuario Estad\u00edstico de la Iglesia\u00bb, publicado en 2025, y abarcan toda la realidad de la Iglesia cat\u00f3lica en todo el mundo, incluyendo a sus miembros, las estructuras pastorales y las actividades en los \u00e1mbitos de la salud, el bienestar y la educaci\u00f3n.<\/p>\n<p><b>M\u00e1s cat\u00f3licos que en 2024<\/b> <\/p>\n<p>De una poblaci\u00f3n mundial de 7.900 millones de personas, el n\u00famero de cat\u00f3licos asciende a 1.400 millones, lo que supone un aumento general de 15.881.000 en comparaci\u00f3n con el a\u00f1o anterior. Este aumento de fieles revierte la tendencia registrada en la encuesta anterior, que mostraba una disminuci\u00f3n del n\u00famero de cat\u00f3licos en Europa. El crecimiento de cat\u00f3licos es evidente en \u00c1frica (+8,3 millones) y Am\u00e9rica (+5,6 millones), seguidas de Asia (+954.000), Europa (+740.000) y Ocean\u00eda (+210.000). El porcentaje de cat\u00f3licos en la poblaci\u00f3n mundial, ligeramente superior al del a\u00f1o anterior (+0,1%), es del 17,8%: una cifra que confirma en gran medida las estad\u00edsticas del a\u00f1o pasado.<\/p>\n<p><b>Disminuye el n\u00famero de sacerdotes y monjas, pero no en \u00c1frica ni Asia<\/b> <\/p>\n<p>Y mientras el n\u00famero de bautizados aumenta, el n\u00famero total de sacerdotes a nivel mundial est\u00e1 disminuyendo: 407.000 en total, una cifra que incluye un dr\u00e1stico descenso en Europa (-2.500), seguida de Am\u00e9rica (-800) y Ocean\u00eda (-44). Se observa un aumento significativo de sacerdotes en \u00c1frica (+1.451) y Asia (+1.145), los dos continentes que siguen siendo la reserva privilegiada de vocaciones sacerdotales para la misi\u00f3n de la Iglesia. Los religiosos y las religiosas tambi\u00e9n est\u00e1n experimentando un descenso: los primeros alcanzan un total de 48.000, perdiendo m\u00e1s de 600; las religiosas son 589.000, una disminuci\u00f3n significativa de 9.700, atribuible tambi\u00e9n principalmente a Europa, donde las estad\u00edsticas muestran 7.300 monjas menos, y Am\u00e9rica (-4.000). \u00c1frica se mantiene estable con un aumento de 1.800 monjas. A nivel mundial, hay aproximadamente 106.000 seminaristas mayores (diocesanos y religiosos), una p\u00e9rdida de 2.000 en comparaci\u00f3n con el a\u00f1o anterior. Por el contrario, se observa una ligera disminuci\u00f3n (-140) en el n\u00famero de seminaristas menores, que se mantiene estable en aproximadamente 95.000, con un ligero aumento en Asia y Am\u00e9rica (+27). En cuanto al clero, la cifra de di\u00e1conos permanentes se contrapone a la tendencia, continuando su aumento a nivel mundial (+1.234), superando los 51.000, principalmente gracias al aumento observado en Am\u00e9rica (+1.200) y Ocean\u00eda (+57).<\/p>\n<p><b>Pilares de la evangelizaci\u00f3n<\/b> <\/p>\n<p>El informe de la Agencia Fides destaca la labor de los misioneros laicos, que suman m\u00e1s de 440.000 en todo el mundo, y de los catequistas (un total de 2,8 millones a nivel mundial): personas que, especialmente en \u00abtierras de misi\u00f3n\u00bb o en el contexto de las iglesias j\u00f3venes, son aut\u00e9nticos pilares de la pastoral y la evangelizaci\u00f3n. Tambi\u00e9n confirma el amplio compromiso de la comunidad cat\u00f3lica con la educaci\u00f3n en todo el mundo, evidente tanto en los pa\u00edses m\u00e1s avanzados como en el Sur global, en naciones donde las actividades iniciales de evangelizaci\u00f3n suelen ir acompa\u00f1adas de iniciativas educativas. La Iglesia Cat\u00f3lica apoya m\u00e1s de 74.000 centros preescolares en todo el mundo, a los que asisten 7,6 millones de ni\u00f1os, y 102.000 escuelas primarias para 36 millones de estudiantes. Hay m\u00e1s de 20,7 millones de estudiantes en 52.000 escuelas secundarias y preparatorias, mientras que otros 7 millones de adolescentes y j\u00f3venes asisten a instituciones de educaci\u00f3n superior, colegios y universidades que forman parte de organizaciones o congregaciones cat\u00f3licas.<\/p>\n<p><b>Misioneros de Esperanza<\/b> <\/p>\n<p>Los hospitales y centros de asistencia social asociados a la Iglesia Cat\u00f3lica suman un total de 104.000 en los cinco continentes: m\u00e1s de 5.000 hospitales y aproximadamente 145.000 dispensarios, junto con 504 leproser\u00edas, contribuyen significativamente a la atenci\u00f3n de los enfermos, los pobres y los que sufren, priorizando a menudo a los m\u00e1s vulnerables y a quienes no pueden costear tratamientos costosos. Existen m\u00e1s de 15.000 residencias para ancianos, enfermos cr\u00f3nicos y discapacitados, 11.000 guarder\u00edas y otras 50.000 instalaciones repartidas por todo el mundo. Estas incluyen centros de escucha, albergues, centros de acogida para personas desplazadas y servicios sociales de todo tipo, donde voluntarios, sacerdotes, personas consagradas y laicos siguen siendo misioneros de la esperanza cada d\u00eda.<\/p>\n","protected":false},"excerpt":{"rendered":"En un contexto de creciente n\u00famero de cat\u00f3licos en los cinco continentes, el n\u00famero de sacerdotes y monjas&hellip;\n","protected":false},"author":2,"featured_media":184447,"comment_status":"","ping_status":"","sticky":false,"template":"","format":"standard","meta":{"footnotes":""},"categories":[42],"tags":[17,18,21155,13,14,11,401,61,62,63,64,19,20,2508,9,10,15,16,52091,16303,12,21,22,27087,65,66,67],"class_list":{"0":"post-184446","1":"post","2":"type-post","3":"status-publish","4":"format-standard","5":"has-post-thumbnail","7":"category-internacional","8":"tag-breaking-news","9":"tag-breakingnews","10":"tag-cristianos","11":"tag-featured-news","12":"tag-featurednews","13":"tag-headlines","14":"tag-iglesia-catolica","15":"tag-internacional","16":"tag-international","17":"tag-international-news","18":"tag-internationalnews","19":"tag-latest-news","20":"tag-latestnews","21":"tag-misioneros","22":"tag-news","23":"tag-noticias","24":"tag-noticias-destacadas","25":"tag-noticiasdestacadas","26":"tag-religiosos","27":"tag-sacerdotes","28":"tag-titulares","29":"tag-ultimas-noticias","30":"tag-ultimasnoticias","31":"tag-vocaciones","32":"tag-world","33":"tag-world-news","34":"tag-worldnews"},"share_on_mastodon":{"url":"","error":""},"_links":{"self":[{"href":"https:\/\/www.europesays.com\/es\/wp-json\/wp\/v2\/posts\/184446","targetHints":{"allow":["GET"]}}],"collection":[{"href":"https:\/\/www.europesays.com\/es\/wp-json\/wp\/v2\/posts"}],"about":[{"href":"https:\/\/www.europesays.com\/es\/wp-json\/wp\/v2\/types\/post"}],"author":[{"embeddable":true,"href":"https:\/\/www.europesays.com\/es\/wp-json\/wp\/v2\/users\/2"}],"replies":[{"embeddable":true,"href":"https:\/\/www.europesays.com\/es\/wp-json\/wp\/v2\/comments?post=184446"}],"version-history":[{"count":0,"href":"https:\/\/www.europesays.com\/es\/wp-json\/wp\/v2\/posts\/184446\/revisions"}],"wp:featuredmedia":[{"embeddable":true,"href":"https:\/\/www.europesays.com\/es\/wp-json\/wp\/v2\/media\/184447"}],"wp:attachment":[{"href":"https:\/\/www.europesays.com\/es\/wp-json\/wp\/v2\/media?parent=184446"}],"wp:term":[{"taxonomy":"category","embeddable":true,"href":"https:\/\/www.europesays.com\/es\/wp-json\/wp\/v2\/categories?post=184446"},{"taxonomy":"post_tag","embeddable":true,"href":"https:\/\/www.europesays.com\/es\/wp-json\/wp\/v2\/tags?post=184446"}],"curies":[{"name":"wp","href":"https:\/\/api.w.org\/{rel}","templated":true}]}}