{"id":184448,"date":"2025-10-18T06:37:09","date_gmt":"2025-10-18T06:37:09","guid":{"rendered":"https:\/\/www.europesays.com\/es\/184448\/"},"modified":"2025-10-18T06:37:09","modified_gmt":"2025-10-18T06:37:09","slug":"los-mossos-creen-que-una-caida-natural-no-hubiese-provocado-la-muerte-del-dueno-de-mango","status":"publish","type":"post","link":"https:\/\/www.europesays.com\/es\/184448\/","title":{"rendered":"Los Mossos creen que una \u00abca\u00edda natural\u00bb no hubiese provocado la muerte del due\u00f1o de Mango"},"content":{"rendered":"<p style=\"\">Aunque los <strong>Mossos d&#8217;Esquadra<\/strong> no tienen ninguna prueba concluyente para demostrar que la muerte del <strong>fundador de Mango<\/strong>, <strong>Isak Andic<\/strong>, se trat\u00f3 de un homicidio, s\u00ed cuentan con <a href=\"https:\/\/www.abc.es\/espana\/cataluna\/incongruencias-segunda-declaracion-confirmaron-sospechas-mossos-sobre-20251017103224-nt.html\" target=\"_self\" data-voc-vtm-id=\"in-text-traffic\" title=\"indicios s\u00f3lidos\" data-mrf-link=\"www.abc.es\" rel=\"nofollow noopener\">indicios s\u00f3lidos<\/a> que les llevan a descartar una ca\u00edda fortuita. Entre ellos,  &#8230; seg\u00fan precisan a ABC fuentes de la m\u00e1xima solvencia, que una \u00ab<strong>ca\u00edda natural no hubiese provocado la muerte de la v\u00edctima<\/strong>\u00bb. Seg\u00fan ha podido saber este diario, las pruebas realizadas por la Polic\u00eda catalana sobre el terreno, utilizando fardos del mismo peso y altura que el empresario, demuestran que era necesaria cierta \u00abinercia\u00bb para que se produjera el fatal desenlace. <\/p>\n<p class=\"voc-p\" style=\"\">El <strong>fundador de Mango<\/strong> falleci\u00f3 el <a href=\"https:\/\/www.abc.es\/economia\/muere-fundador-mango-isak-andic-anos-20241214164424-nt.html\" target=\"_self\" data-voc-vtm-id=\"in-text-traffic\" title=\"14 de diciembre de 2024\" data-mrf-link=\"www.abc.es\" rel=\"nofollow noopener\">14 de diciembre de 2024<\/a>, tras precipitarse desde unos 100 metros de altura en las Cuevas de Salnitre de Collbat\u00f3, en el macizo de Montserrat, cuando se encontraba de excursi\u00f3n junto a su primog\u00e9nito, Jonathan. Juntos recorrieron un sendero de unos cinco kil\u00f3metros y, en la ruta de vuelta, Isak Andic cay\u00f3 al vac\u00edo en una zona sin vallar. Por eso, <strong>otra de las claves de las pesquisas es el tiempo que su hijo tard\u00f3 en alertar a Emergencias<\/strong>. Seg\u00fan los citados interlocutores, primero llam\u00f3 a la mujer de su padre, e incluso hubo otras comunicaciones previas, hasta que finalmente pidi\u00f3 auxilio al 112. <\/p>\n<p class=\"voc-p\" style=\"\">En su primera declaraci\u00f3n, los investigadores entendieron que Jonathan se encontraba en estado de &#8216;shock&#8217; tras lo ocurrido. Entonces explic\u00f3, brevemente, que \u00e9l caminaba delante y que, al girarse, vio c\u00f3mo su padre ca\u00eda al vac\u00edo. Pero en un segundo encuentro, ya de varias horas de duraci\u00f3n, los investigadores confirmaron sus sospechas ante algunas contradicciones, en contraste con las evidencias que los propios Mossos hab\u00edan recabado en el lugar del suceso. Por el momento, los investigadores cuentan con una acumulaci\u00f3n de indicios, pero <strong>no existe ninguna prueba concluyente que les permita afirmar que la muerte de Isak Andic no fuese accidental<\/strong>. <\/p>\n<p class=\"voc-p\" style=\"\">De hecho, la causa judicial, que sigue bajo estricto secreto de sumario,\u00abno se dirige contra ninguna persona en concreto\u00bb, seg\u00fan precis\u00f3 ayer el Tribunal Superior de Justicia de Catalu\u00f1a (TSJC). Pese a ello, tanto la juez como la fiscal valoran como plausible la hip\u00f3tesis del homicidio ante los citados indicios recabados por la Polic\u00eda catalana. <\/p>\n<p class=\"voc-p\" style=\"\">En el marco de las pesquisas, <strong>Jonathan Andic entreg\u00f3 su m\u00f3vil a los Mossos el pasado 9 de septiembre<\/strong>, seg\u00fan confirmaron a ABC fuentes jur\u00eddicas. Un terminal en el que los investigadores centraron sus esfuerzos, con el an\u00e1lisis de llamadas, mensajes, fotograf\u00edas e incluso en su posicionamiento, para tratar de esclarecer si el primog\u00e9nito tuvo alguna implicaci\u00f3n en el fallecimiento de su padre o si, por el contrario, se trat\u00f3 de un accidente. Un m\u00f3vil que, por el momento, ha aportado ingente informaci\u00f3n. <\/p>\n<p class=\"voc-p\" style=\"\">\u00abHasta que no haya un archivo definitivo, seguiremos investigando\u00bb, as\u00ed de tajantes se mostraban ayer fuentes policiales sobre las pesquisas, despu\u00e9s de que la titular de Instrucci\u00f3n 5 de Martorell (Barcelona) decidiese <a href=\"https:\/\/www.abc.es\/espana\/cataluna\/juez-reabre-investigacion-muerte-isak-andik-20250304112140-nt.html\" target=\"_self\" data-voc-vtm-id=\"in-text-traffic\" title=\"reabrir la causa en marzo\" data-mrf-link=\"www.abc.es\" rel=\"nofollow noopener\">reabrir la causa en marzo<\/a>, ante los indicios recabados por los investigadores que, desde un principio, tuvieron claro que algo no cuadraba para poder cerrar el caso como un accidente. Entre estas, las <strong>incongruencias que detectaron en la segunda declaraci\u00f3n del hijo<\/strong> del magnate del textil.<\/p>\n<p>\nSospechas\n<\/p>\n<p class=\"voc-p\" style=\"\">Las pesquisas policiales se centran as\u00ed en Jonathan. Cabe recordar que, la fecha del suceso, el <strong>hijo del fundador de Mango llam\u00f3 primero a la mujer de su padre<\/strong>, Estefan\u00eda Knuth, y luego alert\u00f3 al tel\u00e9fono de Emergencias 112, explicando que este se hab\u00eda precipitado a una zona donde \u00e9l no pod\u00eda acceder. Indic\u00f3 entonces que pensaba que estaba inconsciente a consecuencia de la ca\u00edda. Se sabe adem\u00e1s que el hijo ten\u00eda muchos problemas por esas fechas y seg\u00fan algunas fuentes intent\u00f3 obtener dinero de su familia para solventarlos. <\/p>\n<p class=\"voc-p\" style=\"\">S\u00f3lo unos d\u00edas despu\u00e9s, <a href=\"https:\/\/www.abc.es\/economia\/archivan-investigacion-muerte-fundador-mango-ver-indicios-20250116171624-nt.html\" target=\"_self\" data-voc-vtm-id=\"in-text-traffic\" title=\"ya en enero\" data-mrf-link=\"www.abc.es\" rel=\"nofollow noopener\">ya en enero<\/a>, la instructora archiv\u00f3 las pesquisas tras recibir el resultado de la autopsia, as\u00ed como el informe preliminar de la Polic\u00eda catalana tras las primeras declaraciones \u2013no s\u00f3lo de Jonathan, sino tambi\u00e9n de Knuth\u2013, al concluir que, entonces, todo apuntaba a una ca\u00edda accidental. Por su parte, los investigadores ya hab\u00edan detectado las incongruencias en el relato del hijo y segu\u00edan con sus pesquisas.<\/p>\n<p class=\"voc-title\">En el marco de las pesquisas, <\/p>\n<p class=\"voc-title\"><strong>Jonathan Andic entreg\u00f3 su m\u00f3vil a los Mossos el pasado 9 de septiembre<\/strong><\/p>\n<p class=\"voc-p\" style=\"\">Adem\u00e1s, personas del entorno de la v\u00edctima relataron que las <strong>relaciones entre padre e hijo no pasaban por su mejor momento<\/strong>. Esas diferencias, la cita en la que se produjo la ca\u00edda, cuando ambos hab\u00edan quedado para hablar a solas, con el objetivo de solucionar sus problemas, y abordar cuestiones econ\u00f3micas, no hicieron m\u00e1s que incrementar las sospechas de los investigadores.<\/p>\n<p class=\"voc-p\" style=\"\">As\u00ed, dos meses despu\u00e9s de ese archivo provisional, Instrucci\u00f3n 5 de Martorell reabri\u00f3 la causa. Fuentes policiales indicaron entonces que quedaban pendientes por completar algunos informes, como el relativo al volcado del tel\u00e9fono del empresario, que qued\u00f3 destrozado tras la ca\u00edda. <\/p>\n<p class=\"voc-p\" style=\"\">La intenci\u00f3n de los <strong>Mossos de la comisar\u00eda de Martorell<\/strong> era tratar de delimitar el itinerario exacto que aquella fecha realizaron padre e hijo. Tambi\u00e9n quer\u00edan obtener los posicionamientos de los terminales de ambos, para reconstruir lo sucedido. Ahora, diez meses despu\u00e9s del suceso, las pesquisas han puesto bajo el foco de la sospecha a Jonathan, pasando as\u00ed de barajar el accidente como principal hip\u00f3tesis, a centrarse en el <strong>posible homicidio<\/strong>. <\/p>\n<p class=\"voc-title\">Por el momento, los investigadores cuentan con una acumulaci\u00f3n de indicios, pero no existe ninguna prueba concluyente que les permita afirmar que la muerte de Isak Andic no fuese accidental<\/p>\n<p class=\"voc-p\" style=\"\">Tras conocer el avance de la causa, la <strong>familia Andic<\/strong> record\u00f3 que \u00abno ha hecho ni har\u00e1 comentarios en todos estos meses sobre el fallecimiento de Isak\u00bb, pese a mostrar el m\u00e1ximo respeto ante \u00ablas diligencias que se han practicado al respecto\u00bb y manifestar que seguir\u00e1n \u00abcolaborando, como hasta ahora, con las autoridades competentes\u00bb. Adem\u00e1s, subrayaron que est\u00e1n seguros \u00abde que este proceso terminar\u00e1 lo antes posible y se demostrar\u00e1 la inocencia\u00bb de Jonathan. De hecho, el penalista Crist\u00f3bal Martell, que lo asesora desde hace meses, formaliz\u00f3 un escrito ante el juzgado de Martorell en el que solicit\u00f3 tener acceso al auto de la magistrada que habilit\u00f3 a los Mossos a requerir su tel\u00e9fono. Por el momento no ha recibido respuesta.<\/p>\n<p class=\"voc-p\" style=\"\">En teor\u00eda, aunque analizar dicho terminal significar\u00eda que Jonathan deber\u00eda tener la condici\u00f3n de investigado \u2013para garantizar as\u00ed la validez de los indicios obtenidos\u2013 al abogado no se la ha notificado que est\u00e9 formalmente imputado. A pesar de ello, una de las piezas que se abri\u00f3 tras la <strong>muerte de Andik<\/strong>, bajo secreto de sumario, es por la que los Mossos investigan a su hijo.<\/p>\n","protected":false},"excerpt":{"rendered":"Aunque los Mossos d&#8217;Esquadra no tienen ninguna prueba concluyente para demostrar que la muerte del fundador de Mango,&hellip;\n","protected":false},"author":2,"featured_media":184449,"comment_status":"","ping_status":"","sticky":false,"template":"","format":"standard","meta":{"footnotes":""},"categories":[8],"tags":[17,18,4357,24800,873,4393,25,24,5134,13,14,11,19,20,3907,9,10,15,16,23,12,21,22],"class_list":{"0":"post-184448","1":"post","2":"type-post","3":"status-publish","4":"format-standard","5":"has-post-thumbnail","7":"category-espana","8":"tag-breaking-news","9":"tag-breakingnews","10":"tag-caida","11":"tag-cayo","12":"tag-cuerpo","13":"tag-dueno","14":"tag-es","15":"tag-espana","16":"tag-explica","17":"tag-featured-news","18":"tag-featurednews","19":"tag-headlines","20":"tag-latest-news","21":"tag-latestnews","22":"tag-mango","23":"tag-news","24":"tag-noticias","25":"tag-noticias-destacadas","26":"tag-noticiasdestacadas","27":"tag-spain","28":"tag-titulares","29":"tag-ultimas-noticias","30":"tag-ultimasnoticias"},"share_on_mastodon":{"url":"","error":""},"_links":{"self":[{"href":"https:\/\/www.europesays.com\/es\/wp-json\/wp\/v2\/posts\/184448","targetHints":{"allow":["GET"]}}],"collection":[{"href":"https:\/\/www.europesays.com\/es\/wp-json\/wp\/v2\/posts"}],"about":[{"href":"https:\/\/www.europesays.com\/es\/wp-json\/wp\/v2\/types\/post"}],"author":[{"embeddable":true,"href":"https:\/\/www.europesays.com\/es\/wp-json\/wp\/v2\/users\/2"}],"replies":[{"embeddable":true,"href":"https:\/\/www.europesays.com\/es\/wp-json\/wp\/v2\/comments?post=184448"}],"version-history":[{"count":0,"href":"https:\/\/www.europesays.com\/es\/wp-json\/wp\/v2\/posts\/184448\/revisions"}],"wp:featuredmedia":[{"embeddable":true,"href":"https:\/\/www.europesays.com\/es\/wp-json\/wp\/v2\/media\/184449"}],"wp:attachment":[{"href":"https:\/\/www.europesays.com\/es\/wp-json\/wp\/v2\/media?parent=184448"}],"wp:term":[{"taxonomy":"category","embeddable":true,"href":"https:\/\/www.europesays.com\/es\/wp-json\/wp\/v2\/categories?post=184448"},{"taxonomy":"post_tag","embeddable":true,"href":"https:\/\/www.europesays.com\/es\/wp-json\/wp\/v2\/tags?post=184448"}],"curies":[{"name":"wp","href":"https:\/\/api.w.org\/{rel}","templated":true}]}}