{"id":184452,"date":"2025-10-18T06:41:13","date_gmt":"2025-10-18T06:41:13","guid":{"rendered":"https:\/\/www.europesays.com\/es\/184452\/"},"modified":"2025-10-18T06:41:13","modified_gmt":"2025-10-18T06:41:13","slug":"estas-son-las-intenciones-del-irlandes","status":"publish","type":"post","link":"https:\/\/www.europesays.com\/es\/184452\/","title":{"rendered":"estas son las intenciones del irland\u00e9s"},"content":{"rendered":"<p>No hace tantos a\u00f1os,<b> la UFC ten\u00eda un peleador estrella capaz de generar expectaci\u00f3n en cada rinc\u00f3n del planeta<\/b>. Un luchador que surgi\u00f3 de la nada y que fue creando afici\u00f3n por las MMA. <b>Gracias a \u00e9l, las artes marciales mixtas son conocidas por millones de personas.<\/b><\/p>\n<p>En parte, gracias a \u00e9l la UFC se convirti\u00f3 en la mayor compa\u00f1\u00eda de este deporte. El inter\u00e9s que generaban sus combates era comparable con el de muy pocos, puesto que <b>sus actuaciones dentro de la jaula estaban a la altura de todo el &#8216;trash talk&#8217; -lenguaje basura- que preced\u00eda.<\/b><\/p>\n<p>Este peleador no es otro que <b>Conor Mcgregor<\/b>. El irland\u00e9s se convirti\u00f3 en muy poco tiempo en la estrella de la UFC, y en la cara visible de las artes marciales mixtas, un deporte poco conocido fuera de las fronteras de Estados Unidos, pero que con el paso del tiempo se hicieron un hueco.<\/p>\n<p>Mcgregor present\u00f3 al mundo entero un deporte por conocer, <b>donde se combina el boxeo con otras disciplinas como el jiu jitsu o la lucha<\/b>. &#8216;The Notorious&#8217; puso las MMA en boca de todos <b>gracias a un boxeo que noqueaba todo lo que se acercaba, hasta que lleg\u00f3 a su fin.<\/b><\/p>\n<p>Tras varios a\u00f1os en la \u00e9lite, el irland\u00e9s comenz\u00f3 a perderse con el <b>alcohol y los problemas judiciales<\/b>, y dej\u00f3 el deporte a un lado. Todo hac\u00eda indicar que, a pesar de haber indicios sobre un posible regreso, <b>el retiro era lo pr\u00f3ximo<\/b>.<\/p>\n<p>Pero todo cambio de un d\u00eda para otro tras un anuncio inesperado. Donald Trump confirm\u00f3 hace escasos d\u00edas la <a title=\"celebraci\u00f3n de un evento de la UFC en la mism\u00edsima Casa Blanca\" href=\"https:\/\/www.larazon.es\/deportes\/donald-trump-anuncia-evento-ufc-casa-blancay-conor-mcgregor-ofrece-pelear_20250707686b778729f2a108e9803f90.html\" target=\"_blank\" rel=\"nofollow noopener\">celebraci\u00f3n de un evento de la UFC en la mism\u00edsima Casa Blanca<\/a>, algo que se encarg\u00f3 el propio <a title=\"presidente de la promotora de confirmar\" href=\"https:\/\/www.larazon.es\/deportes\/presidente-ufc-confirma-evento-casa-blanca-2026-sera-mejor-cartelera-todos-tiempos_202507146874afad525aa26f9a4bd12f.html\" target=\"_blank\" rel=\"nofollow noopener\">presidente de la promotora de confirmar<\/a>. El anuncio gener\u00f3 un gran revuelo, <b>y ah\u00ed apareci\u00f3 Mcgregor.<\/b><\/p>\n<p>Quiz\u00e1 el excampe\u00f3n no encontraba la motivaci\u00f3n para regresar, o simplemente estaba m\u00e1s a otras cosas que al deporte. La cuesti\u00f3n es que este anuncio puede haber cambiado las intenciones de Conor, <b>que ahora pretende regresar de manera definitiva e incluso acabar su contrato.<\/b><\/p>\n<p>Confirman el regreso de Mcgregor a la UFC<\/p>\n<p>Conor Mcgregor est\u00e1 m\u00e1s cerca que nunca de volver al oct\u00f3gono de la UFC. El evento en la Casa Blanca parece ser el aliciente que necesitaba, y el proceso de vuelta ya se ha puesto en marcha. Seg\u00fan David Feldman, presidente de BKFC -compa\u00f1\u00eda de boxeo sin guantes-, <b>el irland\u00e9s habr\u00eda regresado a las pruebas peri\u00f3dicas de dopaje de la UFC<\/b> para regresar a la jaula en 2026 en la Casa Blanca.<\/p>\n<p>Adem\u00e1s, asegur\u00f3 que Conor tiene pensado volver para 2026 y no solo pelear en dicho evento, sino que tambi\u00e9n tendr\u00eda en mente <b>finalizar su contrato con la UFC<\/b>. Esto implica realizar las <b>dos peleas que le quedan en el contrato<\/b>, algo que parec\u00eda imposible hace muy poco.<\/p>\n<p>\u00abMe lo dijo en persona. Me susurr\u00f3 al o\u00eddo: estoy en el grupo de pruebas. <b>Me estoy preparando para mi regreso. Voy a pelear en esa cartelera importante y luego tendr\u00e9 otra pelea<\/b>\u00ab, confirmaba Feldman.<\/p>\n<p>El anuncio de Trump y la propuesta de Mcgregor<\/p>\n<p>Todo saltaba por los aires el pasado viernes cuando el presidente de Estados Unidos, Donald Trump, anunci\u00f3 la celebraci\u00f3n de un evento de la UFC en los jardines de la Casa Blanca en 2026 <b>como parte del programa de actos de &#8216;Am\u00e9rica 250&#8217; en conmemoraci\u00f3n del 250\u00ba aniversario de la Declaraci\u00f3n de Independencia de 1776<\/b>.<\/p>\n<p>Se trata de una celebraci\u00f3n que quiere crear a lo grande, y para ello ha pensado en la UFC. <b>El 4 de julio de 2026 las artes marciales mixtas llegar\u00edan a la Casa Blanca<\/b> en lo que ser\u00eda uno de los eventos m\u00e1s especiales.<\/p>\n<p>\u00abCada uno de nuestros parques nacionales, campos de batalla y sitios hist\u00f3ricos tendr\u00e1 eventos especiales en honor a &#8216;America 250&#8217;. \u00bfAlguien sigue la UFC del gran Dana White? Bueno, pues<b> tendremos una velada de la UFC en los terrenos de la Casa Blanca<\/b>. Tenemos mucho espacio y construiremos algo \u00fanico. Dana lo har\u00e1. Dana es genial\u00bb, afirmaba el presidente.<\/p>\n<p>Instantes despu\u00e9s de conocerse la noticia, <a title=\"Conor Mcgregor\" href=\"https:\/\/www.larazon.es\/deportes\/conor-mcgregor-elogia-ilia-topuria-victoria-charles-oliveira-lanza-dardo_20250630686232fbf190537b73a90276.html\" target=\"_blank\" rel=\"nofollow noopener\">Conor Mcgregor<\/a> se pronunci\u00f3 a trav\u00e9s de sus redes sociales acerca del evento. Y es que la propuesta pareci\u00f3 encantarle al irland\u00e9s, que <b>asegur\u00f3 estar dispuesto a participar.<\/b><\/p>\n<p>\u00abFeliz 4 de julio, Estados Unidos. <b>Emocionado con el anuncio del presidente Trump <\/b>de un evento de pelea de UFC en la Casa Blanca. <b>\u00a1Me sentir\u00eda honrado! \u00a1Cuenten conmigo!<\/b>\u00ab, declaraba &#8216;The Notorious&#8217;.<\/p>\n<p>El presidente de la UFC confirma que Mcgregor es una opci\u00f3n<\/p>\n<p>Sin duda, la cartelera ser\u00eda una de las mejores de la historia. Tan solo el lugar donde se realizar\u00eda sentar\u00eda un precedente en la historia del deporte, haciendo que millones de personas siguieran los combates. Y de eso es consciente Dana White, el presidente de la promotora.<\/p>\n<p>Ante tal oportunidad, <b>Dana preparar\u00eda la mejor cartelera posible<\/b>. Una cartelera que estar\u00eda compuesta por los luchadores m\u00e1s carism\u00e1ticos de la compa\u00f1\u00eda. As\u00ed lo confirm\u00f3 en una entrevista para \u00abfullsendpodcast\u00bb, donde asegur\u00f3 que ser\u00eda \u00ab<b>la mejor cartelera de todos los tiempos<\/b>\u00ab.<\/p>\n<p>Y, como no, Mcgregor ser\u00eda uno de los candidatos. Ante la pregunta de cu\u00e1l ser\u00eda la cartelera principal, el presidente asegur\u00f3 que <b>existe la posibilidad de ver a Mcgregor junto a otras estrellas como Jon Jones esa misma noche.<\/b><\/p>\n<p>Michael Chandler, el m\u00e1s que probable rival de Mcgregor<\/p>\n<p>Respecto a quien ser\u00eda el oponente en su regreso, todo hace indicar que las cuentas pendientes con <b>Michael Chandler<\/b> provocar\u00edan este combate. El irland\u00e9s cerr\u00f3 el combate con el estadounidense para 2024, pero una lesi\u00f3n le oblig\u00f3 a retirarse d\u00edas antes de la pelea.<\/p>\n<p>Ambos luchadores han intercambio mensajes durante mucho tiempo, y es evidente que quedan cuentas pendientes entre ellos. Algo que la UFC buscar\u00eda como excusa para cerrar esa pelea. De hecho, <b>el propio Conor estar\u00eda interesado en este combate, tal y como ha reflejado en sus redes<\/b>.<\/p>\n<p>Por tanto, tan solo queda esperar a que la compa\u00f1\u00eda empiece a trabajar en el evento. A\u00fan queda mucho tiempo para que se vayan concretando m\u00e1s detalles acerca de la cartelera, pero lo cierto es que <b>si hab\u00eda opciones de ver regresar a Conor Mcgregor a las MMA, esta es la oportunidad perfecta.<\/b><\/p>\n","protected":false},"excerpt":{"rendered":"No hace tantos a\u00f1os, la UFC ten\u00eda un peleador estrella capaz de generar expectaci\u00f3n en cada rinc\u00f3n del&hellip;\n","protected":false},"author":2,"featured_media":184453,"comment_status":"","ping_status":"","sticky":false,"template":"","format":"standard","meta":{"footnotes":""},"categories":[276],"tags":[168,25,24,23,167,343],"class_list":{"0":"post-184452","1":"post","2":"type-post","3":"status-publish","4":"format-standard","5":"has-post-thumbnail","7":"category-ufc","8":"tag-deportes","9":"tag-es","10":"tag-espana","11":"tag-spain","12":"tag-sports","13":"tag-ufc"},"share_on_mastodon":{"url":"","error":""},"_links":{"self":[{"href":"https:\/\/www.europesays.com\/es\/wp-json\/wp\/v2\/posts\/184452","targetHints":{"allow":["GET"]}}],"collection":[{"href":"https:\/\/www.europesays.com\/es\/wp-json\/wp\/v2\/posts"}],"about":[{"href":"https:\/\/www.europesays.com\/es\/wp-json\/wp\/v2\/types\/post"}],"author":[{"embeddable":true,"href":"https:\/\/www.europesays.com\/es\/wp-json\/wp\/v2\/users\/2"}],"replies":[{"embeddable":true,"href":"https:\/\/www.europesays.com\/es\/wp-json\/wp\/v2\/comments?post=184452"}],"version-history":[{"count":0,"href":"https:\/\/www.europesays.com\/es\/wp-json\/wp\/v2\/posts\/184452\/revisions"}],"wp:featuredmedia":[{"embeddable":true,"href":"https:\/\/www.europesays.com\/es\/wp-json\/wp\/v2\/media\/184453"}],"wp:attachment":[{"href":"https:\/\/www.europesays.com\/es\/wp-json\/wp\/v2\/media?parent=184452"}],"wp:term":[{"taxonomy":"category","embeddable":true,"href":"https:\/\/www.europesays.com\/es\/wp-json\/wp\/v2\/categories?post=184452"},{"taxonomy":"post_tag","embeddable":true,"href":"https:\/\/www.europesays.com\/es\/wp-json\/wp\/v2\/tags?post=184452"}],"curies":[{"name":"wp","href":"https:\/\/api.w.org\/{rel}","templated":true}]}}