{"id":184454,"date":"2025-10-18T06:45:11","date_gmt":"2025-10-18T06:45:11","guid":{"rendered":"https:\/\/www.europesays.com\/es\/184454\/"},"modified":"2025-10-18T06:45:11","modified_gmt":"2025-10-18T06:45:11","slug":"ferrari-no-levanta-cabeza-y-hamilton-se-desespera-hemos-desaparecido","status":"publish","type":"post","link":"https:\/\/www.europesays.com\/es\/184454\/","title":{"rendered":"Ferrari no levanta cabeza y Hamilton se desespera&#8230; \u00abHemos desaparecido\u00bb"},"content":{"rendered":"<p data-mrf-recirculation=\"Links P\u00e1rrafos\" class=\"ue-c-article__paragraph paragraph ue-c-article--first-letter-highlighted\">Era <strong>primero con los neum\u00e1ticos duros en la primera tanda d<\/strong>e los Libres 1, luego cay\u00f3 al <strong>octavo <\/strong>con el blando y en la qualy sprint tambi\u00e9n <strong>fue renqueando hasta terminar octavo, por detr\u00e1s de Sainz y de Alonso, <\/strong>lo que le hizo aparecer con semblante <strong>serio<\/strong>, negando con la cabeza y con e<strong>l estilo lac\u00f3nico de los peores d\u00edas <\/strong>de este 2025 que no est\u00e1 siendo lo que esperaba en su debut con Ferrari.<\/p>\n<p data-mrf-recirculation=\"Links P\u00e1rrafos\" class=\"ue-c-article__paragraph paragraph\">El las televisiones le preguntaban a Lewis Hamilton algo evidente, si esperaba tener ese ritmo. <strong>\u00abEse no era el ritmo que esper\u00e1bamos\u00bb, <\/strong>dec\u00eda para callarse luego.\u00a0<\/p>\n<p data-mrf-recirculation=\"Links P\u00e1rrafos\" class=\"ue-c-article__paragraph paragraph\">Y al preguntarle d\u00f3nde puede estar. confesaba su estupor. \u00abHemos ido bien en los libres&#8230; y\u00a0<strong>en la SQ1 ten\u00edamos una pinta decente, pero luego ha ido desapareciendo. <\/strong>Hab\u00eda algo muy complicado de pilotar. Ha <strong>desaparecido <\/strong>el ritmo, <strong>ocho d\u00e9cimas es mucho tiempo<\/strong>\u00ab, resum\u00eda con gesto de decepci\u00f3n total.<\/p>\n<p><img decoding=\"async\" width=\"3000\" height=\"1688\" class=\"ue-c-article__image lazyload\" alt=\"Parrilla Sprint EEUU 2025.\" loading=\"lazy\" src=\"https:\/\/www.europesays.com\/es\/wp-content\/uploads\/2025\/10\/68f2d03e9b294.jpeg\"\/><\/p>\n<p>Parrilla Sprint EEUU 2025.F1.com<\/p>\n<p data-mrf-recirculation=\"Links P\u00e1rrafos\" class=\"ue-c-article__paragraph paragraph\">Mirando a lo conseguido otros a\u00f1os, <strong>Leclerc fue tercero en la parrilla de 2025 y Sainz cuarto <\/strong>y el monegasco acab\u00f3 ganando. E<strong>n 2023, la pole fue Charles y en 2022 para Carlos.<\/strong> Es una de las mejores pistas para la Scuderia en cuanto a una vuelta en los \u00faltimos tiempos y<strong> Lewis ha ganado 6 veces en 12 participaciones,<\/strong>\u00a0pero nada acaba de cuadrar.<\/p>\n<p data-mrf-recirculation=\"Links P\u00e1rrafos\" class=\"ue-c-article__paragraph paragraph\">Viendo a <strong>Leclerc 10\u00ba se puede calificar el inicio del fin de semana como peor de lo esperado <\/strong>y que se ve a<strong> Ferrari incrustado ya en la zona media.<\/strong> Un dolor para una escuadra hist\u00f3rica que no se ve\u00eda desde hace muchos a\u00f1os, quiz\u00e1 <strong>desde 2014 <\/strong>con el inicio de la era h\u00edbrida, donde Alonso lograba podios pero estaba muy lejos de poder batir a los Mercedes o los Williams e incluso a McLaren.<\/p>\n","protected":false},"excerpt":{"rendered":"Era primero con los neum\u00e1ticos duros en la primera tanda de los Libres 1, luego cay\u00f3 al octavo&hellip;\n","protected":false},"author":2,"featured_media":184455,"comment_status":"","ping_status":"","sticky":false,"template":"","format":"standard","meta":{"footnotes":""},"categories":[270],"tags":[168,25,24,306,271,272,23,167],"class_list":{"0":"post-184454","1":"post","2":"type-post","3":"status-publish","4":"format-standard","5":"has-post-thumbnail","7":"category-formula-1","8":"tag-deportes","9":"tag-es","10":"tag-espana","11":"tag-f1","12":"tag-formula-1","13":"tag-formula1","14":"tag-spain","15":"tag-sports"},"share_on_mastodon":{"url":"","error":""},"_links":{"self":[{"href":"https:\/\/www.europesays.com\/es\/wp-json\/wp\/v2\/posts\/184454","targetHints":{"allow":["GET"]}}],"collection":[{"href":"https:\/\/www.europesays.com\/es\/wp-json\/wp\/v2\/posts"}],"about":[{"href":"https:\/\/www.europesays.com\/es\/wp-json\/wp\/v2\/types\/post"}],"author":[{"embeddable":true,"href":"https:\/\/www.europesays.com\/es\/wp-json\/wp\/v2\/users\/2"}],"replies":[{"embeddable":true,"href":"https:\/\/www.europesays.com\/es\/wp-json\/wp\/v2\/comments?post=184454"}],"version-history":[{"count":0,"href":"https:\/\/www.europesays.com\/es\/wp-json\/wp\/v2\/posts\/184454\/revisions"}],"wp:featuredmedia":[{"embeddable":true,"href":"https:\/\/www.europesays.com\/es\/wp-json\/wp\/v2\/media\/184455"}],"wp:attachment":[{"href":"https:\/\/www.europesays.com\/es\/wp-json\/wp\/v2\/media?parent=184454"}],"wp:term":[{"taxonomy":"category","embeddable":true,"href":"https:\/\/www.europesays.com\/es\/wp-json\/wp\/v2\/categories?post=184454"},{"taxonomy":"post_tag","embeddable":true,"href":"https:\/\/www.europesays.com\/es\/wp-json\/wp\/v2\/tags?post=184454"}],"curies":[{"name":"wp","href":"https:\/\/api.w.org\/{rel}","templated":true}]}}