{"id":184482,"date":"2025-10-18T07:00:20","date_gmt":"2025-10-18T07:00:20","guid":{"rendered":"https:\/\/www.europesays.com\/es\/184482\/"},"modified":"2025-10-18T07:00:20","modified_gmt":"2025-10-18T07:00:20","slug":"la-familia-de-la-menor-que-se-suicido-en-sevilla-por-acoso-escolar-asegura-que-lo-denuncio-al-colegio-hasta-en-dos-ocasiones","status":"publish","type":"post","link":"https:\/\/www.europesays.com\/es\/184482\/","title":{"rendered":"La familia de la menor que se suicid\u00f3 en Sevilla por acoso escolar asegura que lo denunci\u00f3 al colegio hasta en dos ocasiones"},"content":{"rendered":"<p>La familia de la menor que se suicid\u00f3 este martes en Sevilla, en un caso que se investiga como posible acoso escolar, ha anunciado este viernes que <b>emprender\u00e1 \u00abtodas las medidas legales necesarias\u00bb ante la inacci\u00f3n del centro escolar.<\/b><\/p>\n<p>As\u00ed lo ha dicho a los periodistas el portavoz de la familia y t\u00edo de la menor, Isaac Villar, quien ha asegurado que <b>la \u00fanica medida que tom\u00f3 el centro fue cambiar a las presuntas acosadoras de aula, y que fue a petici\u00f3n de la madre de la adolescente.<\/b><\/p>\n<p>\u00abIniciamos ya los tr\u00e1mites (para tomar acciones legales), y lo \u00fanico que esperamos con esto es que se llegue al fondo, se aclare lo sucedido y se depuren las responsabilidades que haya, y que se act\u00fae sobre todo el que sea responsable de la forma que sea\u00bb, ha se\u00f1alado Villar.<\/p>\n<p>El t\u00edo de Sandra, la menor de 14 a\u00f1os, ha explicado que esta situaci\u00f3n que ven\u00eda padeciendo <b>comenz\u00f3 hace m\u00e1s o menos un a\u00f1o<\/b>, y que se acentu\u00f3 en verano, momento en el que la joven comenz\u00f3 a tener ayuda psicol\u00f3gica. La menor se acab\u00f3 suicidando nada m\u00e1s volver del colegio esta semana arroj\u00e1ndose desde la azotea de su casa.<\/p>\n<p>La familia denunci\u00f3 hasta en dos ocasiones estos hechos, la primera vez a principios de a\u00f1o y la segunda antes del inicio del actual curso acad\u00e9mico, con una denuncia ya formal.<\/p>\n<p><b>En ninguna de las dos ocasiones, el centro se puso en contacto con ellos<\/b>, ni tom\u00f3 ning\u00fan tipo de medida, e incluso, ha denunciado Villar, el profesorado con el que han hablado \u00abno recibi\u00f3 nunca una comunicaci\u00f3n de que esta denuncia se hubiera presentado\u00bb.<\/p>\n<p>Pese al cambio de aula, el presunto acoso continu\u00f3 porque segu\u00edan coincidiendo en el patio, en los pasillos y en alguna clase en com\u00fan, ha detallado. \u00abOjal\u00e1 esto sirva para que todos tomemos conciencia de lo que est\u00e1 ocurriendo y que no se vuelva a ver a nadie m\u00e1s en lo mismo\u00bb, ha deseado el t\u00edo de la joven.<\/p>\n<p>\u00abLa Comunidad Educativa del colegio estamos profundamente consternados por el fallecimiento de nuestra alumna. Desde el colegio Irlandesas Loreto transmitimos nuestro m\u00e1s sentido p\u00e9same a la familia\u00bb, ha escrito el colegio en su cuenta de X junto a la imagen de una cruz negra.\u00a0<\/p>\n<p>\u00abUna ni\u00f1a alegre, siempre con una sonrisa y del Betis\u00bb<\/p>\n<p>Villar ha descrito a su sobrina como una ni\u00f1a \u00abalegre\u00bb, que sol\u00eda ir siempre \u00abcon una sonrisa en la cara y un abrazo\u00bb, y que ten\u00eda muy en mente ese f\u00fatbol que tanto le apasionaba y a su Betis.<\/p>\n<p>Emocionado, ha concluido que l<b>a adolescente era \u00abmaravillosa\u00bb<\/b>, y que nadie que no supiera por lo que estaba pasando, podr\u00eda imagin\u00e1rselo porque iba siempre feliz.<\/p>\n<p>De hecho, la rabia y la impotencia se respiraban este viernes en los alrededores del centro escolar de la joven, Irlandesas de Loreto, a unos pocos pasos del edificio en el que resid\u00eda y desde cuya azotea se lanz\u00f3 el martes.<\/p>\n<p>Tambi\u00e9n una serie de pintadas en la fachada del colegio muestran el enfado de la comunidad, con mensajes en los que se puede leer <b>\u00abc\u00f3mplices\u00bb, \u00abasesinos\u00bb o \u00absiempre estar\u00e1s en nuestros corazones, Sandra\u00bb.<\/b><\/p>\n<p>Y es que la situaci\u00f3n de Sandra, seg\u00fan algunos padres, no era \u00fanica, ya que han indicado que m\u00e1s alumnos han podido sufrir ese acoso.<\/p>\n<p>Una se\u00f1ora que no ha querido dar su nombre, ha relatado c\u00f3mo sus nietas le han referido situaciones de estr\u00e9s y ansiedad por la \u00abcompetitividad\u00bb que alimentaba el propio colegio entre sus estudiantes.<\/p>\n<p>La Junta defiende los protocolos contra el acoso escolar<\/p>\n<p>La consejera de Desarrollo Educativo y Formaci\u00f3n Profesional, Mar\u00eda del Carmen Castillo, ha defendido este viernes la eficacia de los protocolos de acoso escolar tras el suicidio de Sandra.\u00a0<\/p>\n<p>En este sentido, Castillo ha subrayado en declaraciones a medios que estos procedimientos tienen \u00abbuenos resultados\u00bb y <b>cuentan con \u00abmedidas espec\u00edficas\u00bb para la detecci\u00f3n de cada incidente<\/b>, como la comunicaci\u00f3n con las familias o con los servicios sanitarios, as\u00ed como la adopci\u00f3n de acciones tanto dentro del centro como en el entorno familiar, al tiempo que ha defendido su utilidad frente al debate sobre la necesidad de simplificar y desburocratizar estos protocolos.<\/p>\n<p>\u00abUna de las cosas que hemos hablado mucho en estos a\u00f1os es acerca de la necesidad de la simplificaci\u00f3n de la desburocratizaci\u00f3n en los centros educativos, y una de las cosas que yo siempre digo es que lo \u00fanico que no tocamos son los protocolos, porque los protocolos son una garant\u00eda, una garant\u00eda para el centro, una garant\u00eda para el alumnado, una garant\u00eda para el profesorado\u00bb, ha expresado Castillo en declaraciones a los medios.<\/p>\n","protected":false},"excerpt":{"rendered":"La familia de la menor que se suicid\u00f3 este martes en Sevilla, en un caso que se investiga&hellip;\n","protected":false},"author":2,"featured_media":184483,"comment_status":"","ping_status":"","sticky":false,"template":"","format":"standard","meta":{"footnotes":""},"categories":[8],"tags":[29305,17,18,25,24,13,14,11,19,20,9,10,15,16,23,12,21,22],"class_list":{"0":"post-184482","1":"post","2":"type-post","3":"status-publish","4":"format-standard","5":"has-post-thumbnail","7":"category-espana","8":"tag-acoso-escolar","9":"tag-breaking-news","10":"tag-breakingnews","11":"tag-es","12":"tag-espana","13":"tag-featured-news","14":"tag-featurednews","15":"tag-headlines","16":"tag-latest-news","17":"tag-latestnews","18":"tag-news","19":"tag-noticias","20":"tag-noticias-destacadas","21":"tag-noticiasdestacadas","22":"tag-spain","23":"tag-titulares","24":"tag-ultimas-noticias","25":"tag-ultimasnoticias"},"share_on_mastodon":{"url":"","error":""},"_links":{"self":[{"href":"https:\/\/www.europesays.com\/es\/wp-json\/wp\/v2\/posts\/184482","targetHints":{"allow":["GET"]}}],"collection":[{"href":"https:\/\/www.europesays.com\/es\/wp-json\/wp\/v2\/posts"}],"about":[{"href":"https:\/\/www.europesays.com\/es\/wp-json\/wp\/v2\/types\/post"}],"author":[{"embeddable":true,"href":"https:\/\/www.europesays.com\/es\/wp-json\/wp\/v2\/users\/2"}],"replies":[{"embeddable":true,"href":"https:\/\/www.europesays.com\/es\/wp-json\/wp\/v2\/comments?post=184482"}],"version-history":[{"count":0,"href":"https:\/\/www.europesays.com\/es\/wp-json\/wp\/v2\/posts\/184482\/revisions"}],"wp:featuredmedia":[{"embeddable":true,"href":"https:\/\/www.europesays.com\/es\/wp-json\/wp\/v2\/media\/184483"}],"wp:attachment":[{"href":"https:\/\/www.europesays.com\/es\/wp-json\/wp\/v2\/media?parent=184482"}],"wp:term":[{"taxonomy":"category","embeddable":true,"href":"https:\/\/www.europesays.com\/es\/wp-json\/wp\/v2\/categories?post=184482"},{"taxonomy":"post_tag","embeddable":true,"href":"https:\/\/www.europesays.com\/es\/wp-json\/wp\/v2\/tags?post=184482"}],"curies":[{"name":"wp","href":"https:\/\/api.w.org\/{rel}","templated":true}]}}