{"id":184488,"date":"2025-10-18T07:08:08","date_gmt":"2025-10-18T07:08:08","guid":{"rendered":"https:\/\/www.europesays.com\/es\/184488\/"},"modified":"2025-10-18T07:08:08","modified_gmt":"2025-10-18T07:08:08","slug":"jefe-de-red-bull-afirma-que-el-equipo-puede-llevar-a-verstappen-a-su-quinto-titulo-3","status":"publish","type":"post","link":"https:\/\/www.europesays.com\/es\/184488\/","title":{"rendered":"Jefe De Red Bull Afirma Que El Equipo Puede Llevar A Verstappen A Su Quinto T\u00edtulo"},"content":{"rendered":"<p data-type=\"paragraph\" data=\"[object Object]\">El jefe del equipo Red Bull, Laurent Mekies, que asumi\u00f3 el cargo tras la destituci\u00f3n de Christian Horner en julio, dijo este viernes que el equipo est\u00e1 preparado para impulsar a Max Verstappen hacia un sensacional quinto t\u00edtulo mundial de pilotos en la F\u00f3rmula 1.<\/p>\n<p data-type=\"paragraph\" data=\"[object Object]\" class=\"emotion-1akm6h5-Paragraph e1e4oisd0\">Mekies dej\u00f3 claro que no estaba pronosticando que el cuatro veces campe\u00f3n neerland\u00e9s ganar\u00eda la corona, sino que \u00e9l y la escuder\u00eda ten\u00edan el rendimiento necesario para ganar cualquiera de las seis carreras restantes.<\/p>\n<p data-type=\"paragraph\" data=\"[object Object]\" class=\"emotion-1akm6h5-Paragraph e1e4oisd0\">Verstappen es tercero a 63 puntos del l\u00edder del campeonato, el australiano Oscar Piastri, de McLaren, y a 22 unidades del brit\u00e1nico Lando Norris, tambi\u00e9n de McLaren, que ocupa la segunda posici\u00f3n.<\/p>\n<p data-type=\"paragraph\" data=\"[object Object]\" class=\"emotion-1akm6h5-Paragraph e1e4oisd0\">Mad Max, de 28 a\u00f1os, necesitar\u00eda una remontada r\u00e9cord para recuperar la diferencia.<\/p>\n<p data-type=\"paragraph\" data=\"[object Object]\" class=\"emotion-1akm6h5-Paragraph e1e4oisd0\">\u00abCreo que es justo decir que pensamos que ahora tenemos suficiente potencial en el coche para luchar en la mayor\u00eda de los circuitos de aqu\u00ed en adelante\u00bb, dijo Mekies a periodistas antes de la clasificaci\u00f3n sprint del Gran Premio de Estados Unidos.<\/p>\n<p data-type=\"paragraph\" data=\"[object Object]\" class=\"emotion-1akm6h5-Paragraph e1e4oisd0\">\u00abAhora bien, eso no significa que vayamos a ganar, pero si sacamos todo el partido al coche, si le sacamos todo el partido en una pista determinada, entonces creemos que podremos luchar por la victoria\u00bb, apunt\u00f3.<\/p>\n<p data-type=\"paragraph\" data=\"[object Object]\" class=\"emotion-1akm6h5-Paragraph e1e4oisd0\">\u00abNo significa que podamos hacerlo todos los fines de semana de carrera. No significa que no vayamos a ser derrotados en ninguno de los fines de semana de carrera, pero s\u00ed significa que deber\u00edamos estar en ese grupo que lucha por la victoria\u00bb.<\/p>\n<p data-type=\"paragraph\" data=\"[object Object]\" class=\"emotion-1akm6h5-Paragraph e1e4oisd0\">El afable Mekies ha rejuvenecido a Red Bull con una racha constante de mejores resultados, incluyendo dos victorias y dos segundos puestos desde el par\u00f3n estival de agosto, mientras Verstappen volv\u00eda a meterse en la lucha por el t\u00edtulo.<\/p>\n","protected":false},"excerpt":{"rendered":"El jefe del equipo Red Bull, Laurent Mekies, que asumi\u00f3 el cargo tras la destituci\u00f3n de Christian Horner&hellip;\n","protected":false},"author":2,"featured_media":183863,"comment_status":"","ping_status":"","sticky":false,"template":"","format":"standard","meta":{"footnotes":""},"categories":[270],"tags":[1400,51528,168,25,24,306,271,272,1070,23,167,116,4450],"class_list":{"0":"post-184488","1":"post","2":"type-post","3":"status-publish","4":"format-standard","5":"has-post-thumbnail","7":"category-formula-1","8":"tag-auto","9":"tag-auto-f1","10":"tag-deportes","11":"tag-es","12":"tag-espana","13":"tag-f1","14":"tag-formula-1","15":"tag-formula1","16":"tag-mundial","17":"tag-spain","18":"tag-sports","19":"tag-synd","20":"tag-usa"},"share_on_mastodon":{"url":"","error":""},"_links":{"self":[{"href":"https:\/\/www.europesays.com\/es\/wp-json\/wp\/v2\/posts\/184488","targetHints":{"allow":["GET"]}}],"collection":[{"href":"https:\/\/www.europesays.com\/es\/wp-json\/wp\/v2\/posts"}],"about":[{"href":"https:\/\/www.europesays.com\/es\/wp-json\/wp\/v2\/types\/post"}],"author":[{"embeddable":true,"href":"https:\/\/www.europesays.com\/es\/wp-json\/wp\/v2\/users\/2"}],"replies":[{"embeddable":true,"href":"https:\/\/www.europesays.com\/es\/wp-json\/wp\/v2\/comments?post=184488"}],"version-history":[{"count":0,"href":"https:\/\/www.europesays.com\/es\/wp-json\/wp\/v2\/posts\/184488\/revisions"}],"wp:featuredmedia":[{"embeddable":true,"href":"https:\/\/www.europesays.com\/es\/wp-json\/wp\/v2\/media\/183863"}],"wp:attachment":[{"href":"https:\/\/www.europesays.com\/es\/wp-json\/wp\/v2\/media?parent=184488"}],"wp:term":[{"taxonomy":"category","embeddable":true,"href":"https:\/\/www.europesays.com\/es\/wp-json\/wp\/v2\/categories?post=184488"},{"taxonomy":"post_tag","embeddable":true,"href":"https:\/\/www.europesays.com\/es\/wp-json\/wp\/v2\/tags?post=184488"}],"curies":[{"name":"wp","href":"https:\/\/api.w.org\/{rel}","templated":true}]}}