{"id":184550,"date":"2025-10-18T07:45:11","date_gmt":"2025-10-18T07:45:11","guid":{"rendered":"https:\/\/www.europesays.com\/es\/184550\/"},"modified":"2025-10-18T07:45:11","modified_gmt":"2025-10-18T07:45:11","slug":"israel-afirma-que-identifico-los-restos-de-un-rehen-entregado-el-viernes-por-hamas","status":"publish","type":"post","link":"https:\/\/www.europesays.com\/es\/184550\/","title":{"rendered":"Israel afirma que identific\u00f3 los restos de un reh\u00e9n entregado el viernes por Ham\u00e1s"},"content":{"rendered":"<p>    <img src=\"https:\/\/www.europesays.com\/es\/wp-content\/uploads\/2025\/10\/2025-10-18T063A413A25Z-90187002.jpg\" width=\"1024\" height=\"683\" alt=\"\" loading=\"eager\" decoding=\"sync\" fetchpriority=\"high\"\/><\/p>\n<p>            afp_tickers        <\/p>\n<p>        Este contenido fue publicado en    <\/p>\n<p>        18 octubre 2025 &#8211; 08:41\n<\/p>\n<p>La oficina del primer ministro israel\u00ed, Benjamin Netanyahu, inform\u00f3 este s\u00e1bado que los restos de un reh\u00e9n restituido el viernes por Ham\u00e1s fueron identificados como pertenecientes a Eliyahu Margalit.<\/p>\n<p>El ej\u00e9rcito israel\u00ed \u00abinform\u00f3 a la familia del secuestrado Eliyahu Margalit que los restos de su ser querido volvieron a Israel y que se complet\u00f3 el proceso de identificaci\u00f3n\u00bb.<\/p>\n<p>La oficina del primer ministro agreg\u00f3 que no \u00abceder\u00e1\u00bb ni escatimar\u00e1 en esfuerzos hasta el retorno de todos los rehenes fallecidos.\u00a0<\/p>\n<p>El cuerpo fue entregado el viernes por el movimiento islamista Ham\u00e1s a la Cruz Roja que lo restituy\u00f3 a las Fuerzas Armadas de Israel para ser llevado al Instituto M\u00e9dico Legal en Tel Aviv.<\/p>\n<p>El ej\u00e9rcito israel\u00ed inform\u00f3 este s\u00e1bado que los restos ya fueron entregados a la familia.\u00a0<\/p>\n<p>Seg\u00fan el comunicado castrense, Eliyahu Margalit, muri\u00f3 durante el ataque de Ham\u00e1s del 7 de octubre de 2023 en territorio israel\u00ed, que desencaden\u00f3 la guerra en Gaza.<\/p>\n<p>Margalit, que ten\u00eda 75 a\u00f1os en el momento de su muerte, fue secuestrado en los establos del kibutz de Nir Oz, una comunidad agr\u00edcola que est\u00e1 muy cerca de la frontera con Gaza.\u00a0<\/p>\n<p>Ham\u00e1s reiter\u00f3 el viernes que devolver\u00e1 a Israel los cad\u00e1veres de todos los cautivos que siguen en la Franja de Gaza, como estipula el acuerdo de alto el fuego promovido por Estados Unidos.<\/p>\n<p>Las partes se comprometieron a un cese del fuego a partir del 10 de octubre para que Ham\u00e1s liberara el lunes pasado a los 20 rehenes que segu\u00edan con vida y tambi\u00e9n a los fallecidos.\u00a0<\/p>\n<p>El grupo proiran\u00ed pidi\u00f3 tiempo ante las dificultades de encontrar y extraer los cuerpos de las ruinas del territorio palestino, arrasado por dos a\u00f1os de guerra.<\/p>\n<p>\u00abEl proceso de restituci\u00f3n de los cuerpos de los prisioneros israel\u00edes podr\u00eda tomar alg\u00fan tiempo\u00bb, precis\u00f3 el viernes el movimiento, que gobierna Gaza desde 2007, en respuesta a las acusaciones de Israel de violar los t\u00e9rminos del acuerdo.\u00a0<\/p>\n<p>El asalto sin precedentes de Ham\u00e1s en Israel dej\u00f3 1.221 muertos, en su mayor\u00eda civiles, seg\u00fan un balance de la AFP con base en datos oficiales.\u00a0<\/p>\n<p>La ofensiva israel\u00ed de represalia provoc\u00f3 67.967 fallecidos en Gaza, tambi\u00e9n civiles mayoritariamente, de acuerdo con cifras del Ministerio de Salud del gobierno de Ham\u00e1s, consideradas fiables por la ONU.\u00a0<\/p>\n<p>fa-amj\/rmb\/an\/arm<\/p>\n","protected":false},"excerpt":{"rendered":"afp_tickers Este contenido fue publicado en 18 octubre 2025 &#8211; 08:41 La oficina del primer ministro israel\u00ed, Benjamin&hellip;\n","protected":false},"author":2,"featured_media":184551,"comment_status":"","ping_status":"","sticky":false,"template":"","format":"standard","meta":{"footnotes":""},"categories":[42],"tags":[635,17,18,636,13,14,11,61,62,63,64,19,20,9,10,15,16,90,12,21,22,65,66,67],"class_list":{"0":"post-184550","1":"post","2":"type-post","3":"status-publish","4":"format-standard","5":"has-post-thumbnail","7":"category-internacional","8":"tag-armed-conflict","9":"tag-breaking-news","10":"tag-breakingnews","11":"tag-conflict","12":"tag-featured-news","13":"tag-featurednews","14":"tag-headlines","15":"tag-internacional","16":"tag-international","17":"tag-international-news","18":"tag-internationalnews","19":"tag-latest-news","20":"tag-latestnews","21":"tag-news","22":"tag-noticias","23":"tag-noticias-destacadas","24":"tag-noticiasdestacadas","25":"tag-ticker","26":"tag-titulares","27":"tag-ultimas-noticias","28":"tag-ultimasnoticias","29":"tag-world","30":"tag-world-news","31":"tag-worldnews"},"share_on_mastodon":{"url":"","error":""},"_links":{"self":[{"href":"https:\/\/www.europesays.com\/es\/wp-json\/wp\/v2\/posts\/184550","targetHints":{"allow":["GET"]}}],"collection":[{"href":"https:\/\/www.europesays.com\/es\/wp-json\/wp\/v2\/posts"}],"about":[{"href":"https:\/\/www.europesays.com\/es\/wp-json\/wp\/v2\/types\/post"}],"author":[{"embeddable":true,"href":"https:\/\/www.europesays.com\/es\/wp-json\/wp\/v2\/users\/2"}],"replies":[{"embeddable":true,"href":"https:\/\/www.europesays.com\/es\/wp-json\/wp\/v2\/comments?post=184550"}],"version-history":[{"count":0,"href":"https:\/\/www.europesays.com\/es\/wp-json\/wp\/v2\/posts\/184550\/revisions"}],"wp:featuredmedia":[{"embeddable":true,"href":"https:\/\/www.europesays.com\/es\/wp-json\/wp\/v2\/media\/184551"}],"wp:attachment":[{"href":"https:\/\/www.europesays.com\/es\/wp-json\/wp\/v2\/media?parent=184550"}],"wp:term":[{"taxonomy":"category","embeddable":true,"href":"https:\/\/www.europesays.com\/es\/wp-json\/wp\/v2\/categories?post=184550"},{"taxonomy":"post_tag","embeddable":true,"href":"https:\/\/www.europesays.com\/es\/wp-json\/wp\/v2\/tags?post=184550"}],"curies":[{"name":"wp","href":"https:\/\/api.w.org\/{rel}","templated":true}]}}