{"id":184603,"date":"2025-10-18T08:17:08","date_gmt":"2025-10-18T08:17:08","guid":{"rendered":"https:\/\/www.europesays.com\/es\/184603\/"},"modified":"2025-10-18T08:17:08","modified_gmt":"2025-10-18T08:17:08","slug":"formula-1-en-la-puerta-del-sol-simuladores-y-una-replica-a-escala-del-circuito-madring","status":"publish","type":"post","link":"https:\/\/www.europesays.com\/es\/184603\/","title":{"rendered":"\u00a1F\u00f3rmula 1 en la Puerta del Sol! Simuladores y una r\u00e9plica a escala del circuito \u00abMadring\u00bb"},"content":{"rendered":"<p class=\"mce\">Del 17 al 19 de octubre, el coraz\u00f3n de Madrid late a ritmo de motor. La ic\u00f3nica Puerta del Sol se convierte este fin de semana en una espectacular<strong class=\"mce\"> Fan Zone de F\u00f3rmula 1<\/strong>, una explosi\u00f3n de velocidad y adrenalina para calentar motores de cara al futuro <strong class=\"mce\">Gran Premio de Madrid 2026<\/strong>.<\/p>\n<p class=\"mce\">Se trata de una experiencia inmersiva \u00fanica con el evento \u2018Red Bull Fan Zone Puerta del Sol Comunidad de Madrid\u2019 en el que los aficionados a la F\u00f3rmula 1 podr\u00e1n poner a  prueba sus habilidades al volante con un simulador de F1 de \u00faltima generaci\u00f3n y pilotar coches de radiocontrol sobre una r\u00e9plica a escala de 50 metros del futuro trazado madrile\u00f1o, conocido como \u00abMadring\u00bb.<\/p>\n<p>                <a href=\"https:\/\/www.telemadrid.es\/programas\/deportes-tn\/La-Formula-1-en-Madrid-arranca-batiendo-records-2-2820637948--20250929033000.html\" class=\"lnk\" target=\"_blank\" rel=\"nofollow noopener\">La F\u00f3rmula 1 en Madrid arranca batiendo r\u00e9cords<\/a><\/p>\n<p class=\"mce\">Esta iniciativa, organizada por ANDTONIC STUDIOS, S.L., ha sido impulsada por la Consejer\u00eda de Cultura, Turismo y Deporte de la Comunidad de Madrid, y estimular el deporte del motor en la regi\u00f3n.<\/p>\n<p class=\"mce\">El Gobierno regional ha invertido 121.000 euros en el patrocinio de este evento, que se estima tendr\u00e1 un impacto cercano a los 1,2 millones de euros gracias a la afluencia de m\u00e1s de 20.000 asistentes, invitados VIP y creadores de contenido.<\/p>\n<p>                <a href=\"https:\/\/www.telemadrid.es\/programas\/telenoticias-1\/Madring-toma-forma-las-obras-del-futuro-circuito-de-Formula-1-avanzan-con-6-meses-de-adelanto-2-2817038291--20250917023907.html\" class=\"lnk\" target=\"_blank\" rel=\"nofollow noopener\">&#8216;Madring&#8217; toma forma: las obras del futuro circuito de F\u00f3rmula 1 avanzan con 6 meses de adelanto<\/a><\/p>\n<p class=\"mce\">Se prev\u00e9 que las interacciones digitales superen los 200 millones en redes sociales, lo que se traduce en un valor publicitario estimado de 440.000 euros para la difusi\u00f3n de la Marca Madrid.<\/p>\n","protected":false},"excerpt":{"rendered":"Del 17 al 19 de octubre, el coraz\u00f3n de Madrid late a ritmo de motor. La ic\u00f3nica Puerta&hellip;\n","protected":false},"author":2,"featured_media":184604,"comment_status":"","ping_status":"","sticky":false,"template":"","format":"standard","meta":{"footnotes":""},"categories":[270],"tags":[168,25,24,306,271,272,2659,7594,7596,7597,7595,7598,23,167],"class_list":{"0":"post-184603","1":"post","2":"type-post","3":"status-publish","4":"format-standard","5":"has-post-thumbnail","7":"category-formula-1","8":"tag-deportes","9":"tag-es","10":"tag-espana","11":"tag-f1","12":"tag-formula-1","13":"tag-formula1","14":"tag-noticias-de-madrid","15":"tag-noticias-de-madrid-de-hoy","16":"tag-noticias-de-madrid-en-directo","17":"tag-noticias-de-madrid-en-vivo","18":"tag-noticias-de-madrid-ultima-hora","19":"tag-noticias-madrid-en-vivo","20":"tag-spain","21":"tag-sports"},"share_on_mastodon":{"url":"","error":""},"_links":{"self":[{"href":"https:\/\/www.europesays.com\/es\/wp-json\/wp\/v2\/posts\/184603","targetHints":{"allow":["GET"]}}],"collection":[{"href":"https:\/\/www.europesays.com\/es\/wp-json\/wp\/v2\/posts"}],"about":[{"href":"https:\/\/www.europesays.com\/es\/wp-json\/wp\/v2\/types\/post"}],"author":[{"embeddable":true,"href":"https:\/\/www.europesays.com\/es\/wp-json\/wp\/v2\/users\/2"}],"replies":[{"embeddable":true,"href":"https:\/\/www.europesays.com\/es\/wp-json\/wp\/v2\/comments?post=184603"}],"version-history":[{"count":0,"href":"https:\/\/www.europesays.com\/es\/wp-json\/wp\/v2\/posts\/184603\/revisions"}],"wp:featuredmedia":[{"embeddable":true,"href":"https:\/\/www.europesays.com\/es\/wp-json\/wp\/v2\/media\/184604"}],"wp:attachment":[{"href":"https:\/\/www.europesays.com\/es\/wp-json\/wp\/v2\/media?parent=184603"}],"wp:term":[{"taxonomy":"category","embeddable":true,"href":"https:\/\/www.europesays.com\/es\/wp-json\/wp\/v2\/categories?post=184603"},{"taxonomy":"post_tag","embeddable":true,"href":"https:\/\/www.europesays.com\/es\/wp-json\/wp\/v2\/tags?post=184603"}],"curies":[{"name":"wp","href":"https:\/\/api.w.org\/{rel}","templated":true}]}}