{"id":184611,"date":"2025-10-18T08:21:11","date_gmt":"2025-10-18T08:21:11","guid":{"rendered":"https:\/\/www.europesays.com\/es\/184611\/"},"modified":"2025-10-18T08:21:11","modified_gmt":"2025-10-18T08:21:11","slug":"pozo-san-jose-el-legado-turones-de-jose-muniz-el-pozo-san-jose-acoge-la-exposicion-de-casi-1-000-retratos-de-mediados-del-siglo-pasado-en-el-valle","status":"publish","type":"post","link":"https:\/\/www.europesays.com\/es\/184611\/","title":{"rendered":"POZO SAN JOS\u00c9 | El legado turon\u00e9s de Jos\u00e9 Mu\u00f1iz: el pozo San Jos\u00e9 acoge la exposici\u00f3n de casi 1.000 retratos de mediados del siglo pasado en el valle"},"content":{"rendered":"<p class=\"ft-text ft-helper-closenews\"><strong>\u00abEs el mayor fondo fotogr\u00e1fico, con mucha diferencia, de un solo autor que se conserva en Espa\u00f1a\u00bb. Estas palabras las pronuncia el historiador Guillermo Bas para definir el trabajo del fot\u00f3grafo turon\u00e9s Jos\u00e9 Mu\u00f1iz, <\/strong>en la inauguraci\u00f3n de una exposici\u00f3n de una \u00ednfima parte de toda su obra, que este viernes se pon\u00eda de largo en <a class=\"ft-link ft-link--decoration\" href=\"https:\/\/www.lne.es\/cuencas\/2025\/03\/24\/hunosa-consolida-pozo-san-jose-115608366.html\" rel=\"nofollow noopener\" target=\"_blank\">el pozo San Jos\u00e9 de Tur\u00f3n<\/a>. Un acto que estuvo precedido por la firma de un convenio entre la empresa Hunosa y la Asociaci\u00f3n Cultural y Minera Santa B\u00e1rbara, que unen sus fuerzas como agentes conservadores y divulgadores del legado minero.<\/p>\n<p class=\"ft-text\">La muestra <strong>\u00abEl Tur\u00f3n de Jos\u00e9 Mu\u00f1iz. Gente y lugares del Valle\u00bb <\/strong>se exhibe ya en el Espacio Cultural Pozo San Jos\u00e9 de Hunosa y se podr\u00e1 visitar hasta el 11 de enero de 2026<strong>. Est\u00e1 compuesta por m\u00e1s de 12.000 im\u00e1genes cotidianas inmortalizadas por este turon\u00e9s, que durante buena parte de su vida compagin\u00f3 el trabajo en la mina como lampistero con la fotograf\u00eda. <\/strong>De todas estas fotos, m\u00e1s de 800 se encuentran en lonas repartidas por todo el espacio, mientras que el resto se proyectan en diferentes pantallas multimedia. En esta selecci\u00f3n, explicaba Guillermo Bas, se muestran desde fotos de carn\u00e9, de boda, de estudio y de tem\u00e1tica minera, adem\u00e1s de im\u00e1genes de la vida cotidiana de la gente de Tur\u00f3n<strong>. En total, y gracias a su hija, se han conservado unos 157.000 negativos de cuatro d\u00e9cadas, entre mediados de los a\u00f1os 40 y mediados de los a\u00f1os 80 del siglo pasado, que la Asociaci\u00f3n Santa B\u00e1rbara se ha encargado de digitalizar y preservar.<\/strong><\/p>\n<p>Recuerdo<\/p>\n<p class=\"ft-text\"><strong>La exposici\u00f3n permitir\u00e1 adem\u00e1s los visitantes identificar a familiares y conocidos entre las fotograf\u00edas, que abarcan casi una d\u00e9cada, entre 1947 y 1952. Y para m\u00e1s abundamiento, se habilitar\u00e1 un servicio de impresi\u00f3n para estampar en el propio pozo las im\u00e1genes deseadas, y que el visitante se lleve un recuerdo imborrable \u00abde quienes construyeron la memoria colectiva de este valle\u00bb.<\/strong> \u00abLa muestra rinde tributo a las generaciones que forjaron la identidad minera y social de Tur\u00f3n y reconoce, al mismo tiempo, la dedicaci\u00f3n de Jos\u00e9 Mu\u00f1iz, fiel testigo de una \u00e9poca de la que dej\u00f3 constancia en sus carretes\u00bb, se\u00f1al\u00f3 el presidente de Hunosa, Enrique Fern\u00e1ndez.<\/p>\n<p><img decoding=\"async\" src=\"https:\/\/www.europesays.com\/es\/wp-content\/uploads\/2025\/10\/b53a9d68-44c8-4f51-adae-3f7a6836fd1a_alta-libre-aspect-ratio_default_0.jpg\" width=\"1200\" height=\"800\" alt=\"Presentaci\u00f3n acuerdo Asociaci\u00f3n Santa B\u00e1rbara y Hunosa y muestra de fotos de Jos\u00e9 Mu\u00f1iz en el pozo San Jos\u00e9 de Tur\u00f3n\" class=\"ft-helper-img-rd\" loading=\"lazy\" hasdataaida=\"true\"\/><\/p>\n<p class=\"ft-helper-fontColor-quaternary ft-helper-fontSize-body-S ft-helper-spacer-t-xxs\">Mar\u00eda Antonia Mu\u00f1iz se\u00f1ala la foto en la que sale con una amiga que le hizo su padre.  \/ A. Velasco<\/p>\n<p class=\"ft-text\"><strong>En el acto tambi\u00e9n estuvo Mar\u00eda Antonia Mu\u00f1iz, hija del fot\u00f3grafo, que emocionada, recordaba c\u00f3mo junto a su padre hac\u00eda \u00abhora extra\u00bb revelando fotograf\u00edas cuando apenas contaba con 14 a\u00f1os<\/strong>. Ell es adem\u00e1s la protectora del legado de su padre, que pese a querer deshacerse de las fotos, cedi\u00f3 finalmente para que Maria Antonia las guardase. Hoy, son un testigo de la historia de Tur\u00f3n, como ella misma narra, junto a una instant\u00e1nea en la que aparece, hace casi siete d\u00e9cadas, junto a una amiga en su casa.<\/p>\n<p>Convenio<\/p>\n<p class=\"ft-text\">Este acto celebrado en el pozo San Jos\u00e9 tambi\u00e9n sirvi\u00f3 para rubricar el convenio de colaboraci\u00f3n entre la empresa Hunosa y la Asociaci\u00f3n Cultural y Minera Santa B\u00e1rbara. <strong>Enrique Fern\u00e1ndez, presidente de la hullera, destac\u00f3 que el convenio, \u00abcontempla la redacci\u00f3n, edici\u00f3n y distribuci\u00f3n de publicaciones que tengan que ver con el legado minero\u00bb. <\/strong>\u00abEs importante realizar estos actos en espacios como el pozo San Jos\u00e9, porque tambi\u00e9n damos a conocer nuestro patrimonio minero\u00bb, apunt\u00f3 Fern\u00e1ndez.<\/p>\n<p><img decoding=\"async\" src=\"https:\/\/www.europesays.com\/es\/wp-content\/uploads\/2025\/10\/4c2b5f40-e031-4937-9a05-5ac5900bad70_alta-libre-aspect-ratio_default_0.jpg\" width=\"1200\" height=\"800\" alt=\"Presentaci\u00f3n acuerdo Asociaci\u00f3n Santa B\u00e1rbara y Hunosa y muestra de fotos de Jos\u00e9 Mu\u00f1iz en el pozo San Jos\u00e9 de Tur\u00f3n\" class=\"ft-helper-img-rd\" loading=\"lazy\" hasdataaida=\"true\"\/><\/p>\n<p class=\"ft-helper-fontColor-quaternary ft-helper-fontSize-body-S ft-helper-spacer-t-xxs\">Por la izquierda, Felipe Bur\u00f3n y Enrique Fern\u00e1ndez, durante la firma del convenio en el pozo San Jos\u00e9.  \/ A. Velasco<\/p>\n<p class=\"ft-text\"><strong>Mientras, Felipe Bur\u00f3n se\u00f1al\u00f3 que \u00abeste convenio nos va a permitir dar un paso m\u00e1s all\u00e1 de calidad\u00bb.<\/strong> \u00abNosotros, desde la asociaci\u00f3n Santa B\u00e1rbara, podemos hacer muchas cosas, pero tenemos que tener un respaldo para poder lanzarlas y divulgarlas, y este acuerdo nos permitir\u00e1 hacerlo\u00bb, apostill\u00f3.<\/p>\n<p data-close=\"closedContent\" class=\"subscribeHideForDisplay\">Suscr\u00edbete para seguir leyendo<\/p>\n","protected":false},"excerpt":{"rendered":"\u00abEs el mayor fondo fotogr\u00e1fico, con mucha diferencia, de un solo autor que se conserva en Espa\u00f1a\u00bb. Estas&hellip;\n","protected":false},"author":2,"featured_media":184612,"comment_status":"","ping_status":"","sticky":false,"template":"","format":"standard","meta":{"footnotes":""},"categories":[173],"tags":[229,233,231,230,232,234,146,147,25,10558,24,2003,8420,260,52118,2467,363,51364,36211,18709,52117,23,52116,33836],"class_list":{"0":"post-184611","1":"post","2":"type-post","3":"status-publish","4":"format-standard","5":"has-post-thumbnail","7":"category-arte-y-diseno","8":"tag-arte","9":"tag-arte-y-diseno","10":"tag-arts","11":"tag-arts-and-design","12":"tag-design","13":"tag-diseno","14":"tag-entertainment","15":"tag-entretenimiento","16":"tag-es","17":"tag-espacio","18":"tag-espana","19":"tag-exposicion","20":"tag-fotografias","21":"tag-gente","22":"tag-hunosa","23":"tag-jose","24":"tag-legado","25":"tag-muniz","26":"tag-pozo","27":"tag-retratos","28":"tag-santa-barbara","29":"tag-spain","30":"tag-turones","31":"tag-valle-de-turon"},"share_on_mastodon":{"url":"","error":""},"_links":{"self":[{"href":"https:\/\/www.europesays.com\/es\/wp-json\/wp\/v2\/posts\/184611","targetHints":{"allow":["GET"]}}],"collection":[{"href":"https:\/\/www.europesays.com\/es\/wp-json\/wp\/v2\/posts"}],"about":[{"href":"https:\/\/www.europesays.com\/es\/wp-json\/wp\/v2\/types\/post"}],"author":[{"embeddable":true,"href":"https:\/\/www.europesays.com\/es\/wp-json\/wp\/v2\/users\/2"}],"replies":[{"embeddable":true,"href":"https:\/\/www.europesays.com\/es\/wp-json\/wp\/v2\/comments?post=184611"}],"version-history":[{"count":0,"href":"https:\/\/www.europesays.com\/es\/wp-json\/wp\/v2\/posts\/184611\/revisions"}],"wp:featuredmedia":[{"embeddable":true,"href":"https:\/\/www.europesays.com\/es\/wp-json\/wp\/v2\/media\/184612"}],"wp:attachment":[{"href":"https:\/\/www.europesays.com\/es\/wp-json\/wp\/v2\/media?parent=184611"}],"wp:term":[{"taxonomy":"category","embeddable":true,"href":"https:\/\/www.europesays.com\/es\/wp-json\/wp\/v2\/categories?post=184611"},{"taxonomy":"post_tag","embeddable":true,"href":"https:\/\/www.europesays.com\/es\/wp-json\/wp\/v2\/tags?post=184611"}],"curies":[{"name":"wp","href":"https:\/\/api.w.org\/{rel}","templated":true}]}}