{"id":184613,"date":"2025-10-18T08:22:15","date_gmt":"2025-10-18T08:22:15","guid":{"rendered":"https:\/\/www.europesays.com\/es\/184613\/"},"modified":"2025-10-18T08:22:15","modified_gmt":"2025-10-18T08:22:15","slug":"javier-junceda-libro-el-prestigioso-jurista-javier-junceda-presenta-su-ultimo-libro-en-navia-su-concejo-natal","status":"publish","type":"post","link":"https:\/\/www.europesays.com\/es\/184613\/","title":{"rendered":"JAVIER JUNCEDA LIBRO | El prestigioso jurista Javier Junceda presenta su \u00faltimo libro en Navia, su concejo natal"},"content":{"rendered":"<p class=\"ft-text\">El prestigioso jurista <strong>Javier Junceda <\/strong>present\u00f3 ayer, viernes, en el <strong>Casino de Navia su libro \u00abAsturias y los asturianos\u00bb<\/strong>. Lo hizo en compa\u00f1\u00eda de la Alcaldesa, Ana Isabel Fern\u00e1ndez, y de numeroso p\u00fablico. La nueva obra del especialista en leyes, que es naviego, presenta 70 relatos con reflexiones personales sobre Asturias y con retratos de asturianos influyentes. Algunas de las piezas se publicaron en su d\u00eda en este diario.<\/p>\n<p class=\"ft-text\">Junceda present\u00f3 su este libro en el Centro Asturiano de Madrid, en la sede ovetense del Real Instituto de Estudios Asturianos y este viernes lo hizo en Navia. El jurista advierte de que <strong>Asturias perdi\u00f3 influencia en Espa\u00f1a<\/strong> y abre el debate de la fiscalidad. El estudioso y escritor propone, adem\u00e1s, alternativas para que el Principado logre m\u00e1s desarrollo econ\u00f3mico y, con \u00e9l, social.<\/p>\n","protected":false},"excerpt":{"rendered":"El prestigioso jurista Javier Junceda present\u00f3 ayer, viernes, en el Casino de Navia su libro \u00abAsturias y los&hellip;\n","protected":false},"author":2,"featured_media":184614,"comment_status":"","ping_status":"","sticky":false,"template":"","format":"standard","meta":{"footnotes":""},"categories":[172],"tags":[18114,32543,1770,224,146,147,25,24,5264,52120,52119,225,20814,2782,1920,23],"class_list":{"0":"post-184613","1":"post","2":"type-post","3":"status-publish","4":"format-standard","5":"has-post-thumbnail","7":"category-libros","8":"tag-alcaldesa","9":"tag-asturianos","10":"tag-asturias","11":"tag-books","12":"tag-entertainment","13":"tag-entretenimiento","14":"tag-es","15":"tag-espana","16":"tag-javier","17":"tag-junceda","18":"tag-jurista","19":"tag-libros","20":"tag-occidente","21":"tag-presenta","22":"tag-prestigioso","23":"tag-spain"},"share_on_mastodon":{"url":"","error":""},"_links":{"self":[{"href":"https:\/\/www.europesays.com\/es\/wp-json\/wp\/v2\/posts\/184613","targetHints":{"allow":["GET"]}}],"collection":[{"href":"https:\/\/www.europesays.com\/es\/wp-json\/wp\/v2\/posts"}],"about":[{"href":"https:\/\/www.europesays.com\/es\/wp-json\/wp\/v2\/types\/post"}],"author":[{"embeddable":true,"href":"https:\/\/www.europesays.com\/es\/wp-json\/wp\/v2\/users\/2"}],"replies":[{"embeddable":true,"href":"https:\/\/www.europesays.com\/es\/wp-json\/wp\/v2\/comments?post=184613"}],"version-history":[{"count":0,"href":"https:\/\/www.europesays.com\/es\/wp-json\/wp\/v2\/posts\/184613\/revisions"}],"wp:featuredmedia":[{"embeddable":true,"href":"https:\/\/www.europesays.com\/es\/wp-json\/wp\/v2\/media\/184614"}],"wp:attachment":[{"href":"https:\/\/www.europesays.com\/es\/wp-json\/wp\/v2\/media?parent=184613"}],"wp:term":[{"taxonomy":"category","embeddable":true,"href":"https:\/\/www.europesays.com\/es\/wp-json\/wp\/v2\/categories?post=184613"},{"taxonomy":"post_tag","embeddable":true,"href":"https:\/\/www.europesays.com\/es\/wp-json\/wp\/v2\/tags?post=184613"}],"curies":[{"name":"wp","href":"https:\/\/api.w.org\/{rel}","templated":true}]}}