{"id":184624,"date":"2025-10-18T08:28:10","date_gmt":"2025-10-18T08:28:10","guid":{"rendered":"https:\/\/www.europesays.com\/es\/184624\/"},"modified":"2025-10-18T08:28:10","modified_gmt":"2025-10-18T08:28:10","slug":"la-princesa-leonor-da-un-paso-mas-en-sus-compromisos-y-sera-la-protagonista-en-el-pueblo-ejemplar-de-asturias-el-mundo","status":"publish","type":"post","link":"https:\/\/www.europesays.com\/es\/184624\/","title":{"rendered":"La Princesa Leonor da un paso m\u00e1s en sus compromisos y ser\u00e1 la protagonista en el pueblo ejemplar de Asturias &#8211; El Mundo"},"content":{"rendered":"<ol>\n<li><a href=\"https:\/\/news.google.com\/rss\/articles\/CBMiekFVX3lxTE5VY2l2MUROSHNkRzRWMk81bkljMkhYVXY4R1djZmtrWkZsU3V2OFFON3VrNEVTZ2hpNGN2TnJBaE4tcUlOMUVvTWhNWHh1QTBGTlVYNzcwV1ljOHRQbmZtV0Y1dFc0c1Nzb2NCb3Z4WDZfUlFzakJLbjNB0gF6QVVfeXFMTzFXcUZ2QUZlRFk1M1ZNUlYxeTNUcGlTbGdBTldmLUpoWmNLN0dWTWNJUnBOSmVGSHBFbV9DTGZzOEM2SHRmaWFHVnZpQndmRWs1S1pWQ0dkaXVBMC1vTG15cWFBak1pZzZmTkhMVnMtaGxBUVFpRm1LcGc?oc=5\" target=\"_blank\" rel=\"nofollow noopener\">La Princesa Leonor da un paso m\u00e1s en sus compromisos y ser\u00e1 la protagonista en el pueblo ejemplar de Asturias<\/a>&nbsp;&nbsp;El Mundo<\/li>\n<li><a href=\"https:\/\/news.google.com\/rss\/articles\/CBMigAJBVV95cUxNWVpiQTlBSjkzMzhQaW5CbnRGMnBkSWk4Y3RCX3Qtc3JsRGNFV2Nhdl82VWc1akJmMUprVlhMalVCRFRHLW4yT0VrQng5U1Bid0xsck51LTloYmg0S3E5R2w1U1U4WkNyckZ1bFY5d1d4YXdhQTNZdDVsakllZ3MybmpPWG9IZHY4ZHlaQjJQeGNJSEtGOVNHVkFJWkxVTlZicWJTSjJkb1pCUVZDdnFPS1Vzd2JtX3FreEFaV3NObFZtNkRQUG5BSm55Mnd5cjQzTHcxbkJKa045bFZHWHdTNXVEbE11THUwMHhCWHNFbmo1bnhCU2EzblBrUUlFREtr0gGGAkFVX3lxTE93RzVfQ2l4bkRWUkFxQzFpYXVua3N1aEFzZ0NFM2NmdnZhempob0xPMjJ3b0dJQkxqWERHRnVmeWRtd0FKaEdIdkUyeUE3Vzk3Vlduc0ZXS1pham4xWWh2WjBLWG5VSHUzVVduZlZQWmVUUlpDRklickFiV0hnYjZkbXVHLVpfamdnRlNKZkt2RHFuQS1RWG9sX25nRkVkWGI4TmFCWGZ0Qlg3X2k2Y2JlS3VmdVRyLVVncmxlaU1RQjU1VnhzTnllSTMyU25wdmtkM0pKc01EVGtUT3JmdjFaM0dpVkthTDJvdjVqQXBsY1o4bURzTEVjX0VXbVRPaUtXeVpFaHc?oc=5\" target=\"_blank\" rel=\"nofollow noopener\">La princesa de Asturias protagonizar\u00e1 el pr\u00f3ximo s\u00e1bado la entrega del Premio al Pueblo Ejemplar de Asturias 2025<\/a>&nbsp;&nbsp;La Vanguardia<\/li>\n<li><a href=\"https:\/\/news.google.com\/rss\/articles\/CBMisAFBVV95cUxPQlpMWkJKRjhVbnBBbFJYMDlJSHFPX0tqYzlRN2NZcFFLVXpJLUpnOXpyTk45UEIzRFBkeGgzM2pyX1ZvTmM1S0ZPN3dPbFJEVmlpUTg2d2Y5WC1WTEhPaGZHVEw0eFNsQkZxUU43LXRPRVFFVUlpNmgyYXNfaUpEWkE3RXF3Rms5WmpRNW5fU0NVQjVLcGJaZkNHN01lTkpmMHZsaElmOXd3LVdjOXFNdw?oc=5\" target=\"_blank\" rel=\"nofollow noopener\">Agenda: todos los lugares a los que acudir\u00e1 la Familia Real en Asturias durante los Premios Princesa<\/a>&nbsp;&nbsp;El Comercio<\/li>\n<li><a href=\"https:\/\/news.google.com\/rss\/articles\/CBMitAJBVV95cUxQd2I3elllWDEtY2J4YS1XNDdVXzY5SXBzYWxYb0szeGdQNEJiYlQ1a1lHLTNza09Eb2hEOTlmM2YxbVFtRy13Umx4Sm05T0s0MzYxYzh2QlZHdUczT3Q2RUgySFUtdDJyRjVuUkxZUTV1cnEtSmZ2clgzSnJUekV5b3FaeTRyejVVNUVMUWYzS21GTHdQUFFiMHRQbU1wdnNwSzZUSXBLV21lblJvS2JBX0RYM2c4RXNsYkVpT2FiQUp6bl9PaWs5c1RVZkR5VEFJT2thMUNmdThGQzlqSWlVaDNYSm5uREpwR2M4VDNWTEx3Rk5HZTd3UnpjTi1EYjlOWFlXVlBJWUNfT2dmWkNua3dvdUJhX2xNU0hMNTNkeGlVdF9lR3ZGZzd2WnhIX2pZZzFIYtIBnwJBVV95cUxPb05lRjFPZ2lLUUxTbTYwdmlFbkp5Skc2SXUtRFpvalRfZmx1V1N2UGFua01nTjlMVlJMemlsc3JsSDJNakd4NmU2a3hFZG1DcTQyTm1HNENCamY4dHFYXzJsZmVZRmhBQ0tEb1VyMlNzOGhPU2F4cXlRSDkwbmpZal9LM2hYNjNlOV9DVG45SE1UdkJRaTZUU3lJSTdOR3RXLUhLX2N4eTNNUlBJZGhGeHR5MzZXaWx4ZnVQRE02WUd4UGpZdVhhaC1iWnpVS0tXZmwtREd5NC1zMVMwZ29JTFhYWkpUa01hQXhlbFpLVjlITV9KZTR2dHgtUGE5b2VVQlo2VF95eXNramY5ZXNIbXZycE55NHIxWTF5ZEZERQ?oc=5\" target=\"_blank\" rel=\"nofollow noopener\">La gran noche de Leonor en Asturias: su s\u00e9ptima ceremonia y su nuevo papel en Valdesoto el Pueblo Ejemplar<\/a>&nbsp;&nbsp;El Economista<\/li>\n<li><a href=\"https:\/\/news.google.com\/rss\/articles\/CBMirgFBVV95cUxOTFRKejVMV19wQjF2eTdIa0Z3RW40M1Vvd2xHeXpHSTRDNVgweUhVMlJReDhBdEpuMnlMNXh3aFZaLThUb0RhVFVMb3FlTmtQNzJyX256eFBBZkR4ai13WUw0SXZ2ZW1FMEgtc0tnSVF5UThFWU1jUnN5VHVZLTRybUstWDA1VEdUVmpKTFRDdHpGa0FVR0RHVHRwLVg0cThESXJhd0lrMU9kOGlqSUE?oc=5\" target=\"_blank\" rel=\"nofollow noopener\">Cambios en las funciones de la Princesa Leonor: la Casa Real anuncia un nuevo aumento de protagonismo de la heredera en la visita a Asturias por los Premios<\/a>&nbsp;&nbsp;LNE<\/li>\n<\/ol>\n","protected":false},"excerpt":{"rendered":"La Princesa Leonor da un paso m\u00e1s en sus compromisos y ser\u00e1 la protagonista en el pueblo ejemplar&hellip;\n","protected":false},"author":2,"featured_media":184625,"comment_status":"","ping_status":"","sticky":false,"template":"","format":"standard","meta":{"footnotes":""},"categories":[91],"tags":[146,147,25,24,11439,811,23],"class_list":{"0":"post-184624","1":"post","2":"type-post","3":"status-publish","4":"format-standard","5":"has-post-thumbnail","7":"category-entretenimiento","8":"tag-entertainment","9":"tag-entretenimiento","10":"tag-es","11":"tag-espana","12":"tag-felipe-vi","13":"tag-princesa-leonor","14":"tag-spain"},"share_on_mastodon":{"url":"","error":""},"_links":{"self":[{"href":"https:\/\/www.europesays.com\/es\/wp-json\/wp\/v2\/posts\/184624","targetHints":{"allow":["GET"]}}],"collection":[{"href":"https:\/\/www.europesays.com\/es\/wp-json\/wp\/v2\/posts"}],"about":[{"href":"https:\/\/www.europesays.com\/es\/wp-json\/wp\/v2\/types\/post"}],"author":[{"embeddable":true,"href":"https:\/\/www.europesays.com\/es\/wp-json\/wp\/v2\/users\/2"}],"replies":[{"embeddable":true,"href":"https:\/\/www.europesays.com\/es\/wp-json\/wp\/v2\/comments?post=184624"}],"version-history":[{"count":0,"href":"https:\/\/www.europesays.com\/es\/wp-json\/wp\/v2\/posts\/184624\/revisions"}],"wp:featuredmedia":[{"embeddable":true,"href":"https:\/\/www.europesays.com\/es\/wp-json\/wp\/v2\/media\/184625"}],"wp:attachment":[{"href":"https:\/\/www.europesays.com\/es\/wp-json\/wp\/v2\/media?parent=184624"}],"wp:term":[{"taxonomy":"category","embeddable":true,"href":"https:\/\/www.europesays.com\/es\/wp-json\/wp\/v2\/categories?post=184624"},{"taxonomy":"post_tag","embeddable":true,"href":"https:\/\/www.europesays.com\/es\/wp-json\/wp\/v2\/tags?post=184624"}],"curies":[{"name":"wp","href":"https:\/\/api.w.org\/{rel}","templated":true}]}}