{"id":184634,"date":"2025-10-18T08:35:08","date_gmt":"2025-10-18T08:35:08","guid":{"rendered":"https:\/\/www.europesays.com\/es\/184634\/"},"modified":"2025-10-18T08:35:08","modified_gmt":"2025-10-18T08:35:08","slug":"cortes-de-trafico-en-jaen-este-sabado-por-el-encierro-infantil-y-el-festejo-taurino-de-san-lucas","status":"publish","type":"post","link":"https:\/\/www.europesays.com\/es\/184634\/","title":{"rendered":"Cortes de tr\u00e1fico en Ja\u00e9n este s\u00e1bado por el encierro infantil y el festejo taurino de San Lucas"},"content":{"rendered":"\n<p>La Polic\u00eda Local de Ja\u00e9n ha informado de varios cortes de tr\u00e1fico este s\u00e1bado, 18 de octubre, con motivo de las actividades programadas dentro de la Feria y Fiestas de San Lucas 2025, que encara ya su recta final.<\/p>\n<p>A partir de las 12:00 horas, tendr\u00e1 lugar el encierro infantil con toro-carros, que recorrer\u00e1 la Alameda de Adolfo Su\u00e1rez. El recorrido partir\u00e1 desde la Fuente de la Alameda, continuar\u00e1 por la calle Plaza de Toros y finalizar\u00e1 en el Coso de la Alameda, donde los m\u00e1s peque\u00f1os disfrutar\u00e1n de una jornada festiva y segura. Durante el evento, el tr\u00e1fico permanecer\u00e1 restringido en las v\u00edas del itinerario.<\/p>\n<p>Por la tarde, con motivo del festejo taurino en la Plaza de Toros de Ja\u00e9n, se corta la circulaci\u00f3n a partir de las 16:00 horas en el tramo de la calle Plaza de Toros, permiti\u00e9ndose \u00fanicamente el acceso por la calle Puerta del \u00c1ngel. Tambi\u00e9n se restringe el paso en la calle Arrastradero hacia Cr\u00edtico Taurino \u00c1ngel del Arco Navarrete, excepto para veh\u00edculos autorizados.<\/p>\n","protected":false},"excerpt":{"rendered":"La Polic\u00eda Local de Ja\u00e9n ha informado de varios cortes de tr\u00e1fico este s\u00e1bado, 18 de octubre, con&hellip;\n","protected":false},"author":2,"featured_media":184635,"comment_status":"","ping_status":"","sticky":false,"template":"","format":"standard","meta":{"footnotes":""},"categories":[277],"tags":[373,168,25,24,23,167,374],"class_list":{"0":"post-184634","1":"post","2":"type-post","3":"status-publish","4":"format-standard","5":"has-post-thumbnail","7":"category-toreo","8":"tag-bullfighting","9":"tag-deportes","10":"tag-es","11":"tag-espana","12":"tag-spain","13":"tag-sports","14":"tag-toreo"},"share_on_mastodon":{"url":"","error":""},"_links":{"self":[{"href":"https:\/\/www.europesays.com\/es\/wp-json\/wp\/v2\/posts\/184634","targetHints":{"allow":["GET"]}}],"collection":[{"href":"https:\/\/www.europesays.com\/es\/wp-json\/wp\/v2\/posts"}],"about":[{"href":"https:\/\/www.europesays.com\/es\/wp-json\/wp\/v2\/types\/post"}],"author":[{"embeddable":true,"href":"https:\/\/www.europesays.com\/es\/wp-json\/wp\/v2\/users\/2"}],"replies":[{"embeddable":true,"href":"https:\/\/www.europesays.com\/es\/wp-json\/wp\/v2\/comments?post=184634"}],"version-history":[{"count":0,"href":"https:\/\/www.europesays.com\/es\/wp-json\/wp\/v2\/posts\/184634\/revisions"}],"wp:featuredmedia":[{"embeddable":true,"href":"https:\/\/www.europesays.com\/es\/wp-json\/wp\/v2\/media\/184635"}],"wp:attachment":[{"href":"https:\/\/www.europesays.com\/es\/wp-json\/wp\/v2\/media?parent=184634"}],"wp:term":[{"taxonomy":"category","embeddable":true,"href":"https:\/\/www.europesays.com\/es\/wp-json\/wp\/v2\/categories?post=184634"},{"taxonomy":"post_tag","embeddable":true,"href":"https:\/\/www.europesays.com\/es\/wp-json\/wp\/v2\/tags?post=184634"}],"curies":[{"name":"wp","href":"https:\/\/api.w.org\/{rel}","templated":true}]}}