{"id":184636,"date":"2025-10-18T08:40:08","date_gmt":"2025-10-18T08:40:08","guid":{"rendered":"https:\/\/www.europesays.com\/es\/184636\/"},"modified":"2025-10-18T08:40:08","modified_gmt":"2025-10-18T08:40:08","slug":"ayuso-acude-este-sabado-al-gp-de-eeuu-de-f1-para-conocer-su-experiencia-en-la-operativa-de-los-servicios-publicos","status":"publish","type":"post","link":"https:\/\/www.europesays.com\/es\/184636\/","title":{"rendered":"Ayuso acude este s\u00e1bado al GP de EEUU de F1 para \u00abconocer su experiencia en la operativa de los servicios p\u00fablicos\u00bb"},"content":{"rendered":"<p>    MADRID 18 Oct. (EUROPA PRESS) &#8211; <\/p>\n<p>   La presidenta de la Comunidad de Madrid, Isabel D\u00edaz Ayuso, en el segundo d\u00eda de su viaje institucional a Estados Unidos, asiste este s\u00e1bado a la jornada de clasificaci\u00f3n del Gran Premio de Estados Unidos, que se celebra en el Circuito de las Am\u00e9ricas de Austin (Texas), para \u00abconocer su experiencia en la operativa de los servicios p\u00fablicos\u00bb.<\/p>\n<p>   Seg\u00fan recoge un comunicado remitido por la Comunidad de Madrid, en el circuito se reunir\u00e1 con el presidente de la F1, Stefano Domenicali, as\u00ed como con el resto de la organizaci\u00f3n.<\/p>\n<p>   La mandataria auton\u00f3mica ha destacado Austin como \u00abuna de las plazas de la F1 que ya tiene mucha experiencia en la organizaci\u00f3n de estos eventos\u00bb.<\/p>\n<p>    \u00abQueremos ver desde dentro la operativa, tambi\u00e9n el servicio de tecnolog\u00eda que se ofrece en ella y a su vez, c\u00f3mo se organiza los servicios p\u00fablicos de una ciudad como esta ante un evento que mueve tant\u00edsima gente en el comercio, en el turismo y en todo lo que conlleva un evento de esta magnitud\u00bb, ha trasladado tras reunirse en la sede de la multinacional Amazon Web Services.<\/p>\n","protected":false},"excerpt":{"rendered":"MADRID 18 Oct. (EUROPA PRESS) &#8211; La presidenta de la Comunidad de Madrid, Isabel D\u00edaz Ayuso, en el&hellip;\n","protected":false},"author":2,"featured_media":184637,"comment_status":"","ping_status":"","sticky":false,"template":"","format":"standard","meta":{"footnotes":""},"categories":[270],"tags":[168,25,24,306,271,272,23,167],"class_list":{"0":"post-184636","1":"post","2":"type-post","3":"status-publish","4":"format-standard","5":"has-post-thumbnail","7":"category-formula-1","8":"tag-deportes","9":"tag-es","10":"tag-espana","11":"tag-f1","12":"tag-formula-1","13":"tag-formula1","14":"tag-spain","15":"tag-sports"},"share_on_mastodon":{"url":"","error":""},"_links":{"self":[{"href":"https:\/\/www.europesays.com\/es\/wp-json\/wp\/v2\/posts\/184636","targetHints":{"allow":["GET"]}}],"collection":[{"href":"https:\/\/www.europesays.com\/es\/wp-json\/wp\/v2\/posts"}],"about":[{"href":"https:\/\/www.europesays.com\/es\/wp-json\/wp\/v2\/types\/post"}],"author":[{"embeddable":true,"href":"https:\/\/www.europesays.com\/es\/wp-json\/wp\/v2\/users\/2"}],"replies":[{"embeddable":true,"href":"https:\/\/www.europesays.com\/es\/wp-json\/wp\/v2\/comments?post=184636"}],"version-history":[{"count":0,"href":"https:\/\/www.europesays.com\/es\/wp-json\/wp\/v2\/posts\/184636\/revisions"}],"wp:featuredmedia":[{"embeddable":true,"href":"https:\/\/www.europesays.com\/es\/wp-json\/wp\/v2\/media\/184637"}],"wp:attachment":[{"href":"https:\/\/www.europesays.com\/es\/wp-json\/wp\/v2\/media?parent=184636"}],"wp:term":[{"taxonomy":"category","embeddable":true,"href":"https:\/\/www.europesays.com\/es\/wp-json\/wp\/v2\/categories?post=184636"},{"taxonomy":"post_tag","embeddable":true,"href":"https:\/\/www.europesays.com\/es\/wp-json\/wp\/v2\/tags?post=184636"}],"curies":[{"name":"wp","href":"https:\/\/api.w.org\/{rel}","templated":true}]}}