{"id":184662,"date":"2025-10-18T08:54:08","date_gmt":"2025-10-18T08:54:08","guid":{"rendered":"https:\/\/www.europesays.com\/es\/184662\/"},"modified":"2025-10-18T08:54:08","modified_gmt":"2025-10-18T08:54:08","slug":"le-preguntan-a-trump-por-maria-corina-machado-tras-no-haber-ganado-el-el-nobel-y-suelta-esto","status":"publish","type":"post","link":"https:\/\/www.europesays.com\/es\/184662\/","title":{"rendered":"Le preguntan a Trump por Mar\u00eda Corina Machado tras no haber ganado \u00e9l el Nobel y suelta esto"},"content":{"rendered":"<p>Donald Trump ha sido muy Donald Trump cuando le han preguntado acerca de la ganadora del\u00a0premio Nobel de la Paz 2025, <a href=\"https:\/\/www.huffingtonpost.es\/global\/encuesta-crees-maria-corina-machado-justa-ganadora-nobel-paz-2025.html\" rel=\"nofollow noopener\" target=\"_blank\">la opositora venezolana Mar\u00eda Corina Machado<\/a>, puesto que \u00e9l ansiaba recibir este galard\u00f3n y hab\u00eda hecho una agresiva campa\u00f1a para que se lo otorgaran.<\/p>\n<p>\u00abNo me han dado el Premio Nobel. Se lo han dado a otra persona. Es una mujer muy agradable. No s\u00e9 qui\u00e9n es, pero es muy generosa. As\u00ed que no me importa nada de todo eso\u00bb, ha declarado el presidente de Estados Unidos, como recoge Europa Press, con un tono que evidenciaba que contento del todo no est\u00e1.<\/p>\n<p>\u00abCada vez que resuelvo uno (conflicto), me dicen: &#8216;Si resuelves el siguiente, te dar\u00e1n el Premio Nobel\u00bb, agreg\u00f3.<\/p>\n<p>El Comit\u00e9 que decide el premio Nobel de la Paz se lo concedi\u00f3 a la opositora venezolana por su \u00abincansable esfuerzo\u00bb para promover los derechos y libertades en Venezuela y favorecer una transici\u00f3n \u00abjusta y pac\u00edfica\u00bb de \u00abla dictadura a la democracia\u00bb.<\/p>\n<p>Por si Trump desea informarse, <a href=\"https:\/\/www.huffingtonpost.es\/sociedad\/se-viene-rabieta-venezolana-maria-corina-machado-y-trump-premio-nobel-paz.html\" rel=\"nofollow noopener\" target=\"_blank\">Mar\u00eda Corina Machado (Caracas, 1967), comenz\u00f3 su carrera pol\u00edtica hace ya casi un cuarto de siglo<\/a>. En 2010, fue elegida diputada de la Asamblea Nacional por el Estado de Miranda, convirti\u00e9ndose en la legisladora electoral m\u00e1s votada de Venezuela. Dos a\u00f1os m\u00e1s tarde fund\u00f3 el movimiento pol\u00edtico venezolano Vente Venezuela, de orientaci\u00f3n liberal y republicano, que se autodenomin\u00f3 centrista.<\/p>\n<p>Por sus protestas contra el r\u00e9gimen chavista fue destituida en 2014 como diputada de la Asamblea Nacional. Esto le supuso una cronificada inhabilitaci\u00f3n para ejercer cargos p\u00fablicos, que le impidi\u00f3 el a\u00f1o pasado ser la candidata opositora a Maduro en las \u00faltimas presidenciales. Votaci\u00f3n que, bajo acusaciones de ama\u00f1o, gan\u00f3 el actual presidente y provoc\u00f3 el exilio de su contrincante Edmundo Gonz\u00e1lez.<\/p>\n<p>Tras el anuncio del premio, ella escribi\u00f3 en su cuenta de X (Twitter): \u00abEste inmenso reconocimiento a la lucha de todos los venezolanos es un impulso para concluir nuestra tarea: conquistar la Libertad. Estamos en el umbral de la victoria y hoy m\u00e1s que nunca contamos con el Presidente Trump, el pueblo de los Estados Unidos, los pueblos de Am\u00e9rica\u2026\u00bb.<\/p>\n","protected":false},"excerpt":{"rendered":"Donald Trump ha sido muy Donald Trump cuando le han preguntado acerca de la ganadora del\u00a0premio Nobel de&hellip;\n","protected":false},"author":2,"featured_media":184663,"comment_status":"","ping_status":"","sticky":false,"template":"","format":"standard","meta":{"footnotes":""},"categories":[42],"tags":[17,18,352,13,14,11,61,62,63,64,19,20,9,10,15,16,22448,12,21,22,1192,65,66,67],"class_list":{"0":"post-184662","1":"post","2":"type-post","3":"status-publish","4":"format-standard","5":"has-post-thumbnail","7":"category-internacional","8":"tag-breaking-news","9":"tag-breakingnews","10":"tag-donald-trump","11":"tag-featured-news","12":"tag-featurednews","13":"tag-headlines","14":"tag-internacional","15":"tag-international","16":"tag-international-news","17":"tag-internationalnews","18":"tag-latest-news","19":"tag-latestnews","20":"tag-news","21":"tag-noticias","22":"tag-noticias-destacadas","23":"tag-noticiasdestacadas","24":"tag-premios-nobel","25":"tag-titulares","26":"tag-ultimas-noticias","27":"tag-ultimasnoticias","28":"tag-venezuela","29":"tag-world","30":"tag-world-news","31":"tag-worldnews"},"share_on_mastodon":{"url":"","error":""},"_links":{"self":[{"href":"https:\/\/www.europesays.com\/es\/wp-json\/wp\/v2\/posts\/184662","targetHints":{"allow":["GET"]}}],"collection":[{"href":"https:\/\/www.europesays.com\/es\/wp-json\/wp\/v2\/posts"}],"about":[{"href":"https:\/\/www.europesays.com\/es\/wp-json\/wp\/v2\/types\/post"}],"author":[{"embeddable":true,"href":"https:\/\/www.europesays.com\/es\/wp-json\/wp\/v2\/users\/2"}],"replies":[{"embeddable":true,"href":"https:\/\/www.europesays.com\/es\/wp-json\/wp\/v2\/comments?post=184662"}],"version-history":[{"count":0,"href":"https:\/\/www.europesays.com\/es\/wp-json\/wp\/v2\/posts\/184662\/revisions"}],"wp:featuredmedia":[{"embeddable":true,"href":"https:\/\/www.europesays.com\/es\/wp-json\/wp\/v2\/media\/184663"}],"wp:attachment":[{"href":"https:\/\/www.europesays.com\/es\/wp-json\/wp\/v2\/media?parent=184662"}],"wp:term":[{"taxonomy":"category","embeddable":true,"href":"https:\/\/www.europesays.com\/es\/wp-json\/wp\/v2\/categories?post=184662"},{"taxonomy":"post_tag","embeddable":true,"href":"https:\/\/www.europesays.com\/es\/wp-json\/wp\/v2\/tags?post=184662"}],"curies":[{"name":"wp","href":"https:\/\/api.w.org\/{rel}","templated":true}]}}