{"id":184668,"date":"2025-10-18T08:58:08","date_gmt":"2025-10-18T08:58:08","guid":{"rendered":"https:\/\/www.europesays.com\/es\/184668\/"},"modified":"2025-10-18T08:58:08","modified_gmt":"2025-10-18T08:58:08","slug":"tomas-gonzalez-cierra-su-temporada-con-una-gran-imagen-en-mejorada-del-campo","status":"publish","type":"post","link":"https:\/\/www.europesays.com\/es\/184668\/","title":{"rendered":"Tom\u00e1s Gonz\u00e1lez cierra su temporada con una gran imagen en Mejorada del Campo"},"content":{"rendered":"\n<p>El pasado doce de octubre finalizaba la temporada taurina del turolense Tom\u00e1s Gonz\u00e1lez en la Novillada de los Triunfadores de Mejorada del Campo, donde lidi\u00f3 un encierro de La Quinta, de buen juego el l\u00edneas generales, sobresaliendo el segundo, de vuelta al ruedo, y el tercero y el sexto, por encastados. Gonz\u00e1lez, que abr\u00eda cartel se top\u00f3 con el lote m\u00e1s soso de la novillada que, aunque noble, no permiti\u00f3 el lucimiento de un novillero que ha cuajado una gran temporada. Con un toreo cuajado y reposado, logr\u00f3 torear muy despacio y sacar el m\u00e1ximo partido de sus dos novillos, sobre todo al cuarto, con el que despleg\u00f3 un toreo caro. Dos decisiones dif\u00edciles de comprender por parte de la presidencia redujeron el premio a ovaci\u00f3n tras petici\u00f3n y oreja con petici\u00f3n de la segunda y bronca al palco.<\/p>\n<p>Completaban el cartel Mario Vilau y Daniel Moset, que cortaron dos orejas por coleta, proclam\u00e1ndose, ex aequo, como triunfadores del ciclo mejore\u00f1o.<\/p>\n<p> Guarismos de la temporada <\/p>\n<p>Con este festejo finalizaba una temporada realmente meritoria del novillero turolense, en la que ha toreado veintiuna novilladas, quedando en el noveno puesto del actual escalaf\u00f3n de novilleros, del que han salido, por convertirse en matadores de toros, el zaragozano Aar\u00f3n Palacio y Javier Zulueta. El alcorisano pudo haber redondeado los guarismos con los que ha acabado la temporada, ya que perdi\u00f3 varios festejos por la cornada de Marchamalo, tras la que tuvo que parar por segunda vez tras una pronta reaparici\u00f3n en la que no complet\u00f3 la recuperaci\u00f3n del neumot\u00f3rax que le produjo la cornada, y la p\u00e9rdida de otros festejos, como la suspensi\u00f3n de Teruel.<\/p>\n<p>El aragon\u00e9s ha completado una magn\u00edfica temporada, tambi\u00e9n marcada por los errores con los aceros en algunos momentos clave, como en su presentaci\u00f3n en Zaragoza en la pasada feria del Pilar, donde dej\u00f3 una gran dimensi\u00f3n como torero, pudiendo haber cortado hasta dos orejas, una por novillo, de haber acertado con las tizonas. En la presente temporada, Gonz\u00e1lez se ha destapado como un novillero con mucha capacidad para realizar un toreo vertical y profundo, poderoso, que le ha permitido cosechar un gran n\u00famero de triunfos.<\/p>\n","protected":false},"excerpt":{"rendered":"El pasado doce de octubre finalizaba la temporada taurina del turolense Tom\u00e1s Gonz\u00e1lez en la Novillada de los&hellip;\n","protected":false},"author":2,"featured_media":184669,"comment_status":"","ping_status":"","sticky":false,"template":"","format":"standard","meta":{"footnotes":""},"categories":[277],"tags":[373,168,25,24,23,167,374],"class_list":{"0":"post-184668","1":"post","2":"type-post","3":"status-publish","4":"format-standard","5":"has-post-thumbnail","7":"category-toreo","8":"tag-bullfighting","9":"tag-deportes","10":"tag-es","11":"tag-espana","12":"tag-spain","13":"tag-sports","14":"tag-toreo"},"share_on_mastodon":{"url":"","error":""},"_links":{"self":[{"href":"https:\/\/www.europesays.com\/es\/wp-json\/wp\/v2\/posts\/184668","targetHints":{"allow":["GET"]}}],"collection":[{"href":"https:\/\/www.europesays.com\/es\/wp-json\/wp\/v2\/posts"}],"about":[{"href":"https:\/\/www.europesays.com\/es\/wp-json\/wp\/v2\/types\/post"}],"author":[{"embeddable":true,"href":"https:\/\/www.europesays.com\/es\/wp-json\/wp\/v2\/users\/2"}],"replies":[{"embeddable":true,"href":"https:\/\/www.europesays.com\/es\/wp-json\/wp\/v2\/comments?post=184668"}],"version-history":[{"count":0,"href":"https:\/\/www.europesays.com\/es\/wp-json\/wp\/v2\/posts\/184668\/revisions"}],"wp:featuredmedia":[{"embeddable":true,"href":"https:\/\/www.europesays.com\/es\/wp-json\/wp\/v2\/media\/184669"}],"wp:attachment":[{"href":"https:\/\/www.europesays.com\/es\/wp-json\/wp\/v2\/media?parent=184668"}],"wp:term":[{"taxonomy":"category","embeddable":true,"href":"https:\/\/www.europesays.com\/es\/wp-json\/wp\/v2\/categories?post=184668"},{"taxonomy":"post_tag","embeddable":true,"href":"https:\/\/www.europesays.com\/es\/wp-json\/wp\/v2\/tags?post=184668"}],"curies":[{"name":"wp","href":"https:\/\/api.w.org\/{rel}","templated":true}]}}