{"id":18467,"date":"2025-08-01T12:10:08","date_gmt":"2025-08-01T12:10:08","guid":{"rendered":"https:\/\/www.europesays.com\/es\/18467\/"},"modified":"2025-08-01T12:10:08","modified_gmt":"2025-08-01T12:10:08","slug":"iberdrola-vende-sus-negocios-en-mexico-a-cox-por-3-700-millones","status":"publish","type":"post","link":"https:\/\/www.europesays.com\/es\/18467\/","title":{"rendered":"Iberdrola vende sus negocios en M\u00e9xico a Cox por 3.700 millones"},"content":{"rendered":"<p>Iberdrola ha acordado finalmente la venta de sus negocios en M\u00e9xico al grupo Cox por un importe de 4.200 millones de d\u00f3lares (unos 3.700 millones de euros), seg\u00fan informan ambas compa\u00f1\u00edas. En concreto, el per\u00edmetro de la operaci\u00f3n incluye 15 instalaciones con 2,6 gigavatios (GW) de potencia, la actividad comercial y la cartera de proyectos en desarrollo, que el comprador pretende poner en operaci\u00f3n en el futuro. En total son seis parques e\u00f3licos, tres plantas solares y seis centrales de cogeneraci\u00f3n y ciclo combinado El acuerdo, sujeto a las aprobaciones habituales, implica un m\u00faltiplo de 1,6 millones de d\u00f3lares (unos 1,4 millones de euros) por MW operativo.<\/p>\n<p>La el\u00e9ctrica presidida por Ignacio S\u00e1nchez Gal\u00e1n indic\u00f3 que la transacci\u00f3n responde a las expectativas de inversi\u00f3n de 55.000 millones de euros en sus filiales de redes el\u00e9ctricas de transporte y distribuci\u00f3n, fundamentalmente en los Estados Unidos y el Reino Unido. Adem\u00e1s, la venta se producir\u00eda tras una ca\u00edda del 43% en los ingresos de Iberdrola en M\u00e9xico entre 2023 y 2024, que pasaron de 3.026 millones a 1.721 millones de euros, de acuerdo con el informe anual 2024 de la energ\u00e9tica espa\u00f1ola, en el que tambi\u00e9n se\u00f1ala que enfrenta \u201cincertidumbre regulatoria en el mercado el\u00e9ctrico mexicano\u201d. Por su parte, Cox se\u00f1al\u00f3 que con esta adquisici\u00f3n completa su plan estrat\u00e9gico tres a\u00f1os antes, inicialmente establecido para el periodo 2025-2028. Esto supondr\u00eda cerrar el a\u00f1o 2025 con una cifra de ventas proforma de cerca de 3.000 millones de euros y 750 millones de euros del resultado bruto de explotaci\u00f3n (Ebitda).<\/p>\n","protected":false},"excerpt":{"rendered":"Iberdrola ha acordado finalmente la venta de sus negocios en M\u00e9xico al grupo Cox por un importe de&hellip;\n","protected":false},"author":2,"featured_media":18468,"comment_status":"","ping_status":"","sticky":false,"template":"","format":"standard","meta":{"footnotes":""},"categories":[80],"tags":[82,95,94,8109,5498,25,24,11542,23],"class_list":{"0":"post-18467","1":"post","2":"type-post","3":"status-publish","4":"format-standard","5":"has-post-thumbnail","7":"category-economia","8":"tag-business","9":"tag-economia","10":"tag-economy","11":"tag-el-periodismo-de-las-energias-limpias","12":"tag-energias-renovables","13":"tag-es","14":"tag-espana","15":"tag-iberdrola-vende-sus-negocios-en-mexico-a-cox-por-3-700-millones","16":"tag-spain"},"share_on_mastodon":{"url":"","error":""},"_links":{"self":[{"href":"https:\/\/www.europesays.com\/es\/wp-json\/wp\/v2\/posts\/18467","targetHints":{"allow":["GET"]}}],"collection":[{"href":"https:\/\/www.europesays.com\/es\/wp-json\/wp\/v2\/posts"}],"about":[{"href":"https:\/\/www.europesays.com\/es\/wp-json\/wp\/v2\/types\/post"}],"author":[{"embeddable":true,"href":"https:\/\/www.europesays.com\/es\/wp-json\/wp\/v2\/users\/2"}],"replies":[{"embeddable":true,"href":"https:\/\/www.europesays.com\/es\/wp-json\/wp\/v2\/comments?post=18467"}],"version-history":[{"count":0,"href":"https:\/\/www.europesays.com\/es\/wp-json\/wp\/v2\/posts\/18467\/revisions"}],"wp:featuredmedia":[{"embeddable":true,"href":"https:\/\/www.europesays.com\/es\/wp-json\/wp\/v2\/media\/18468"}],"wp:attachment":[{"href":"https:\/\/www.europesays.com\/es\/wp-json\/wp\/v2\/media?parent=18467"}],"wp:term":[{"taxonomy":"category","embeddable":true,"href":"https:\/\/www.europesays.com\/es\/wp-json\/wp\/v2\/categories?post=18467"},{"taxonomy":"post_tag","embeddable":true,"href":"https:\/\/www.europesays.com\/es\/wp-json\/wp\/v2\/tags?post=18467"}],"curies":[{"name":"wp","href":"https:\/\/api.w.org\/{rel}","templated":true}]}}