{"id":184677,"date":"2025-10-18T09:05:09","date_gmt":"2025-10-18T09:05:09","guid":{"rendered":"https:\/\/www.europesays.com\/es\/184677\/"},"modified":"2025-10-18T09:05:09","modified_gmt":"2025-10-18T09:05:09","slug":"girona-alineaciones-probables-del-partido-de-laliga-ea-sports","status":"publish","type":"post","link":"https:\/\/www.europesays.com\/es\/184677\/","title":{"rendered":"Girona: alineaciones probables del partido de LaLiga EA Sports"},"content":{"rendered":"<p class=\"ft-text\">Despu\u00e9s de las <strong>dos derrotas ante PSG y Sevilla <\/strong>y de dos semanas de par\u00f3n que pueden haber servido para dejar atr\u00e1s las malas sensaciones,<strong> el Bar\u00e7a se medir\u00e1 ante un Girona en zona de descenso.<\/strong><\/p>\n<p class=\"ft-text\">Tras <strong>perder el liderato en la \u00faltima jornada,<\/strong> el conjunto azulgrana buscar\u00e1 llegar al cl\u00e1sico con opciones de salir l\u00edder y, para ello, <strong>todo pasa por sumar de tres ante el conjunto de Montilivi.<\/strong><\/p>\n<p class=\"ft-text\">Por su parte, el par\u00f3n lleg\u00f3 en un mal momento para un <strong>Girona que ven\u00eda de sumar la primera victoria de la temporada ante el Valencia<\/strong>. Con M\u00edchel en la cuerda floja, <strong>todo pasa por seguir sumando para salir de la zona de descenso.<\/strong><\/p>\n<p>Plaga de lesiones en ambos equipos<\/p>\n<p class=\"ft-text\">Aun cuando todo parec\u00eda indicar que el par\u00f3n internacional pod\u00eda favorecer a Hansi Flick de cara a descansar y recuperar efectivos, lo cierto es que <strong>el &#8216;virus FIFA&#8217; ha mermado a\u00fan m\u00e1s la plantilla culer.<\/strong><\/p>\n<p class=\"ft-text\">Por si las ya conocidas <strong>bajas de larga duraci\u00f3n de Gavi y Ter Stegen<\/strong>, as\u00ed como<strong> la baja de Joan Garc\u00eda <\/strong>no fueran suficiente, los partidos y entrenamientos de las selecciones han hecho m\u00e1s mella: <strong>Dani Olmo y Lewandowski<\/strong> han vuelto lesionados, mientras que <strong>Ferran ha regresado con una sobrecarga que finalmente le ha descartado para el enfrentamiento<\/strong>. Adem\u00e1s, pese a que se esperaba que <strong>Raphinha<\/strong> llegara, el brasile\u00f1o <a class=\"ft-link ft-link--decoration\" href=\"https:\/\/www.sport.es\/es\/noticias\/barca\/raphinha-dificil-clasico-122604527\" rel=\"nofollow noopener\" target=\"_blank\">ha sufrido un contratiempo en su recuperaci\u00f3n<\/a> y apretar\u00e1 para llegar al cl\u00e1sico, pero <strong>no entrar\u00e1 en la convocatoria frente al Girona.<\/strong><\/p>\n<p><img decoding=\"async\" src=\"https:\/\/www.europesays.com\/es\/wp-content\/uploads\/2025\/10\/9bf30b66-5df1-4834-8372-9f23f7a2fab5_alta-libre-aspect-ratio_default_0.jpg\" width=\"1200\" height=\"800\" alt=\"Robert Lewandowski, contra el Sevilla\" class=\"ft-helper-img-rd\" loading=\"lazy\" hasdataaida=\"true\"\/><\/p>\n<p class=\"ft-helper-fontColor-quaternary ft-helper-fontSize-body-S ft-helper-spacer-t-xxs\">Robert Lewandowski, contra el Sevilla  \/ Dani Barbeito<\/p>\n<p class=\"ft-text\">Por su parte, la enfermer\u00eda del Girona tambi\u00e9n est\u00e1 m\u00e1s llena de lo que desear\u00edan en Montilivi, pues M\u00edchel no podr\u00e1 contar para el encuentro en Montjuic con <strong>Ounahi, \u00c1lvaro Franc\u00e9s, Donny Van de Beek, Thomas Lemar, David L\u00f3pez, <\/strong>ni\u00a0<strong>Juan Carlos<\/strong> a lo que hay que sumar la baja por sanci\u00f3n de <strong>Ivan Mart\u00edn<\/strong>.<\/p>\n<p>Los jugadores que volver\u00e1n<\/p>\n<p class=\"ft-text\">Para poder mejorar la mala din\u00e1mica y recuperar la mejor versi\u00f3n del equipo, el entrenador azulgrana si recuperar\u00e1 a <strong>Ferm\u00edn y Lamine Yamal<\/strong>. Pese a que, a priori, el extremo espa\u00f1ol no ser\u00e1 de la partida, la vuelta de Ferm\u00edn suma mayor relevancia tras la lesi\u00f3n de Dani Olmo con la Selecci\u00f3n, aunque no ser\u00eda de extra\u00f1ar que <strong>Flick apostara por Dro para dosificar al de El Campillo<\/strong>. La mayor sorpresa puede ser la aparici\u00f3n de <strong>Balde como extremo<\/strong>, tras la baja de \u00faltima hora de Ferran Torres.<\/p>\n<p class=\"ft-text\">Por su parte, <strong>M\u00edchel recuperar\u00e1 a Joel Roca<\/strong>, quien ven\u00eda siendo titular antes de ser convocado con Espa\u00f1a<strong> para el Mundial Sub-20<\/strong>, donde cay\u00f3 eliminado en <a class=\"ft-link ft-link--decoration\" href=\"https:\/\/www.sport.es\/es\/noticias\/seleccion\/espana-colombia-cuartos-mundial-directo-122508489\" rel=\"nofollow noopener\" target=\"_blank\">Cuartos de final ante Colombia<\/a> el pasado 11 de octubre. Todo apunta a que<strong> Jhon Sol\u00eds se recuperar\u00e1 a tiempo<\/strong> y podr\u00e1 ser alineado desde el inicio.<\/p>\n<p>Alineaciones probables del Bar\u00e7a &#8211; Girona<\/p>\n<p class=\"ft-text\"><strong>FC BARCELONA: <\/strong>Sz\u00e7zesny; Eric Garcia, Ronald Araujo, Pau Cubars\u00ed, Gerard Mart\u00edn; Frenkie de Jong, Pedri; Alejandro Balde, Dro, Bardghji; Marcus Rashford<\/p>\n<p class=\"ft-text\"><strong>GIRONA: <\/strong>Gazzaniga; Hugo Rinc\u00f3n, Arnau Mart\u00ednez, Vitor Reis, Daley Blind, \u00c1lex Moreno; Witsel, Sol\u00eds; Joel Roca, Vanat, Asprilla.<\/p>\n","protected":false},"excerpt":{"rendered":"Despu\u00e9s de las dos derrotas ante PSG y Sevilla y de dos semanas de par\u00f3n que pueden haber&hellip;\n","protected":false},"author":2,"featured_media":184678,"comment_status":"","ping_status":"","sticky":false,"template":"","format":"standard","meta":{"footnotes":""},"categories":[268],"tags":[2296,168,22278,25,24,12556,280,282,1147,319,288,8138,4409,1171,281,52138,23,167,214],"class_list":{"0":"post-184677","1":"post","2":"type-post","3":"status-publish","4":"format-standard","5":"has-post-thumbnail","7":"category-futbol","8":"tag-barca","9":"tag-deportes","10":"tag-ea-sports","11":"tag-es","12":"tag-espana","13":"tag-fermin","14":"tag-football","15":"tag-futbol","16":"tag-girona","17":"tag-horario","18":"tag-laliga","19":"tag-lamine-yamal","20":"tag-psg","21":"tag-sevilla","22":"tag-soccer","23":"tag-solis","24":"tag-spain","25":"tag-sports","26":"tag-tv"},"share_on_mastodon":{"url":"","error":""},"_links":{"self":[{"href":"https:\/\/www.europesays.com\/es\/wp-json\/wp\/v2\/posts\/184677","targetHints":{"allow":["GET"]}}],"collection":[{"href":"https:\/\/www.europesays.com\/es\/wp-json\/wp\/v2\/posts"}],"about":[{"href":"https:\/\/www.europesays.com\/es\/wp-json\/wp\/v2\/types\/post"}],"author":[{"embeddable":true,"href":"https:\/\/www.europesays.com\/es\/wp-json\/wp\/v2\/users\/2"}],"replies":[{"embeddable":true,"href":"https:\/\/www.europesays.com\/es\/wp-json\/wp\/v2\/comments?post=184677"}],"version-history":[{"count":0,"href":"https:\/\/www.europesays.com\/es\/wp-json\/wp\/v2\/posts\/184677\/revisions"}],"wp:featuredmedia":[{"embeddable":true,"href":"https:\/\/www.europesays.com\/es\/wp-json\/wp\/v2\/media\/184678"}],"wp:attachment":[{"href":"https:\/\/www.europesays.com\/es\/wp-json\/wp\/v2\/media?parent=184677"}],"wp:term":[{"taxonomy":"category","embeddable":true,"href":"https:\/\/www.europesays.com\/es\/wp-json\/wp\/v2\/categories?post=184677"},{"taxonomy":"post_tag","embeddable":true,"href":"https:\/\/www.europesays.com\/es\/wp-json\/wp\/v2\/tags?post=184677"}],"curies":[{"name":"wp","href":"https:\/\/api.w.org\/{rel}","templated":true}]}}