{"id":184681,"date":"2025-10-18T09:07:13","date_gmt":"2025-10-18T09:07:13","guid":{"rendered":"https:\/\/www.europesays.com\/es\/184681\/"},"modified":"2025-10-18T09:07:13","modified_gmt":"2025-10-18T09:07:13","slug":"francisco-roca-simo-un-arquitecto-mallorquin-universal","status":"publish","type":"post","link":"https:\/\/www.europesays.com\/es\/184681\/","title":{"rendered":"Francisco Roca Sim\u00f3: un arquitecto mallorqu\u00edn universal"},"content":{"rendered":"<p>El viernes 24 de octubre, tendr\u00e1 lugar la presentaci\u00f3n del libro titulado Francisco Roca Sim\u00f3: un arquitecto mallorqu\u00edn universal, una obra que rinde homenaje a uno de los grandes representantes del modernismo arquitect\u00f3nico espa\u00f1ol cuya influencia trascendi\u00f3 las fronteras nacionales. El evento, que dar\u00e1 comienzo a las 18:00 horas en <a href=\"https:\/\/canprunera.com\/\" target=\"_blank\" rel=\"noopener nofollow\">Can Prunera<\/a>, contar\u00e1 con la <strong>participaci\u00f3n especial de la profesora Bel\u00e9n Fern\u00e1ndez de Alarc\u00f3n Roca<\/strong>, bisnieta del homenajeado y autora de esta significativa publicaci\u00f3n.<\/p>\n<p>La presentaci\u00f3n supone un acontecimiento relevante para el mundo del patrimonio cultural y la arquitectura espa\u00f1ola, ya que <strong>recupera la figura de Francisco Roca Sim\u00f3<\/strong>, cuya obra ha dejado una huella indeleble tanto en Espa\u00f1a como internacionalmente.<\/p>\n<p>Bel\u00e9n Fern\u00e1ndez de Alarc\u00f3n, doctora y profesora de la Universidad Rey Juan Carlos, <strong>especializada en historia del arte y patrimonio cultural<\/strong>, compartir\u00e1 con los asistentes la importancia hist\u00f3rica y art\u00edstica del legado de su bisabuelo, as\u00ed como el proceso de investigaci\u00f3n y documentaci\u00f3n que ha culminado en esta publicaci\u00f3n.<\/p>\n<p>Tras la presentaci\u00f3n formal del libro, los asistentes podr\u00e1n disfrutar de un aperitivo a partir de las 19.00 h, facilitando un espacio de intercambio y di\u00e1logo entre el p\u00fablico y la autora.<\/p>\n<p>La asistencia es gratuita y requiere registrarse previamente <a href=\"https:\/\/canprunera.com\/francisco-roca-simo\/\" target=\"_blank\" rel=\"noopener nofollow\">aqu\u00ed.<\/a><\/p>\n","protected":false},"excerpt":{"rendered":"El viernes 24 de octubre, tendr\u00e1 lugar la presentaci\u00f3n del libro titulado Francisco Roca Sim\u00f3: un arquitecto mallorqu\u00edn&hellip;\n","protected":false},"author":2,"featured_media":184682,"comment_status":"","ping_status":"","sticky":false,"template":"","format":"standard","meta":{"footnotes":""},"categories":[173],"tags":[229,233,231,230,232,234,146,147,25,24,1528,1527,23,1529,21],"class_list":{"0":"post-184681","1":"post","2":"type-post","3":"status-publish","4":"format-standard","5":"has-post-thumbnail","7":"category-arte-y-diseno","8":"tag-arte","9":"tag-arte-y-diseno","10":"tag-arts","11":"tag-arts-and-design","12":"tag-design","13":"tag-diseno","14":"tag-entertainment","15":"tag-entretenimiento","16":"tag-es","17":"tag-espana","18":"tag-municipios-de-mallorca","19":"tag-part-forana","20":"tag-spain","21":"tag-ultima-hora","22":"tag-ultimas-noticias"},"share_on_mastodon":{"url":"","error":""},"_links":{"self":[{"href":"https:\/\/www.europesays.com\/es\/wp-json\/wp\/v2\/posts\/184681","targetHints":{"allow":["GET"]}}],"collection":[{"href":"https:\/\/www.europesays.com\/es\/wp-json\/wp\/v2\/posts"}],"about":[{"href":"https:\/\/www.europesays.com\/es\/wp-json\/wp\/v2\/types\/post"}],"author":[{"embeddable":true,"href":"https:\/\/www.europesays.com\/es\/wp-json\/wp\/v2\/users\/2"}],"replies":[{"embeddable":true,"href":"https:\/\/www.europesays.com\/es\/wp-json\/wp\/v2\/comments?post=184681"}],"version-history":[{"count":0,"href":"https:\/\/www.europesays.com\/es\/wp-json\/wp\/v2\/posts\/184681\/revisions"}],"wp:featuredmedia":[{"embeddable":true,"href":"https:\/\/www.europesays.com\/es\/wp-json\/wp\/v2\/media\/184682"}],"wp:attachment":[{"href":"https:\/\/www.europesays.com\/es\/wp-json\/wp\/v2\/media?parent=184681"}],"wp:term":[{"taxonomy":"category","embeddable":true,"href":"https:\/\/www.europesays.com\/es\/wp-json\/wp\/v2\/categories?post=184681"},{"taxonomy":"post_tag","embeddable":true,"href":"https:\/\/www.europesays.com\/es\/wp-json\/wp\/v2\/tags?post=184681"}],"curies":[{"name":"wp","href":"https:\/\/api.w.org\/{rel}","templated":true}]}}