{"id":184694,"date":"2025-10-18T09:14:13","date_gmt":"2025-10-18T09:14:13","guid":{"rendered":"https:\/\/www.europesays.com\/es\/184694\/"},"modified":"2025-10-18T09:14:13","modified_gmt":"2025-10-18T09:14:13","slug":"stella-banderas-se-casa-con-alex-gruszynski-en-una-boda-con-presencia-de-estrellas-internacionales-gente","status":"publish","type":"post","link":"https:\/\/www.europesays.com\/es\/184694\/","title":{"rendered":"Stella Banderas se casa con Alex Gruszynski en una boda con presencia de estrellas internacionales | Gente"},"content":{"rendered":"<p class=\"\">Este s\u00e1bado 18 de octubre, la hija de Antonio Banderas y Melanie Griffith, <a href=\"https:\/\/elpais.com\/gente\/2020-07-22\/stella-del-carmen-y-su-esfuerzo-por-honrar-sus-raices-espanolas.html\" rel=\"nofollow noopener\" title=\"https:\/\/elpais.com\/gente\/2020-07-22\/stella-del-carmen-y-su-esfuerzo-por-honrar-sus-raices-espanolas.html\" target=\"_blank\">Stella del Carmen Banderas (Marbella, 29 a\u00f1os)<\/a>, celebra su boda con el empresario estadounidense de ascendencia polaca Alex Gruszynski (28 a\u00f1os). Lo hace en Espa\u00f1a, como ya adelant\u00f3 su padre a la revista \u00a1Hola! el pasado mes de agosto. Concretamente, en la localidad de Sard\u00f3n de Duero (Valladolid, unos 600 habitantes), donde se levanta la <a href=\"https:\/\/elpais.com\/elviajero\/gastronotas-de-capel\/2022-11-13\/cincuenta-horas-de-cocina-para-degustar-una-monumental-olla-podrida-en-el-hotel-y-bodega-abadia-retuerta.html\" target=\"_blank\" rel=\"noreferrer nofollow noopener\" title=\"https:\/\/elpais.com\/elviajero\/gastronotas-de-capel\/2022-11-13\/cincuenta-horas-de-cocina-para-degustar-una-monumental-olla-podrida-en-el-hotel-y-bodega-abadia-retuerta.html\">Abad\u00eda Retuerta LeDomaine<\/a>, un hist\u00f3rico monasterio del siglo XII a orillas del Duero \u2014en la actualidad, un hotel de lujo\u2014 destinado a albergar la celebraci\u00f3n.<\/p>\n<p class=\"\">Al enlace, del que en los \u00faltimos d\u00edas se han ido publicando algunos detalles, asistir\u00e1n dos grandes actrices de Hollywood, Tippi Hedren y Dakota Johnson, abuela y hermana de la novia, respectivamente. Precisamente, el exnovio de la actriz de Cincuenta sombras de Grey y l\u00edder de la banda Cold Play, Chris Martin, ser\u00e1 otro de los invitados a la boda en la que, adem\u00e1s, y seg\u00fan medios locales, se espera que cante. As\u00ed lo ha contado esta semana el periodista de La Tribuna de Valladolid <a href=\"https:\/\/www.telecinco.es\/famosos\/20251015\/chris-martin-coldplay-boda-hija-antonio-banderas-stella-carmen-tiempo-justo_18_016873873.html\" target=\"_blank\" rel=\"noreferrer nofollow noopener\" title=\"https:\/\/www.telecinco.es\/famosos\/20251015\/chris-martin-coldplay-boda-hija-antonio-banderas-stella-carmen-tiempo-justo_18_016873873.html\">Miguel Fern\u00e1ndez en el programa de televisi\u00f3n El Tiempo Justo<\/a>, donde tambi\u00e9n ha explicado que los invitados \u2014se estima que sean entre 200 y 250\u2014 estar\u00e1n repartidos en otros hoteles y fincas de la provincia, al no haber espacio suficiente para todos en la Abad\u00eda. De estos, los m\u00e1s destacados ser\u00e1n \u2014siempre seg\u00fan el periodista\u2014 trasladados a la ceremonia en helic\u00f3ptero desde sus respectivos alojamientos (seg\u00fan EFE, el hotel dispone de helipuerto). <\/p>\n<p>M\u00e1s informaci\u00f3n<\/p>\n<p class=\"\">Fern\u00e1ndez tambi\u00e9n ha hablado del hermetismo que ha rodeado los preparativos y la propia ceremonia \u2014que se prev\u00e9 que empiece a las 12 horas\u2014, en la que ha explicado que los tel\u00e9fonos m\u00f3viles estar\u00e1n prohibidos. Ha contado, adem\u00e1s, que los empleados involucrados en el enlace han firmado hasta 11 p\u00e1ginas de contrato de confidencialidad.<\/p>\n<p><img alt=\"Stella del Carmen Banderas y Alex Gruszynsky\" decoding=\"auto\" class=\"_re lazyload a_m-h\" height=\"279\"  width=\"414\"  src=\"https:\/\/www.europesays.com\/es\/wp-content\/uploads\/2025\/10\/TD7LQNJANFHVNKHXZNC2GTBL7M.jpeg\" loading=\"lazy\"\/>Stella del Carmen y su prometido, Alex Gruszynsky, durante la Semana Santa de M\u00e1laga, en marzo de 2024. \/ Cordon Press<\/p>\n<p class=\"\">A principios de octubre, pocas semanas antes del enlace de este s\u00e1bado, Antonio Banderas, que ser\u00e1 el padrino de la boda de su \u00fanica hija <a href=\"https:\/\/www.tribunavalladolid.com\/noticias\/420751\/antonio-banderas-ya-esta-en-valladolid-para-la-boda-de-su-hija\" target=\"_blank\" rel=\"noreferrer nofollow noopener\" title=\"https:\/\/www.tribunavalladolid.com\/noticias\/420751\/antonio-banderas-ya-esta-en-valladolid-para-la-boda-de-su-hija\">y que desde el pasado 15 de octubre se encuentra en tierras vallisoletanas<\/a>, dec\u00eda a la revista \u00a1Hola!: \u201cMi mayor deseo, y el de su madre, es que este d\u00eda sea perfecto, asegur\u00e1ndonos de que cada detalle est\u00e9 listo para que nuestros invitados disfruten al m\u00e1ximo de este d\u00eda tan especial\u201d. Tambi\u00e9n explic\u00f3 que tanto \u00e9l como su exmujer y madre de Stella, de la que se divorci\u00f3 hace 10 a\u00f1os, pero con la que conserva una buena relaci\u00f3n, estaban \u201ctranquilos\u201d respecto a la gran fecha. \u201cApoyando a Stella en cada paso y record\u00e1ndole que lo m\u00e1s importante es el amor que celebraremos\u201d, coment\u00f3.<\/p>\n<p class=\"\">Stella del Carmen celebr\u00f3 el fin de su solter\u00eda en una casa rural durante varios d\u00edas. A la fiesta no falt\u00f3 su madre, a la que se pudo ver en las stories del perfil de la novia en Instagram, <a href=\"https:\/\/www.instagram.com\/stellabanderasgriffith\/\" target=\"_blank\" rel=\"noreferrer nofollow noopener\" title=\"https:\/\/www.instagram.com\/stellabanderasgriffith\/\">donde acumula 232.000 seguidores<\/a>. \u201cEn mi despedida de soltera, he estado rodeada del amor de mis amigas y mi familia, lo que me hace sentir muy agradecida por estos momentos tan especiales que estoy viviendo\u201d, dijo la novia a \u00a1Hola! el pasado septiembre, cuando tambi\u00e9n confes\u00f3: \u201cSoy muy afortunada de poder casarme en el pa\u00eds que me vio nacer\u201d. Sobre c\u00f3mo se preparaba para su boda con Alex Gruszynski, asegur\u00f3 que estaba \u201cfeliz y con los nervios l\u00f3gicos\u201d de quien est\u00e1 a un mes de darse el \u201cs\u00ed, quiero\u201d. Adem\u00e1s, revel\u00f3 que muchos de los familiares y amigos de la pareja visitar\u00e1n Espa\u00f1a por primera vez para el enlace: \u201cEstoy segura de que se enamorar\u00e1n de su magia tanto como yo\u201d.<\/p>\n<p class=\"\"><a href=\"https:\/\/elpais.com\/gente\/2024-08-20\/stella-hija-antonio-banderas-y-melanie-griffith-anuncia-su-boda-con-alex-gruszynski.html\" target=\"_blank\" rel=\"noreferrer nofollow noopener\" title=\"https:\/\/elpais.com\/gente\/2024-08-20\/stella-hija-antonio-banderas-y-melanie-griffith-anuncia-su-boda-con-alex-gruszynski.html\">La pareja se comprometi\u00f3 el 20 de agosto de 2024<\/a>, pero se conocen \u201cde toda la vida\u201d, desde que asist\u00edan juntos a la escuela infantil Wagon Wheel School, en Los \u00c1ngeles, California, donde ambos crecieron y donde viven actualmente. \u201c\u00a1Podr\u00e9 pasar todo el tiempo con mi persona favorita en la tierra para siempre\u201d, dijo la hija de Banderas y Griffith al anunciar su compromiso en su cuenta de Instagram<a href=\"https:\/\/www.instagram.com\/p\/C-3yas5y-GU\/?hl=es&amp;img_index=1\" rel=\"nofollow noopener\" target=\"_blank\">,<\/a> <a href=\"https:\/\/www.instagram.com\/p\/C-3yas5y-GU\/?hl=es&amp;img_index=1\" target=\"_blank\" rel=\"noreferrer nofollow noopener\" title=\"https:\/\/www.instagram.com\/p\/C-3yas5y-GU\/?hl=es&amp;img_index=1\">junto a una fotograf\u00eda en la que presum\u00eda de alianza<\/a> y otras im\u00e1genes en las que se ve\u00eda a la pareja en entra\u00f1ables fotos de su adolescencia y su ni\u00f1ez.<\/p>\n<p class=\"\">El prometido de Stella<b> <\/b>comparte el amor al cine con la familia Banderas. Gruszynski se especializ\u00f3 en Iniciativa Empresarial en la Escuela de Negocios Marshall y ahora es director ejecutivo de NOVA Studios, un estudio multifuncional ubicado en West Hollywood que tiene como objetivo conectar a profesionales del s\u00e9ptimo arte y ofrece servicios para sesiones de fotos, grabaciones de v\u00eddeo, eventos y dem\u00e1s.<\/p>\n<p class=\"\">En noviembre de 2020, cuando Stella del Carmen ten\u00eda 24 a\u00f1os, habl\u00f3 p\u00fablicamente sobre las ventajas e inconvenientes de tener una familia tan famosa. <a href=\"https:\/\/elpais.com\/gente\/2020-11-09\/stella-del-carmen-revela-como-aprendio-a-vivir-bajo-la-sombra-de-la-fama-de-sus-padres.html\" target=\"_blank\" rel=\"noreferrer nofollow noopener\" title=\"https:\/\/elpais.com\/gente\/2020-11-09\/stella-del-carmen-revela-como-aprendio-a-vivir-bajo-la-sombra-de-la-fama-de-sus-padres.html\">En una columna escrita en la revista Vanity Fair<\/a>, relat\u00f3 c\u00f3mo la popularidad de sus padres marc\u00f3 <a href=\"https:\/\/elpais.com\/elpais\/2020\/01\/20\/album\/1579522987_223962.html\" rel=\"nofollow noopener\" target=\"_blank\">su infancia y su adolescencia<\/a> y reconoci\u00f3 estar agradecida por disfrutar de una vida llena de oportunidades y lamentar, por otro lado, que nunca podr\u00e1 disfrutar del anonimato y de la intimidad de quienes nada tienen que ver con la fama, los focos y el cine.<\/p>\n<p><img alt=\"Stella del Carmen Banderas Alex Gruszynski\" decoding=\"auto\" class=\"_re lazyload a_m-h\" height=\"406\"  width=\"414\"  src=\"https:\/\/www.europesays.com\/es\/wp-content\/uploads\/2025\/10\/4ZSS6TLNUBFAHPVRPI6IQLUMFA.jpeg\" loading=\"lazy\"\/>Stella del Carmen Banderas, junto a su prometido Alex Gruszynski y la pareja de Antonio Banderas, Nicole Kimpel, asisten a una procesi\u00f3n en M\u00e1laga en marzo de 2024.692\/LORENZO\/CORDONPRESS \/ Cordon Press<\/p>\n<p class=\"\"><a href=\"https:\/\/www.larazon.es\/gente\/famosos\/chris-martin-boda-stella-carmen-antonio-banderas-prepara-regalo-pelicula-hija_2025101768f2059f51264f432a82ec56.html\" target=\"_blank\" rel=\"noreferrer nofollow noopener\" title=\"https:\/\/www.larazon.es\/gente\/famosos\/chris-martin-boda-stella-carmen-antonio-banderas-prepara-regalo-pelicula-hija_2025101768f2059f51264f432a82ec56.html\">Seg\u00fan han publicado algunos medios<\/a>, el regalo de boda del actor malague\u00f1o para su hija ser\u00eda una lujosa finca en la Costa del Sol de M\u00e1laga, en la exclusiva zona de Los Monteros, que estar\u00eda reformando con el objetivo de que sea un palacete con piscina, sala de fiestas con capacidad para 1.200 personas y hasta una habitaci\u00f3n del p\u00e1nico.<\/p>\n<p>Un entorno privilegiado en pleno valle del Duero <\/p>\n<p class=\"\">El lugar de celebraci\u00f3n del enlace, la Abad\u00eda Retuerta LeDomaine, es un hotel de cinco estrellas con bodega lleno de arquitectura rom\u00e1nica y g\u00f3tica y con vistas a un mar de vi\u00f1edos que ha sido recientemente distinguido con las tres llaves Michelin Internacionales, el m\u00e1ximo galard\u00f3n que concede la Gu\u00eda Michelin a establecimientos de alojamiento. Es uno de los cinco \u00fanicos hoteles en Espa\u00f1a en obtener esta categor\u00eda y el primer y \u00fanico hotel en hacerlo en Castilla y Le\u00f3n.<\/p>\n<p class=\"\">Ubicado en una finca de 700 hect\u00e1reas (200 de vi\u00f1edo) en el coraz\u00f3n del valle del Duero, cuenta con un monasterio del siglo XII fundado por la Orden Premonstratense y actualmente restaurado, as\u00ed como con una bodega reconocida internacionalmente y un restaurante, Refectorio, con una estrella Michelin y dos soles Repsol. Dispone tambi\u00e9n de m\u00e1s de 8.000 metros cuadrados para sus 30 exclusivas habitaciones \u201427 dobles y tres suites\u2014, ocho de ellas ubicadas en el edificio de las antiguas caballerizas.<\/p>\n<p><script async src=\"\/\/www.instagram.com\/embed.js\"><\/script><\/p>\n","protected":false},"excerpt":{"rendered":"Este s\u00e1bado 18 de octubre, la hija de Antonio Banderas y Melanie Griffith, Stella del Carmen Banderas (Marbella,&hellip;\n","protected":false},"author":2,"featured_media":184695,"comment_status":"","ping_status":"","sticky":false,"template":"","format":"standard","meta":{"footnotes":""},"categories":[91],"tags":[1014,1015,3083,3164,2926,146,147,25,24,256,260,18022,23,52142],"class_list":{"0":"post-184694","1":"post","2":"type-post","3":"status-publish","4":"format-standard","5":"has-post-thumbnail","7":"category-entretenimiento","8":"tag-actores","9":"tag-actrices","10":"tag-antonio-banderas","11":"tag-bodas","12":"tag-dakota-johnson","13":"tag-entertainment","14":"tag-entretenimiento","15":"tag-es","16":"tag-espana","17":"tag-famosos","18":"tag-gente","19":"tag-melanie-griffith","20":"tag-spain","21":"tag-tippi-hedren"},"share_on_mastodon":{"url":"","error":""},"_links":{"self":[{"href":"https:\/\/www.europesays.com\/es\/wp-json\/wp\/v2\/posts\/184694","targetHints":{"allow":["GET"]}}],"collection":[{"href":"https:\/\/www.europesays.com\/es\/wp-json\/wp\/v2\/posts"}],"about":[{"href":"https:\/\/www.europesays.com\/es\/wp-json\/wp\/v2\/types\/post"}],"author":[{"embeddable":true,"href":"https:\/\/www.europesays.com\/es\/wp-json\/wp\/v2\/users\/2"}],"replies":[{"embeddable":true,"href":"https:\/\/www.europesays.com\/es\/wp-json\/wp\/v2\/comments?post=184694"}],"version-history":[{"count":0,"href":"https:\/\/www.europesays.com\/es\/wp-json\/wp\/v2\/posts\/184694\/revisions"}],"wp:featuredmedia":[{"embeddable":true,"href":"https:\/\/www.europesays.com\/es\/wp-json\/wp\/v2\/media\/184695"}],"wp:attachment":[{"href":"https:\/\/www.europesays.com\/es\/wp-json\/wp\/v2\/media?parent=184694"}],"wp:term":[{"taxonomy":"category","embeddable":true,"href":"https:\/\/www.europesays.com\/es\/wp-json\/wp\/v2\/categories?post=184694"},{"taxonomy":"post_tag","embeddable":true,"href":"https:\/\/www.europesays.com\/es\/wp-json\/wp\/v2\/tags?post=184694"}],"curies":[{"name":"wp","href":"https:\/\/api.w.org\/{rel}","templated":true}]}}