{"id":184707,"date":"2025-10-18T09:30:09","date_gmt":"2025-10-18T09:30:09","guid":{"rendered":"https:\/\/www.europesays.com\/es\/184707\/"},"modified":"2025-10-18T09:30:09","modified_gmt":"2025-10-18T09:30:09","slug":"el-increible-edificio-de-cinco-plantas-de-latina-valorado-en-casi-un-millon-de-euros-que-se-vende-con-un-60-de-descuento","status":"publish","type":"post","link":"https:\/\/www.europesays.com\/es\/184707\/","title":{"rendered":"El incre\u00edble edificio de cinco plantas de Latina valorado en casi un mill\u00f3n de euros que se vende con un 60% de descuento"},"content":{"rendered":"<p class=\"paragraph\" data-end=\"836\" data-start=\"414\" id=\"paragraph_1\">Un inmueble comercial completo, <a href=\"https:\/\/www.elespanol.com\/madrid\/sociedad\/20250723\/herencia-dolores-vivienda-latina-reconvertida-narcopiso-okupa-destruido-convivencia\/1003743857631_0.html?utm_cmp_rs=linksinline\" rel=\"nofollow noopener\" target=\"_blank\"><strong>situado en el madrile\u00f1o distrito de Latina<\/strong>,<\/a> ha salido a subasta p\u00fablica con un precio inicial de 465.000 euros, lo que supone un descuento de nada menos que el 59% respecto a su valor de tasaci\u00f3n, que est\u00e1 fijado en 857.864 euros.<\/p>\n<p class=\"paragraph\" data-end=\"836\" data-start=\"414\" id=\"paragraph_2\">La subasta estar\u00e1 abierta hasta el pr\u00f3ximo 12 de noviembre y cualquier persona interesada, sea particular o empresa, podr\u00e1 presentar sus pujas <a href=\"https:\/\/www.elespanol.com\/madrid\/ocio\/comer-bien-euros-barrio-latina-madrid\/876412779_0.html?utm_cmp_rs=linksinline\" rel=\"nofollow noopener\" target=\"_blank\"><strong>cumpliendo con los requisitos establecidos<\/strong><\/a> a trav\u00e9s del portal especializado Escrapalia.<\/p>\n<p class=\"paragraph\" data-end=\"1544\" data-start=\"838\" id=\"paragraph_3\">El edificio, construido en 1971, cuenta con un total de 575 metros cuadrados<a href=\"https:\/\/www.elespanol.com\/madrid\/ocio\/20250610\/bares-latina-hartan-despedidas-soltero-prohiben-impunes-van-megafonos\/1003743795655_0.html?utm_cmp_rs=linksinline\" rel=\"nofollow noopener\" target=\"_blank\"><strong> distribuidos en cinco plantas:<\/strong><\/a> tres s\u00f3tanos, una planta baja con acceso directo desde la calle y una primera planta que incluye terrazas privativas.<\/p>\n<p class=\"paragraph\" data-end=\"1544\" data-start=\"838\" id=\"paragraph_4\">Todas las fincas comparten una cuota indivisa sobre la Finca Registral, lo que la convierte en una opci\u00f3n atractiva tanto para empresarios que busquen establecer su negocio como<strong> para inversores interesados en el mercado<\/strong> inmobiliario de la zona.<\/p>\n<p class=\"paragraph\" data-end=\"1544\" data-start=\"838\" id=\"paragraph_5\">Su ubicaci\u00f3n, <strong>en Carretera de Carabanchel a Aravaca n\u00famero 50<\/strong>, permite un acceso estrat\u00e9gico al oeste de Madrid, cercano a la M-30, la M-40 y a la futura l\u00ednea de Cercan\u00edas, en una v\u00eda con alto tr\u00e1nsito tanto vehicular como peatonal.<\/p>\n<p class=\"paragraph\" data-end=\"1932\" data-start=\"1546\" id=\"paragraph_6\">La subasta se realiza a trav\u00e9s de la plataforma Escrapalia, <strong>especializada en la venta p\u00fablica de activos,<\/strong> por encargo de la administraci\u00f3n concursal de Valant Gesti\u00f3n Inmobiliaria SL, actualmente en concurso.<\/p>\n<p class=\"paragraph\" data-end=\"1932\" data-start=\"1546\" id=\"paragraph_7\">Los interesados deber\u00e1n registrarse de forma gratuita y <strong>aportar un dep\u00f3sito de garant\u00eda de 46.500 euros,<\/strong> que se descontar\u00e1 del precio final en caso de resultar adjudicatarios.<\/p>\n<p class=\"paragraph\" data-end=\"1932\" data-start=\"1546\" id=\"paragraph_8\">Seg\u00fan figura en la web del citado portal de venta p\u00fablica de activos, el inmueble se sit\u00faa en un entorno comercial consolidado, con zona con actividad comercial, log\u00edstica y de servicios.<\/p>\n<p class=\"paragraph\" id=\"paragraph_9\">Sobre la hora de finalizaci\u00f3n de la subasta, desde Escrapalia informan de que podr\u00eda variar si en los \u00faltimos 3 minutos antes del cierre de la misma se recibe una puja superior a la puja que vaya ganando en ese momento.<\/p>\n<p class=\"paragraph\" id=\"paragraph_10\">De esta manera, la hora de finalizaci\u00f3n se ir\u00e1 incrementando de 3 minutos en 3 minutos hasta que no se reciba una mejor oferta (puja) durante 3 minutos seguidos antes de la finalizaci\u00f3n de la misma.<\/p>\n<p class=\"paragraph\" id=\"paragraph_11\">Este procedimiento ofrece las mismas condiciones a cualquiera de los participantes que quieran mejorar su oferta.<\/p>\n","protected":false},"excerpt":{"rendered":"Un inmueble comercial completo, situado en el madrile\u00f1o distrito de Latina, ha salido a subasta p\u00fablica con un&hellip;\n","protected":false},"author":2,"featured_media":184708,"comment_status":"","ping_status":"","sticky":false,"template":"","format":"standard","meta":{"footnotes":""},"categories":[173],"tags":[229,233,231,230,1467,232,234,146,147,25,24,205,492,23],"class_list":{"0":"post-184707","1":"post","2":"type-post","3":"status-publish","4":"format-standard","5":"has-post-thumbnail","7":"category-arte-y-diseno","8":"tag-arte","9":"tag-arte-y-diseno","10":"tag-arts","11":"tag-arts-and-design","12":"tag-comunidad-de-madrid","13":"tag-design","14":"tag-diseno","15":"tag-entertainment","16":"tag-entretenimiento","17":"tag-es","18":"tag-espana","19":"tag-madrid","20":"tag-sociedad","21":"tag-spain"},"share_on_mastodon":{"url":"","error":""},"_links":{"self":[{"href":"https:\/\/www.europesays.com\/es\/wp-json\/wp\/v2\/posts\/184707","targetHints":{"allow":["GET"]}}],"collection":[{"href":"https:\/\/www.europesays.com\/es\/wp-json\/wp\/v2\/posts"}],"about":[{"href":"https:\/\/www.europesays.com\/es\/wp-json\/wp\/v2\/types\/post"}],"author":[{"embeddable":true,"href":"https:\/\/www.europesays.com\/es\/wp-json\/wp\/v2\/users\/2"}],"replies":[{"embeddable":true,"href":"https:\/\/www.europesays.com\/es\/wp-json\/wp\/v2\/comments?post=184707"}],"version-history":[{"count":0,"href":"https:\/\/www.europesays.com\/es\/wp-json\/wp\/v2\/posts\/184707\/revisions"}],"wp:featuredmedia":[{"embeddable":true,"href":"https:\/\/www.europesays.com\/es\/wp-json\/wp\/v2\/media\/184708"}],"wp:attachment":[{"href":"https:\/\/www.europesays.com\/es\/wp-json\/wp\/v2\/media?parent=184707"}],"wp:term":[{"taxonomy":"category","embeddable":true,"href":"https:\/\/www.europesays.com\/es\/wp-json\/wp\/v2\/categories?post=184707"},{"taxonomy":"post_tag","embeddable":true,"href":"https:\/\/www.europesays.com\/es\/wp-json\/wp\/v2\/tags?post=184707"}],"curies":[{"name":"wp","href":"https:\/\/api.w.org\/{rel}","templated":true}]}}