{"id":18473,"date":"2025-08-01T12:14:07","date_gmt":"2025-08-01T12:14:07","guid":{"rendered":"https:\/\/www.europesays.com\/es\/18473\/"},"modified":"2025-08-01T12:14:07","modified_gmt":"2025-08-01T12:14:07","slug":"bathco-bm-torrelavega-objetivo-subcampeonato-y-ehf-2","status":"publish","type":"post","link":"https:\/\/www.europesays.com\/es\/18473\/","title":{"rendered":"Bathco BM Torrelavega: Objetivo Subcampeonato y EHF"},"content":{"rendered":"<p>El Bathco BM Torrelavega inicia la temporada 2025-2026 con la mirada puesta en objetivos\u00a0<strong>ambiciosos<\/strong>\u00a0y un esp\u00edritu de superaci\u00f3n que contagia a toda la ciudad de Torrelavega. El club, que ha presentado oficialmente su proyecto ante medios y autoridades, ha dejado clara su intenci\u00f3n de\u00a0<strong>alcanzar el subcampeonato<\/strong>\u00a0en la liga Asobal y meterse entre los grandes en la fase de grupos de la\u00a0<strong>EHF European League<\/strong>.<\/p>\n<p>El presidente Antonio G\u00f3mez, visiblemente emocionado, expres\u00f3 su orgullo por la\u00a0<strong>grandeza del proyecto<\/strong>, destacando el desaf\u00edo tan\u00a0<strong>importante<\/strong>\u00a0que supone mejorar o igualar los resultados de la hist\u00f3rica campa\u00f1a pasada. Para G\u00f3mez, lo logrado hasta ahora ya es motivo de satisfacci\u00f3n, pero el Bathco BM Torrelavega no se conforma: el objetivo es superar la ronda previa de la competici\u00f3n europea y regresar a Europa, esta vez accediendo directamente al torneo.<\/p>\n<p>Estos retos, calificados como \u201c<strong>muy ambiciosos<\/strong>\u201d, cobran a\u00fan m\u00e1s valor considerando que el equipo solo cuenta con cinco temporadas en la \u00e9lite del balonmano nacional. A pesar de la juventud del club en la m\u00e1xima categor\u00eda, ya ha despertado una gran\u00a0<strong>afici\u00f3n<\/strong>, reflejada en la cifra de m\u00e1s de setecientos abonos renovados en la campa\u00f1a actual. La meta, sin embargo, es igualar o superar los mil seiscientos abonados del a\u00f1o anterior, confirmando la conexi\u00f3n especial entre club y comunidad.<\/p>\n<p>El\u00a0<strong>proyecto deportivo<\/strong>\u00a0mantiene una l\u00ednea continuista: la mayor parte del bloque que ha dado tantas alegr\u00edas a la afici\u00f3n continuar\u00e1, y a esto se le suman dos nuevas incorporaciones que aportar\u00e1n experiencia al equipo. Adem\u00e1s, el cuerpo t\u00e9cnico encabezado por Jacobo Cu\u00e9tara ha renovado la confianza de la directiva, que seguir\u00e1 reforzando las \u00e1reas necesarias para maximizar su rendimiento.<\/p>\n<p>Para Jos\u00e9 L\u00f3pez Cort\u00e9s, CEO de Bathco, lo conseguido hasta el momento es un \u201c<strong>hito hist\u00f3rico<\/strong>\u201d, y lo que viene puede ser todav\u00eda m\u00e1s grande: el subcampeonato es una meta firmada y asumida por toda la entidad. El equipo se qued\u00f3 muy cerca la pasada temporada y cuenta con la madera suficiente para escalar ese \u00faltimo pelda\u00f1o.<\/p>\n<p>La\u00a0<strong>temporada que comienza<\/strong>\u00a0es ilusionante no solo para el club, sino tambi\u00e9n para los habitantes de Torrelavega y de toda Cantabria. Las autoridades locales y regionales, como el concejal Nacho Gonz\u00e1lez y la directora general de Deporte, Susana Ruiz, han reconocido el esfuerzo y el impacto que el Bathco BM Torrelavega tiene en la revitalizaci\u00f3n del balonmano en la regi\u00f3n. El club ha devuelto la pasi\u00f3n y la identidad deportiva a su tierra, convirti\u00e9ndose en un ejemplo de proyecto consolidado, con jugadores y t\u00e9cnicos que, pese a recibir ofertas de otros destinos, han optado por quedarse y seguir luchando por sue\u00f1os cada vez m\u00e1s grandes.<\/p>\n<p>As\u00ed, Torrelavega se prepara para vivir otra temporada cargada de\u00a0<strong>esperanza, compromiso y ganas de hacer historia<\/strong>\u00a0en el balonmano espa\u00f1ol y europeo, seg\u00fan informa EFE.<\/p>\n<p>PUBLICIDAD<\/p>\n","protected":false},"excerpt":{"rendered":"El Bathco BM Torrelavega inicia la temporada 2025-2026 con la mirada puesta en objetivos\u00a0ambiciosos\u00a0y un esp\u00edritu de superaci\u00f3n&hellip;\n","protected":false},"author":2,"featured_media":18474,"comment_status":"","ping_status":"","sticky":false,"template":"","format":"standard","meta":{"footnotes":""},"categories":[278],"tags":[376,634,168,25,24,375,975,23,167],"class_list":{"0":"post-18473","1":"post","2":"type-post","3":"status-publish","4":"format-standard","5":"has-post-thumbnail","7":"category-balonmano","8":"tag-balonmano","9":"tag-deporte","10":"tag-deportes","11":"tag-es","12":"tag-espana","13":"tag-handball","14":"tag-seo","15":"tag-spain","16":"tag-sports"},"share_on_mastodon":{"url":"","error":""},"_links":{"self":[{"href":"https:\/\/www.europesays.com\/es\/wp-json\/wp\/v2\/posts\/18473","targetHints":{"allow":["GET"]}}],"collection":[{"href":"https:\/\/www.europesays.com\/es\/wp-json\/wp\/v2\/posts"}],"about":[{"href":"https:\/\/www.europesays.com\/es\/wp-json\/wp\/v2\/types\/post"}],"author":[{"embeddable":true,"href":"https:\/\/www.europesays.com\/es\/wp-json\/wp\/v2\/users\/2"}],"replies":[{"embeddable":true,"href":"https:\/\/www.europesays.com\/es\/wp-json\/wp\/v2\/comments?post=18473"}],"version-history":[{"count":0,"href":"https:\/\/www.europesays.com\/es\/wp-json\/wp\/v2\/posts\/18473\/revisions"}],"wp:featuredmedia":[{"embeddable":true,"href":"https:\/\/www.europesays.com\/es\/wp-json\/wp\/v2\/media\/18474"}],"wp:attachment":[{"href":"https:\/\/www.europesays.com\/es\/wp-json\/wp\/v2\/media?parent=18473"}],"wp:term":[{"taxonomy":"category","embeddable":true,"href":"https:\/\/www.europesays.com\/es\/wp-json\/wp\/v2\/categories?post=18473"},{"taxonomy":"post_tag","embeddable":true,"href":"https:\/\/www.europesays.com\/es\/wp-json\/wp\/v2\/tags?post=18473"}],"curies":[{"name":"wp","href":"https:\/\/api.w.org\/{rel}","templated":true}]}}