{"id":184741,"date":"2025-10-18T09:52:09","date_gmt":"2025-10-18T09:52:09","guid":{"rendered":"https:\/\/www.europesays.com\/es\/184741\/"},"modified":"2025-10-18T09:52:09","modified_gmt":"2025-10-18T09:52:09","slug":"contarle-la-vida-a-un-camarero-cuando-el-bar-va-a-cerrar-como-se-rodo-un-ultimo-vals-babelia","status":"publish","type":"post","link":"https:\/\/www.europesays.com\/es\/184741\/","title":{"rendered":"Contarle la vida a un camarero cuando el bar va a cerrar: c\u00f3mo se rod\u00f3 \u2018Un \u00faltimo vals\u2019 | Babelia"},"content":{"rendered":"<p class=\"\">Se trataba de salir a bailar con \u00e9l otra vez, la pen\u00faltima. \u00c9l dec\u00eda que ser\u00eda <a href=\"https:\/\/elpais.com\/cultura\/2024-10-17\/un-ultimo-vals-sabina-se-toma-la-penultima-copa-rodeado-de-amigos-en-su-nueva-cancion.html\" target=\"_self\" rel=\"nofollow noopener\" title=\"https:\/\/elpais.com\/cultura\/2024-10-17\/un-ultimo-vals-sabina-se-toma-la-penultima-copa-rodeado-de-amigos-en-su-nueva-cancion.html\">su \u00faltimo videoclip<\/a> y yo no quer\u00eda perd\u00e9rmelo. As\u00ed que prepar\u00e9 dos, tres ideas, y nos quedamos con esta, la m\u00e1s sencilla, la m\u00e1s compleja. Recuerdo haberlas compartido antes con <a href=\"https:\/\/elpais.com\/eps\/2025-03-09\/un-ano-con-leiva-en-el-viaje-de-su-vida.html\" target=\"_self\" rel=\"nofollow noopener\" title=\"https:\/\/elpais.com\/eps\/2025-03-09\/un-ano-con-leiva-en-el-viaje-de-su-vida.html\">Leiva <\/a>en un restaurante. Leiva hace que las cosas pasen; el \u00edmpetu que t\u00fa le transmitas te lo devuelve multiplicado por diez, sin intereses. Es dif\u00edcil sustraerse a su entusiasmo sin condiciones, su predisposici\u00f3n a embarcarse en empresas de dudoso \u00e9xito le convierte en el c\u00f3mplice ideal de todos los cr\u00edmenes. Su implicaci\u00f3n fue aqu\u00ed, otra vez, esencial. Tanta, que se vino conmigo a contarle a Joaqu\u00edn la idea.<\/p>\n<p class=\"\">Se trata de sentarse a una barra a tu lado, <a href=\"https:\/\/elpais.com\/cultura\/2024-03-11\/joaquin-sabina-el-personaje-se-comio-a-la-persona.html\" target=\"_self\" rel=\"nofollow noopener\" title=\"https:\/\/elpais.com\/cultura\/2024-03-11\/joaquin-sabina-el-personaje-se-comio-a-la-persona.html\">Joaqu\u00edn<\/a>; de escucharte cantar este vals, que tanto tiene de confesi\u00f3n, de \u00faltima vez, de inventario. Y de que, como en tantas pel\u00edculas, te sinceres con un barman aburrido, de chaleco negro y pajarita, con ganas de irse a casa. \u00bfCu\u00e1ndo? A esa hora maldita en que los bares a punto est\u00e1n de cerrar. Como los Nighthawks del cuadro de <a href=\"https:\/\/elpais.com\/elpais\/2020\/06\/26\/eps\/1593192585_389847.html\" target=\"_self\" rel=\"nofollow noopener\" title=\"https:\/\/elpais.com\/elpais\/2020\/06\/26\/eps\/1593192585_389847.html\">Hopper<\/a>; con la misma desesperaci\u00f3n con la que Stacy Keach busca al final de Fat City a alguien que le escuche detr\u00e1s de cualquier barra, conjurando la soledad de los bares.<\/p>\n<p class=\"\">Se trataba por tanto de que le cantara su canci\u00f3n a nadie. De que la escena comenzara como un soliloquio machadiano ante la platea vac\u00eda del bar, converso con el hombre que siempre va conmigo, y terminara como una celebraci\u00f3n, que eso es tambi\u00e9n, a fin de cuentas, su canci\u00f3n: un reconocimiento, una declaraci\u00f3n de amor. Un homenaje a esa persona que est\u00e1 donde hay que estar, cuando hay que estar.<\/p>\n<p><img decoding=\"auto\" class=\"_re lazyload a_m-v\" height=\"532\"  width=\"414\"  src=\"https:\/\/www.europesays.com\/es\/wp-content\/uploads\/2025\/10\/6MJNHR4W7ZHYHDDIIAMRPH3CR4.jpg\" loading=\"lazy\"\/>Joaqu\u00edn Sabina visto por SCIAMMARELLASCIAMMARELLA<\/p>\n<p class=\"\">Se trataba tambi\u00e9n de visualizarlo, de transformar en im\u00e1genes su emoci\u00f3n y su sentido; de estar, de acompa\u00f1arle. Y eso hicimos: hace caja el camarero, crucigramas la mujer del guardarropa, mientras entran uno a uno, como un goteo, amigos, m\u00fasicos, familiares; poetas, escritores y un torero, y se acomodan en la barra, a escucharle en silencio. Compa\u00f1eros de viaje, c\u00f3mplices necesarios, en muchos casos maestros, que vienen a presentar sus respetos a otro maestro.<\/p>\n<p class=\"\">Aqu\u00ed es cuando me acord\u00e9 de aquella cena en aquel restaurante, con Leiva. Y de por qu\u00e9 esta era la idea m\u00e1s simple y a la vez la m\u00e1s compleja: \u00bfcu\u00e1ntas posibilidades hay de que consigamos reunir el mismo d\u00eda, en el mismo bar, a todos ellos? A escasos d\u00edas del rodaje, las casas de apuestas no daban un euro por m\u00ed.<\/p>\n<p class=\"\">Pero dec\u00eda Joaqu\u00edn que este iba a ser su \u00faltimo vals, as\u00ed que todos quisieron venir a bailar con \u00e9l. Se aplazaron compromisos, se cambiaron agendas, se adelantaron vuelos. <a href=\"https:\/\/elpais.com\/television\/2025-05-17\/gracias-por-todo-a-los-permanentes-juglares-serrat-y-sabina.html\" target=\"_self\" rel=\"nofollow noopener\" title=\"https:\/\/elpais.com\/television\/2025-05-17\/gracias-por-todo-a-los-permanentes-juglares-serrat-y-sabina.html\">Joan Manuel Serrat<\/a>, Benjam\u00edn Prado, Juan Gabriel V\u00e1squez, Luis Garc\u00eda Montero. El propio Leiva y Jos\u00e9 Tom\u00e1s, <a href=\"https:\/\/elpais.com\/cultura\/2025-05-04\/ricardo-darin-vivire-el-resto-de-mi-vida-en-duelo-por-mi-hermanita.html\" target=\"_self\" rel=\"nofollow noopener\" title=\"https:\/\/elpais.com\/cultura\/2025-05-04\/ricardo-darin-vivire-el-resto-de-mi-vida-en-duelo-por-mi-hermanita.html\">Ricardo Dar\u00edn<\/a>, entre funci\u00f3n y funci\u00f3n de la obra que presentaba en Madrid esos d\u00edas. Calamaro, Drexler, Ariel Rot, <a href=\"https:\/\/elpais.com\/cultura\/2024-06-22\/alejo-stivel-ya-no-hacen-falta-dictaduras-con-el-poder-de-los-medios-se-convence-a-la-gente-de-que-vote-a-sus-verdugos.html\" target=\"_self\" rel=\"nofollow noopener\" title=\"https:\/\/elpais.com\/cultura\/2024-06-22\/alejo-stivel-ya-no-hacen-falta-dictaduras-con-el-poder-de-los-medios-se-convence-a-la-gente-de-que-vote-a-sus-verdugos.html\">Alejo Stivel<\/a>. Su banda, claro, con Antonio Garc\u00eda de Diego al frente, que se sent\u00f3 al piano. Y <a href=\"https:\/\/elpais.com\/cultura\/2015\/07\/12\/actualidad\/1436691791_276537.html\" target=\"_self\" rel=\"nofollow noopener\" title=\"https:\/\/elpais.com\/cultura\/2015\/07\/12\/actualidad\/1436691791_276537.html\">Javier Krahe<\/a> al fondo de la barra: un momento privado entre ellos, casi secreto. En realidad, un recuerdo.<\/p>\n<p class=\"\">Y periodistas, amigos, editores. Y su familia. El rodaje registra a menudo la primera reacci\u00f3n a la canci\u00f3n, ese instante de revelaci\u00f3n: tratamos de que la escucharan por primera vez con las c\u00e1maras ya grabando.<\/p>\n<p class=\"\">Porque se trataba de bailar, s\u00ed, pero de bailar en grupo; de rodearle de gente querida, que ese era en realidad el \u00fanico requisito, el m\u00e1s importante. Y se nos llen\u00f3 el bar.<\/p>\n<p class=\"\">Que es el bar de sus canciones: un bar grande, elegante, un bar de barra ancha y luz baja, de taburetes altos y amores eternos, de un d\u00eda. Un bar donde se conversa, se bebe, se besa; donde se celebra, al fin, la vida. Esa fue la \u00fanica consigna para buscar el lugar: rodar en un bar \u201cde canci\u00f3n de Sabina\u201d.<\/p>\n<blockquote class=\"a_q\">\n<p>Y nos dieron las diez, y las once. Se trataba de que la m\u00fasica siga, de que el cantante no calle, de seguir bailando<\/p>\n<\/blockquote>\n<p class=\"\">Abrirlo result\u00f3 m\u00e1s f\u00e1cil que cerrarlo: nadie se quer\u00eda ir. La reuni\u00f3n se transform\u00f3 en una celebraci\u00f3n de Joaqu\u00edn, de su amistad, de su arte. De sus buenas compa\u00f1\u00edas. Todos quisieron estar, tambi\u00e9n mi equipo: nunca me hab\u00edan dicho tantas veces \u201cyo hubiera matado por participar en ese rodaje\u201d.<\/p>\n<p class=\"\">Y nos dieron las diez, y las once. Se trataba de que la m\u00fasica siga, de que el cantante no calle, de seguir bailando; de que nos siga reuniendo en los bares, alrededor de la hoguera de sus canciones.<\/p>\n<p class=\"\">Se trataba, al fin, de ir a un bar.<\/p>\n<p class=\"\">Solo espero no encontrarme cuando vuelva, en su lugar, una sucursal del Banco Hispano Americano.<\/p>\n","protected":false},"excerpt":{"rendered":"Se trataba de salir a bailar con \u00e9l otra vez, la pen\u00faltima. \u00c9l dec\u00eda que ser\u00eda su \u00faltimo&hellip;\n","protected":false},"author":2,"featured_media":184742,"comment_status":"","ping_status":"","sticky":false,"template":"","format":"standard","meta":{"footnotes":""},"categories":[174],"tags":[52104,21286,52144,48452,255,209,146,147,25,24,256,34139,44470,31320,52143,52103,21851,48449,185,37119,23,33457],"class_list":{"0":"post-184741","1":"post","2":"type-post","3":"status-publish","4":"format-standard","5":"has-post-thumbnail","7":"category-famosos","8":"tag-alejo-stivel","9":"tag-andres-calamaro","10":"tag-ariel-rot","11":"tag-benjamin-prado","12":"tag-celebrities","13":"tag-cultura","14":"tag-entertainment","15":"tag-entretenimiento","16":"tag-es","17":"tag-espana","18":"tag-famosos","19":"tag-fernando-leon-de-aranoa","20":"tag-joan-manuel-serrat","21":"tag-joaquin-sabina","22":"tag-jorge-drexler","23":"tag-juan-gabriel-vasquez","24":"tag-leiva","25":"tag-luis-garcia-montero","26":"tag-musica","27":"tag-ricardo-darin","28":"tag-spain","29":"tag-videos-musicales"},"share_on_mastodon":{"url":"","error":""},"_links":{"self":[{"href":"https:\/\/www.europesays.com\/es\/wp-json\/wp\/v2\/posts\/184741","targetHints":{"allow":["GET"]}}],"collection":[{"href":"https:\/\/www.europesays.com\/es\/wp-json\/wp\/v2\/posts"}],"about":[{"href":"https:\/\/www.europesays.com\/es\/wp-json\/wp\/v2\/types\/post"}],"author":[{"embeddable":true,"href":"https:\/\/www.europesays.com\/es\/wp-json\/wp\/v2\/users\/2"}],"replies":[{"embeddable":true,"href":"https:\/\/www.europesays.com\/es\/wp-json\/wp\/v2\/comments?post=184741"}],"version-history":[{"count":0,"href":"https:\/\/www.europesays.com\/es\/wp-json\/wp\/v2\/posts\/184741\/revisions"}],"wp:featuredmedia":[{"embeddable":true,"href":"https:\/\/www.europesays.com\/es\/wp-json\/wp\/v2\/media\/184742"}],"wp:attachment":[{"href":"https:\/\/www.europesays.com\/es\/wp-json\/wp\/v2\/media?parent=184741"}],"wp:term":[{"taxonomy":"category","embeddable":true,"href":"https:\/\/www.europesays.com\/es\/wp-json\/wp\/v2\/categories?post=184741"},{"taxonomy":"post_tag","embeddable":true,"href":"https:\/\/www.europesays.com\/es\/wp-json\/wp\/v2\/tags?post=184741"}],"curies":[{"name":"wp","href":"https:\/\/api.w.org\/{rel}","templated":true}]}}