{"id":184743,"date":"2025-10-18T09:53:15","date_gmt":"2025-10-18T09:53:15","guid":{"rendered":"https:\/\/www.europesays.com\/es\/184743\/"},"modified":"2025-10-18T09:53:15","modified_gmt":"2025-10-18T09:53:15","slug":"la-restauracion-del-fronton-beti-jai-obra-del-cantabro-joaquin-de-rucoba-premio-nacional","status":"publish","type":"post","link":"https:\/\/www.europesays.com\/es\/184743\/","title":{"rendered":"La restauraci\u00f3n del front\u00f3n Beti Jai, obra del c\u00e1ntabro Joaqu\u00edn de Rucoba, Premio Nacional"},"content":{"rendered":"<p><img fetchpriority=\"high\" class=\"v-a-img\" src=\"https:\/\/www.europesays.com\/es\/wp-content\/uploads\/2025\/10\/109501267-kdqD--1200x840@Diario Montanes.jpg\" loading=\"eager\" decoding=\"async\" alt=\"Vista del front\u00f3n madrile\u00f1o Beti Jai, proyectado por el arquitecto monta\u00f1\u00e9s Joaqu\u00edn de Rucoba (1849-1919).\"  width=\"1200\" height=\"840\"\/><\/p>\n<p>Vista del front\u00f3n madrile\u00f1o Beti Jai, proyectado por el arquitecto monta\u00f1\u00e9s Joaqu\u00edn de Rucoba (1849-1919).          EFE        <\/p>\n<p>El edificio singular de la arquitectura del hierro, ubicado en el madrile\u00f1o barrio de Chamber\u00ed, fue dise\u00f1ado en 1894 por el arquitecto laredano<\/p>\n<p><a class=\"v-mdl-ath__fig-a\" href=\"https:\/\/www.eldiariomontanes.es\/autor\/guillermo-balbona-1020.html\" title=\"Guillermo Balbona\" rel=\"nofollow noopener\" target=\"_blank\"><br \/>\n<img decoding=\"async\" class=\"v-mdl-ath__img\" src=\"https:\/\/www.europesays.com\/es\/wp-content\/uploads\/2025\/09\/autor-1020-foto-3.jpeg\" alt=\"Guillermo Balbona\"\/><br \/>\n<\/a><\/p>\n<p class=\"v-mdl-ath__p v-mdl-ath__p--6\">\nS\u00e1bado, 18 de octubre 2025, 02:00<\/p>\n<p class=\"v-p\">La recuperaci\u00f3n de una joya del patrimonio, recientemente recobrada en Madrid, el front\u00f3n Beti Jai, ha sido galardonada con el Premio Nacional de Restauraci\u00f3n y  &#8230; Conservaci\u00f3n de Bienes Culturales 2025. El galard\u00f3n, concedido por el Ministerio de Cultura, est\u00e1 dotado con 30.000 euros. El front\u00f3n fue proyectado por el arquitecto laredano Joaqu\u00edn de Rucoba (1849-1919), se inaugur\u00f3 en 1894, se cerr\u00f3 al juego de pelota en 1897 y acogi\u00f3, entre 1904 y 1909, el Centro de Ensayos de Aeron\u00e1utica de Leonardo Torres Quevedo. El jurado destac\u00f3 esta rehabilitaci\u00f3n \u00abno solo por los valores de una intervenci\u00f3n de restauraci\u00f3n arquitect\u00f3nica ejecutada conforme a s\u00f3lidos criterios y metodolog\u00eda contempor\u00e1nea de tratamiento de bienes culturales, sino que adem\u00e1s se cimienta sobre la acci\u00f3n jur\u00eddica de protecci\u00f3n de un bien singular y se desarrolla, cada d\u00eda, mediante colaboraci\u00f3n entre la sociedad civil y el gobierno municipal\u00bb. El Ayuntamiento de Madrid inaugur\u00f3 este espacio hace un a\u00f1o en la calle Marqu\u00e9s del Riscal n\u00ba 7. <\/p>\n<p>Entre 1904 y 1909<\/p>\n<p class=\"v-p\">\nCerrado al juego de pelota en 1897, acogi\u00f3 el Centro de Ensayos de Aeron\u00e1utica de Leonardo Torres Quevedo\n<\/p>\n<p>En los talleres de la cancha<\/p>\n<p class=\"v-p\">\nEl inventor de Igu\u00f1a construy\u00f3 telekinos, caso del primer coche el\u00e9ctrico teledirigido de la historia\n<\/p>\n<p class=\"v-p\">Icono de la arquitectura del hierro, tuvo su momento de mayor esplendor a finales del XIX y principios del XX, convirti\u00e9ndose desde su apertura al p\u00fablico en 2024 en uno de los templos del juego de pelota en la capital. Cultura destaca el impulso ciudadano, canalizado a trav\u00e9s de la Plataforma Salvemos el front\u00f3n Beti Jai. La Comunidad de Madrid lo protegi\u00f3 en 2011 como Bien de Inter\u00e9s Cultural dado que era un inmueble que estuvo a punto de colapsar. El front\u00f3n abri\u00f3 sus puertas al p\u00fablico el pasado a\u00f1o, adem\u00e1s del centro de interpretaci\u00f3n y un programa de actividades culturales y deportivas, en el que han participado ya m\u00e1s de 145.000 personas. Los distintos usos que tuvo el edificio en sus 130 a\u00f1os de historia ya fueron estudiados en profundidad por la historiadora c\u00e1ntabra, especialista en patrimonio, Montserrat Cubr\u00eda Piris. Por su parte, el profesor e investigador Francisco A. Gonz\u00e1lez Redondo ha reivindicado la huella de Torres Quevedo en ese espacio. En los talleres instalados en el front\u00f3n construy\u00f3 varios telekinos. Con uno realiz\u00f3 en la cancha del Beti Jai el radiocontrol del primer coche el\u00e9ctrico teledirigido de la historia. Con los otros control\u00f3 remotamente dos botes el\u00e9ctricos, en el estanque de la Casa de Campo y en el Abra de Bilbao.<\/p>\n<p class=\"v-p\">En el Centro de Interpretaci\u00f3n actual puede verse la documentaci\u00f3n original y la maqueta del dirigible construida en el taller del Espacio Leonardo Torres Quevedo de La Serna de Igu\u00f1a. Y se lee la frase grabada en piedra: \u00abEl front\u00f3n Beti Jai tiene que estar a disposici\u00f3n de la ciudadan\u00eda. Puede tener muchos usos, pero en cualquier caso hay algo que no se puede evitar, que es honrar la memoria de Leonardo Torres Quevedo\u00bb. <\/p>\n<p class=\"v-crt__t\"> L\u00edmite de sesiones alcanzadas<\/p>\n<p class=\"v-crt__p\">El acceso al contenido Premium est\u00e1 abierto por cortes\u00eda del establecimiento donde te encuentras, pero ahora mismo hay demasiados usuarios conectados a las vez.<\/p>\n<p class=\"v-crt__p\">Por favor, int\u00e9ntalo pasados unos minutos.<\/p>\n<p>\nVolver a intentar\n<\/p>\n<p class=\"v-crt__t\">Sesi\u00f3n cerrada<\/p>\n<p class=\"v-crt__p\">Al iniciar sesi\u00f3n desde un dispositivo distinto, por seguridad, se cerr\u00f3 la \u00faltima sesi\u00f3n en este.<\/p>\n<p class=\"v-crt__p\">Para continuar disfrutando de su suscripci\u00f3n digital, inicie sesi\u00f3n en este dispositivo.<\/p>\n<p>\nEste contenido es exclusivo para suscriptores\n<\/p>\n<p class=\"text\">\u00bfTienes una suscripci\u00f3n? <a href=\"https:\/\/secure.eldiariomontanes.es\/identidad\/inicio#vca=suscribete&amp;vso=eldiariomontanes&amp;vmc=on&amp;vli=cdn-ce-link-login\" class=\"login\" data-voc-vtm-id=\"comienzoSuscripcionON\" data-voc-vtm-info=\"cdn-ce-link-login\" rel=\"nofollow noopener\" target=\"_blank\">Inicia sesi\u00f3n<\/a><\/p>\n<p>Reporta un error<\/p>\n","protected":false},"excerpt":{"rendered":"Vista del front\u00f3n madrile\u00f1o Beti Jai, proyectado por el arquitecto monta\u00f1\u00e9s Joaqu\u00edn de Rucoba (1849-1919). EFE El edificio&hellip;\n","protected":false},"author":2,"featured_media":184744,"comment_status":"","ping_status":"","sticky":false,"template":"","format":"standard","meta":{"footnotes":""},"categories":[173],"tags":[229,233,231,230,7952,52146,232,234,146,147,25,24,52145,50625,8488,813,4125,843,3802,52147,23],"class_list":{"0":"post-184743","1":"post","2":"type-post","3":"status-publish","4":"format-standard","5":"has-post-thumbnail","7":"category-arte-y-diseno","8":"tag-arte","9":"tag-arte-y-diseno","10":"tag-arts","11":"tag-arts-and-design","12":"tag-beti","13":"tag-cantabro","14":"tag-design","15":"tag-diseno","16":"tag-entertainment","17":"tag-entretenimiento","18":"tag-es","19":"tag-espana","20":"tag-fronton","21":"tag-jai","22":"tag-joaquin","23":"tag-nacional","24":"tag-obra","25":"tag-premio","26":"tag-restauracion","27":"tag-rucoba","28":"tag-spain"},"share_on_mastodon":{"url":"","error":""},"_links":{"self":[{"href":"https:\/\/www.europesays.com\/es\/wp-json\/wp\/v2\/posts\/184743","targetHints":{"allow":["GET"]}}],"collection":[{"href":"https:\/\/www.europesays.com\/es\/wp-json\/wp\/v2\/posts"}],"about":[{"href":"https:\/\/www.europesays.com\/es\/wp-json\/wp\/v2\/types\/post"}],"author":[{"embeddable":true,"href":"https:\/\/www.europesays.com\/es\/wp-json\/wp\/v2\/users\/2"}],"replies":[{"embeddable":true,"href":"https:\/\/www.europesays.com\/es\/wp-json\/wp\/v2\/comments?post=184743"}],"version-history":[{"count":0,"href":"https:\/\/www.europesays.com\/es\/wp-json\/wp\/v2\/posts\/184743\/revisions"}],"wp:featuredmedia":[{"embeddable":true,"href":"https:\/\/www.europesays.com\/es\/wp-json\/wp\/v2\/media\/184744"}],"wp:attachment":[{"href":"https:\/\/www.europesays.com\/es\/wp-json\/wp\/v2\/media?parent=184743"}],"wp:term":[{"taxonomy":"category","embeddable":true,"href":"https:\/\/www.europesays.com\/es\/wp-json\/wp\/v2\/categories?post=184743"},{"taxonomy":"post_tag","embeddable":true,"href":"https:\/\/www.europesays.com\/es\/wp-json\/wp\/v2\/tags?post=184743"}],"curies":[{"name":"wp","href":"https:\/\/api.w.org\/{rel}","templated":true}]}}