{"id":18475,"date":"2025-08-01T12:15:09","date_gmt":"2025-08-01T12:15:09","guid":{"rendered":"https:\/\/www.europesays.com\/es\/18475\/"},"modified":"2025-08-01T12:15:09","modified_gmt":"2025-08-01T12:15:09","slug":"bous-toros-fiestas-almassora-i-almassora-redobla-su-apuesta-taurina-con-seis-espectaculares-toros-para-el-encierro-estrella-del-roser-31-description","status":"publish","type":"post","link":"https:\/\/www.europesays.com\/es\/18475\/","title":{"rendered":"BOUS TOROS FIESTAS ALMASSORA I Almassora redobla su apuesta taurina con seis espectaculares toros para el encierro estrella del Roser 31 Description"},"content":{"rendered":"<p class=\"ft-text ft-helper-closenews\">Seis toros de la <strong>ganader\u00eda brava Zalduendo<\/strong> protagonizar\u00e1n el encierro cerril de las pr\u00f3ximas <a class=\"ft-link ft-link--decoration\" href=\"https:\/\/www.elperiodicomediterraneo.com\/tags\/fiestas\/\" target=\"_blank\" rel=\"nofollow noopener\">fiestas<\/a> patronales en honor a la Mare de D\u00e9u del Roser de <a class=\"ft-link ft-link--decoration\" href=\"https:\/\/www.elperiodicomediterraneo.com\/castello\/almassora\/\" target=\"_blank\" rel=\"nofollow noopener\">Almassora<\/a>. La esperada cita, que ser\u00e1 posible gracias a la colaboraci\u00f3n entre el Ayuntamiento y diferentes pe\u00f1as, ser\u00e1 el <strong>s\u00e1bado 4 de octubre<\/strong> por el recorrido habitual de la Vila.<\/p>\n<p class=\"ft-text\">El <a class=\"ft-link ft-link--decoration\" href=\"https:\/\/www.elperiodicomediterraneo.com\/tags\/concejal\/\" target=\"_blank\" rel=\"nofollow noopener\">concejal<\/a> de Fiestas, Arturo Soler, destaca la \u00ab<strong>enorme calidad y presencia<\/strong>\u00bb de los astados que formar\u00e1n parte del cartel taurino de las pr\u00f3ximas celebraciones patronales. \u00abAlmassora es una plaza de primera dentro de los <a class=\"ft-link ft-link--decoration\" href=\"https:\/\/www.elperiodicomediterraneo.com\/tags\/bous-al-carrer\/\" target=\"_blank\" rel=\"nofollow noopener\">bous al carrer<\/a>, como venimos demostrando. Contamos con una gran afici\u00f3n, que al igual que este equipo de gobierno, est\u00e1 comprometida con una fiesta tan nuestra que forma parte de nuestra <a class=\"ft-link ft-link--decoration\" href=\"https:\/\/www.elperiodicomediterraneo.com\/cultura\/\" target=\"_blank\" rel=\"nofollow noopener\">cultura<\/a> y nuestra historia\u00bb, se\u00f1ala.<\/p>\n<p class=\"ft-text\">Adem\u00e1s, el edil recalca que \u00aben Almassora estamos orgullosos de nuestras se\u00f1as de identidad, de los bous al carrer, una pieza angular de las fiestas. Somos un pueblo con<strong> esp\u00edritu y sentimiento taurino\u00bb.<\/strong><\/p>\n<p class=\"ft-text\">Las pe\u00f1as de la Associaci\u00f3 de Penyes Taurines d&#8217;Almassora (APTA) que patrocinan los ejemplares del encierro son: Juventud Taurina, Els Penjats, El Barrilet, El rac\u00f3, T\u2019empujen, El Gavell, Aficionats al Bou, Gent del Bou, El Corb, Els Clafidors, San Ferm\u00edn, Amigues del Bou, El Roser, ACT La Picaora, El Jaleo y El Bureo.<\/p>\n<p>Ganader\u00eda con historia<\/p>\n<p class=\"ft-text\">La ganader\u00eda de Zalduendo, con<strong> divisa encarnada y azul,<\/strong> est\u00e1 situada en la localidad cacere\u00f1a de Aliseda y tiene su origen en el siglo XVIII con reses navarras. El encierro en el que participar\u00e1n sus astados ser\u00e1 el<strong> plato estrella del cartel taurino<\/strong> de las fiestas de <a class=\"ft-link ft-link--decoration\" href=\"https:\/\/www.elperiodicomediterraneo.com\/tags\/santa-quiteria\/\" target=\"_blank\" rel=\"nofollow noopener\">Santa Quit\u00e8ria<\/a>, que tendr\u00e1n lugar del <strong>viernes 3 al domingo 12 de octubre. <\/strong><\/p>\n<p class=\"ft-text\">Fuentes municipales comunicaron ayer que en los pr\u00f3ximos d\u00edas dar\u00e1n a conocer el n\u00famero de toros que se exhibir\u00e1n durante las celebraciones, as\u00ed como la elecci\u00f3n como Bou del Poble, que completar\u00e1 una programaci\u00f3n que contar\u00e1 con prestigiosos hierros. <a href=\"https:\/\/www.elperiodicomediterraneo.com\/comarcas\/2024\/09\/17\/almassora-exhibira-18-toros-bous-fiestas-roser-castellon-encierro-108244488.html\" class=\"ft-link ft-link--decoration\" rel=\"nofollow noopener\" target=\"_blank\">El pasado a\u00f1o, la localidad <\/a><a href=\"https:\/\/www.elperiodicomediterraneo.com\/comarcas\/2024\/09\/17\/almassora-exhibira-18-toros-bous-fiestas-roser-castellon-encierro-108244488.html\" class=\"ft-link ft-link--decoration\" rel=\"nofollow noopener\" target=\"_blank\"><strong>sac\u00f3 a las calles de la Vila hasta 18 ejemplares cerriles<\/strong><\/a><a href=\"https:\/\/www.elperiodicomediterraneo.com\/comarcas\/2024\/09\/17\/almassora-exhibira-18-toros-bous-fiestas-roser-castellon-encierro-108244488.html\" class=\"ft-link ft-link--decoration\" rel=\"nofollow noopener\" target=\"_blank\"> y el encierro fue a cargo de la ganader\u00eda de Carmen Valiente.<\/a><\/p>\n<p data-close=\"closedContent\" class=\"subscribeHideForDisplay\">Suscr\u00edbete para seguir leyendo<\/p>\n","protected":false},"excerpt":{"rendered":"Seis toros de la ganader\u00eda brava Zalduendo protagonizar\u00e1n el encierro cerril de las pr\u00f3ximas fiestas patronales en honor&hellip;\n","protected":false},"author":2,"featured_media":18476,"comment_status":"","ping_status":"","sticky":false,"template":"","format":"standard","meta":{"footnotes":""},"categories":[277],"tags":[11544,304,373,7312,168,25,24,43,11546,1949,11545,1139,23,167,600,374,444],"class_list":{"0":"post-18475","1":"post","2":"type-post","3":"status-publish","4":"format-standard","5":"has-post-thumbnail","7":"category-toreo","8":"tag-almassora","9":"tag-apuesta","10":"tag-bullfighting","11":"tag-comarcas","12":"tag-deportes","13":"tag-es","14":"tag-espana","15":"tag-fiestas","16":"tag-fiestas-almassora","17":"tag-ganaderia","18":"tag-redobla","19":"tag-seis","20":"tag-spain","21":"tag-sports","22":"tag-taurina","23":"tag-toreo","24":"tag-toros"},"share_on_mastodon":{"url":"","error":""},"_links":{"self":[{"href":"https:\/\/www.europesays.com\/es\/wp-json\/wp\/v2\/posts\/18475","targetHints":{"allow":["GET"]}}],"collection":[{"href":"https:\/\/www.europesays.com\/es\/wp-json\/wp\/v2\/posts"}],"about":[{"href":"https:\/\/www.europesays.com\/es\/wp-json\/wp\/v2\/types\/post"}],"author":[{"embeddable":true,"href":"https:\/\/www.europesays.com\/es\/wp-json\/wp\/v2\/users\/2"}],"replies":[{"embeddable":true,"href":"https:\/\/www.europesays.com\/es\/wp-json\/wp\/v2\/comments?post=18475"}],"version-history":[{"count":0,"href":"https:\/\/www.europesays.com\/es\/wp-json\/wp\/v2\/posts\/18475\/revisions"}],"wp:featuredmedia":[{"embeddable":true,"href":"https:\/\/www.europesays.com\/es\/wp-json\/wp\/v2\/media\/18476"}],"wp:attachment":[{"href":"https:\/\/www.europesays.com\/es\/wp-json\/wp\/v2\/media?parent=18475"}],"wp:term":[{"taxonomy":"category","embeddable":true,"href":"https:\/\/www.europesays.com\/es\/wp-json\/wp\/v2\/categories?post=18475"},{"taxonomy":"post_tag","embeddable":true,"href":"https:\/\/www.europesays.com\/es\/wp-json\/wp\/v2\/tags?post=18475"}],"curies":[{"name":"wp","href":"https:\/\/api.w.org\/{rel}","templated":true}]}}