{"id":184761,"date":"2025-10-18T10:03:07","date_gmt":"2025-10-18T10:03:07","guid":{"rendered":"https:\/\/www.europesays.com\/es\/184761\/"},"modified":"2025-10-18T10:03:07","modified_gmt":"2025-10-18T10:03:07","slug":"trump-espera-acabar-con-la-guerra-de-rusia-sin-vender-tomahawks-a-ucrania","status":"publish","type":"post","link":"https:\/\/www.europesays.com\/es\/184761\/","title":{"rendered":"Trump espera acabar con la guerra de Rusia sin vender Tomahawks a Ucrania"},"content":{"rendered":"<p>          <img decoding=\"async\" class=\"c-ad__placeholder__logo\" src=\"https:\/\/static.euronews.com\/website\/images\/logos\/logo-euronews-stacked-outlined-72x72-grey-9.svg\" width=\"72\" height=\"72\" alt=\"\" loading=\"lazy\"\/><br \/>\n          PUBLICIDAD<\/p>\n<p>El presidente de Estados Unidos, Donald Trump, dijo el viernes que cre\u00eda poder llevar el impulso del <a href=\"https:\/\/es.euronews.com\/2025\/10\/10\/miles-de-palestinos-regresan-al-norte-tras-el-alto-el-fuego-entre-israel-y-hamas-en-gaza\" rel=\"nofollow noopener\" target=\"_blank\">acuerdo de alto el fuego en Gaza entre Israel y Ham\u00e1s<\/a> hacia el \u00e9xito de poner fin tambi\u00e9n a la <strong>guerra de Rusia en Ucrania<\/strong>.<\/p>\n<p> Creo que llevamos mucho impulso, mucha credibilidad. Acabar con Oriente Pr\u00f3ximo era muy importante. Nadie pensaba que pudiera hacerse\u00bb, dijo Trump.<\/p>\n<p>\u00ab<strong>Lo conseguimos con bastante rapidez<\/strong> despu\u00e9s de poner la mesa adecuadamente. Ten\u00edamos que poner la mesa como es debido. Creo que ahora la mesa tambi\u00e9n est\u00e1 bien puesta\u00bb. \u00abSer\u00e1 un gran honor conseguirlo\u00bb.<\/p>\n<p>El presidente estadounidense espera que <a href=\"https:\/\/es.euronews.com\/my-europe\/2025\/10\/17\/ue-cautela-reunion-trump-putin\" rel=\"nofollow noopener\" target=\"_blank\">su pr\u00f3xima reuni\u00f3n con Vlad\u00edmir Putin en Hungr\u00eda<\/a> acerque el final de la guerra, aunque <strong>admiti\u00f3 la posibilidad de que el presidente ruso est\u00e9 intentando ganar tiempo<\/strong>.<\/p>\n<p>\u00abYo s\u00ed\u00bb, dijo cuando se le pregunt\u00f3 si le preocupaba que Putin estuviera ganando tiempo. \u00abA m\u00ed me la han jugado toda la vida los mejores, y he salido muy bien parado\u00bb, dijo.<\/p>\n<p>\u00abCreo que quiere llegar a un acuerdo\u00bb, declar\u00f3 Trump refiri\u00e9ndose a Putin, afirmando que <strong>tanto Zelenski como Putin estaban dispuestos a poner fin a la guerra<\/strong>, pero que la animosidad personal entre los l\u00edderes hab\u00eda retrasado el proceso.<\/p>\n<p>\u00abCreo que el presidente Zelenski quiere que se haga y creo que el presidente Putin quiere que se haga\u00bb, dijo. \u00abAhora todo lo que tienen que hacer es llevarse un poco bien\u00bb.<\/p>\n<p><strong>Zelenski reafirm\u00f3 su creencia de que Putin \u00abno est\u00e1 listo\u00bb para la paz<\/strong>, pero agreg\u00f3: \u00abEstoy seguro de que, con su ayuda, podemos detener esta guerra\u00bb. \u00abCreo que este es el impulso para acabar con la guerra de Rusia contra Ucrania\u00bb.<\/p>\n<p>Tras la reuni\u00f3n en la Casa Blanca, Zelenski mantuvo una llamada con algunos m\u00e1s de los socios estrat\u00e9gicos de Ucrania, incluidos los l\u00edderes de los pa\u00edses de la <a href=\"https:\/\/es.euronews.com\/2025\/09\/04\/la-coalicion-de-voluntarios-ofrece-desminar-ucrania-y-proporcionar-patrullas-aereas-en-la-\" rel=\"nofollow noopener\" target=\"_blank\">Coalici\u00f3n de los Voluntarios<\/a>.<\/p>\n<p>Zelenski confirm\u00f3 que la presidenta de la Comisi\u00f3n Europea, Ursula von der Leyen, y el presidente del Consejo Europeo, Ant\u00f3nio Costa, estuvieron en la llamada junto con el finland\u00e9s Alexander Stubb, el noruego Jonas Gahr St\u00f8re, el brit\u00e1nico Keir Starmer, la italiana Giorgia Meloni y el miembro de la OTAN Mark Rutte. <strong>Zelenski admiti\u00f3 que la cuesti\u00f3n m\u00e1s \u00abdelicada y dif\u00edcil\u00bb era la de los territorios de Ucrania<\/strong>.<\/p>\n<p><strong>\u00bfTomahawks americanos por drones ucranianos?<\/strong><\/p>\n<p>Hasta que comiencen las conversaciones para un alto el fuego, la gran pregunta para Kiev es si Ucrania recibir\u00e1 m\u00e1s armas de Estados Unidos. La <a href=\"https:\/\/es.euronews.com\/2025\/10\/16\/tomahawks-ucrania-eeuu-negociacion-rusia\" rel=\"nofollow noopener\" target=\"_blank\">posibilidad de vender misiles Tomahawk<\/a> fue uno de los temas principales de la reuni\u00f3n del viernes en la Casa Blanca.<\/p>\n<p>Donald <strong>Trump dijo que espera que los Tomahawk no sean necesarios<\/strong> en los esfuerzos de paz dirigidos a Putin y el fin de la guerra de Rusia en Ucrania.<\/p>\n<p>\u00abCon suerte, seremos capaces de acabar con la guerra sin pensar en Tomahawks\u00bb, dijo Trump, a\u00f1adiendo que EE.UU. necesita sus Tomahawks y \u00abmuchas otras armas que estamos enviando a Ucrania\u00bb.<\/p>\n<p>Zelenski contraatac\u00f3 se\u00f1alando que el env\u00edo no tiene por qu\u00e9 ser unidireccional: \u00abSi quieres apuntar a un objetivo militar, necesitas miles de aviones no tripulados\u00bb, dijo Zelenski.<\/p>\n<p>\u00abVa acompa\u00f1ado de esos misiles. <strong>Estados Unidos tiene Tomahawks y otros misiles<\/strong>, misiles muy potentes, pero tambi\u00e9n <strong>pueden disponer de nuestros miles de drones. Ah\u00ed es donde podemos trabajar juntos\u00bb<\/strong>.<\/p>\n<p>Donald Trump confirm\u00f3 el inter\u00e9s de Washington: \u00abEstar\u00edamos interesados en los drones ucranianos. Construimos nuestros propios drones, pero tambi\u00e9n compramos drones a otros. Y fabrican drones muy buenos\u00bb.<\/p>\n<p>La posibilidad de que Ucrania reciba misiles Tomahawk desat\u00f3 la preocupaci\u00f3n y el ruido de sables de Mosc\u00fa en los \u00faltimos d\u00edas.<\/p>\n<p><strong>El Kremlin afirm\u00f3<\/strong> que est\u00e1 causando \u00abextrema preocupaci\u00f3n\u00bb en Rusia, y a\u00f1adi\u00f3 que la guerra est\u00e1 entrando en lo que el portavoz Dmitry Peskov calific\u00f3 de \u00abmomento dram\u00e1tico por el hecho de que <strong>las tensiones est\u00e1n aumentando<\/strong> por todos los lados\u00bb.<\/p>\n<p>Antes de viajar a EE.UU., Zelenski hab\u00eda dicho que parte de la agenda del viaje inclu\u00eda conversaciones sobre lo que <strong>Kiev llama &#8216;Mega Deal&#8217;, un acuerdo sobre la compra de armas estadounidenses, y el llamado \u00abacuerdo de los drones\u00bb para vender a EE.UU.<\/strong> drones fabricados en Ucrania.<\/p>\n<p>En un principio se preve\u00eda que <strong>el acuerdo ascendiera a unos 77.000 millones de euros<\/strong>. El presidente ucraniano, Volod\u00edmir Zelenski, estim\u00f3 en junio que su pa\u00eds ten\u00eda capacidad para fabricar 8 millones de drones al a\u00f1o, pero carec\u00eda de financiaci\u00f3n para hacerlo.<\/p>\n<p><strong>Pr\u00f3xima reuni\u00f3n en Hungr\u00eda<\/strong><\/p>\n<p>El presidente Donald Trump dijo hoy que la <strong>pr\u00f3xima reuni\u00f3n con el l\u00edder ruso Vlad\u00edmir Putin en Budapest<\/strong> (Hungr\u00eda) ser\u00e1 s\u00f3lo de esos dos pa\u00edses, pero se\u00f1al\u00f3 que EE.UU. estar\u00e1 en contacto con Volod\u00edmir Zelenski.<\/p>\n<p>\u00abSer\u00e1 una reuni\u00f3n doble\u00bb, dijo el presidente estadounidense. \u00abPero tendremos al presidente Zelenski en contacto. Hay mucha mala sangre con los dos presidentes, y no hablo por hablar cuando lo digo\u00bb.<\/p>\n<p><strong>Zelenski afirm\u00f3 que \u00abPutin me odia\u00bb<\/strong>, explicando as\u00ed por qu\u00e9 el presidente ruso se niega a reunirse con \u00e9l. Cuando los periodistas le preguntaron: \u00ab\u00bfLe odia?\u00bb, admiti\u00f3: \u00abEllos (Rusia) intentan matarnos. Ser\u00eda extra\u00f1o que tuviera otra actitud hacia esta persona\u00bb.<\/p>\n<p>Zelenski reiter\u00f3 una vez m\u00e1s que <strong>est\u00e1 dispuesto a reunirse con Putin en cualquier formato<\/strong>, se\u00f1alando que ahora s\u00f3lo Estados Unidos y Donald Trump tienen comunicaci\u00f3n directa con Mosc\u00fa.<\/p>\n<p><strong>Putin s\u00f3lo acept\u00f3 reunirse con Donald Trump<\/strong> cuando ambos l\u00edderes celebraron una cumbre en Alaska en agosto. Desde entonces, el presidente estadounidense declar\u00f3 que pod\u00eda sentar a Zelenski y Putin a la mesa en un formato bilateral y que estaba dispuesto a reunirse con ambos. Pero desde la reuni\u00f3n de Alaska la postura del Kremlin no ha cambiado.<\/p>\n<p>Al comentar la pr\u00f3xima reuni\u00f3n en Hungr\u00eda, Donald Trump dijo que \u00abes un pa\u00eds seguro\u00bb. \u00abEs un l\u00edder que nos gusta. Nos gusta <a href=\"https:\/\/es.euronews.com\/tag\/viktor-orban\" rel=\"nofollow noopener\" target=\"_blank\">Viktor Orb\u00e1n<\/a>. Ha sido un l\u00edder muy bueno en el sentido de dirigir su pa\u00eds. No tiene muchos de los problemas que tienen otros pa\u00edses. Creo que ser\u00e1 un muy buen anfitri\u00f3n\u00bb.<\/p>\n<p>A principios de verano, Hungr\u00eda se ofreci\u00f3 a acoger la reuni\u00f3n trilateral entre Donald Trump, Volod\u00edmir Zelenski y Vlad\u00edmir Putin, junto con Austria, Suiza y el Vaticano.<\/p>\n<p>La orden de detenci\u00f3n de la Corte Penal Internacional (CPI) contra Putin por el secuestro de ni\u00f1os ucranianos limita la elecci\u00f3n del lugar, ya que <a href=\"https:\/\/es.euronews.com\/my-europe\/2025\/10\/17\/putin-trump-hungria-sanciones-orden-detencion\" rel=\"nofollow noopener\" target=\"_blank\">se arriesga a ser detenido en cualquiera de los 125 Estados miembros del Tribunal si pone un pie en su territorio<\/a>.<\/p>\n<p>A principios de este a\u00f1o, <strong>Hungr\u00eda se convirti\u00f3 en el primer miembro de la UE en anunciar su intenci\u00f3n de retirarse del Tribunal<\/strong> en respuesta a la orden de detenci\u00f3n dictada contra el primer ministro israel\u00ed, Benjamin Netanyahu, que Hungr\u00eda, al igual que Estados Unidos, hab\u00eda impugnado.<\/p>\n<p>Pero la retirada de Hungr\u00eda <strong>no ser\u00e1 efectiva hasta junio de 2026<\/strong>, un a\u00f1o despu\u00e9s de que presentara la notificaci\u00f3n. En el periodo intermedio, el pa\u00eds sigue vinculado por el Tribunal.<\/p>\n","protected":false},"excerpt":{"rendered":"PUBLICIDAD El presidente de Estados Unidos, Donald Trump, dijo el viernes que cre\u00eda poder llevar el impulso del&hellip;\n","protected":false},"author":2,"featured_media":184762,"comment_status":"","ping_status":"","sticky":false,"template":"","format":"standard","meta":{"footnotes":""},"categories":[42],"tags":[17,18,352,13,14,7419,11,61,62,63,64,19,20,9,10,15,16,7354,12,21,22,65,66,67],"class_list":{"0":"post-184761","1":"post","2":"type-post","3":"status-publish","4":"format-standard","5":"has-post-thumbnail","7":"category-internacional","8":"tag-breaking-news","9":"tag-breakingnews","10":"tag-donald-trump","11":"tag-featured-news","12":"tag-featurednews","13":"tag-guerra-en-ucrania","14":"tag-headlines","15":"tag-internacional","16":"tag-international","17":"tag-international-news","18":"tag-internationalnews","19":"tag-latest-news","20":"tag-latestnews","21":"tag-news","22":"tag-noticias","23":"tag-noticias-destacadas","24":"tag-noticiasdestacadas","25":"tag-rusia-ucrania-invasion","26":"tag-titulares","27":"tag-ultimas-noticias","28":"tag-ultimasnoticias","29":"tag-world","30":"tag-world-news","31":"tag-worldnews"},"share_on_mastodon":{"url":"","error":""},"_links":{"self":[{"href":"https:\/\/www.europesays.com\/es\/wp-json\/wp\/v2\/posts\/184761","targetHints":{"allow":["GET"]}}],"collection":[{"href":"https:\/\/www.europesays.com\/es\/wp-json\/wp\/v2\/posts"}],"about":[{"href":"https:\/\/www.europesays.com\/es\/wp-json\/wp\/v2\/types\/post"}],"author":[{"embeddable":true,"href":"https:\/\/www.europesays.com\/es\/wp-json\/wp\/v2\/users\/2"}],"replies":[{"embeddable":true,"href":"https:\/\/www.europesays.com\/es\/wp-json\/wp\/v2\/comments?post=184761"}],"version-history":[{"count":0,"href":"https:\/\/www.europesays.com\/es\/wp-json\/wp\/v2\/posts\/184761\/revisions"}],"wp:featuredmedia":[{"embeddable":true,"href":"https:\/\/www.europesays.com\/es\/wp-json\/wp\/v2\/media\/184762"}],"wp:attachment":[{"href":"https:\/\/www.europesays.com\/es\/wp-json\/wp\/v2\/media?parent=184761"}],"wp:term":[{"taxonomy":"category","embeddable":true,"href":"https:\/\/www.europesays.com\/es\/wp-json\/wp\/v2\/categories?post=184761"},{"taxonomy":"post_tag","embeddable":true,"href":"https:\/\/www.europesays.com\/es\/wp-json\/wp\/v2\/tags?post=184761"}],"curies":[{"name":"wp","href":"https:\/\/api.w.org\/{rel}","templated":true}]}}