{"id":184765,"date":"2025-10-18T10:05:09","date_gmt":"2025-10-18T10:05:09","guid":{"rendered":"https:\/\/www.europesays.com\/es\/184765\/"},"modified":"2025-10-18T10:05:09","modified_gmt":"2025-10-18T10:05:09","slug":"un-derbi-para-recuperar-sensaciones","status":"publish","type":"post","link":"https:\/\/www.europesays.com\/es\/184765\/","title":{"rendered":"Un derbi para recuperar sensaciones"},"content":{"rendered":"<p>El derbi catal\u00e1n cita a <strong>Bar\u00e7a<\/strong> y a <strong>Girona<\/strong> en Montjuic est\u00e9<strong> s\u00e1bado a las 16.15 h<\/strong>, en un encuentro que se prev\u00e9 de altos vuelos. Los azulgranas quieren dejar atr\u00e1s las malas sensaciones previas al par\u00f3n y empezar a cosechar de nuevo una buena racha de victorias en el campeonato nacional. El partido llega antes de una semana clave tanto en Champions, como en Liga.<\/p>\n<p><strong>Objetivo: recuperar el liderato<\/strong>\u00a0<\/p>\n<p>El equipo tiene como objetivo volverse a encontrar futbol\u00edsticamente despu\u00e9s de las duras derrotas ante el <strong>PSG<\/strong> y el <strong>Sevilla<\/strong>. Adem\u00e1s, podr\u00eda recuperar el liderato y meter presi\u00f3n al <strong>Real Madrid<\/strong>, que jugar\u00e1 un d\u00eda despu\u00e9s en el Coliseum ante un rival siempre inc\u00f3modo como el Getafe.\u00a0\u00a0<\/p>\n<p>Para ello, los culers deber\u00e1n enfrentarse a un equipo que ha logrado sumar varios puntos importantes en las \u00faltimas fechas del campeonato. Lo que s\u00ed que est\u00e1 claro es que ambos conjuntos tienen un estilo de juego muy parecido, centrado en la <strong>posesi\u00f3n de bal\u00f3n <\/strong>y en la <strong>presi\u00f3n alta<\/strong>, lo que siempre garantiza un espect\u00e1culo de primer nivel.\u00a0<\/p>\n<p><strong>Sin\u00f3nimo de partidazo<\/strong>\u00a0<\/p>\n<p>Los dos equipos han protagonizado recientemente varios de los duelos m\u00e1s atractivos de la Liga. De hecho, un dato que lo justifica es que, en los \u00faltimos 4 partidos entre los dos clubes, se han marcado nada m\u00e1s y nada menos que <strong>22 goles<\/strong>, con dos victorias para cada uno. Los de M\u00edchel han sido uno de los rivales que m\u00e1s han complicado al Bar\u00e7a \u00faltimamente, por lo que los azulgranas tendr\u00e1n que emplearse a fondo si quieren volver a la senda de los tres puntos.\u00a0\u00a0<\/p>\n<p><strong>Un rival venido a m\u00e1s<\/strong>\u00a0<\/p>\n<p>Pese a un inicio irregular con varias derrotas duras en las primeras jornadas, el Girona es claramente el ejemplo de un equipo que parece ser que va <a href=\"https:\/\/www.fcbarcelona.es\/es\/futbol\/primer-equipo\/noticias\/4381151\/el-girona-un-rival-que-va-de-menos-a-ms\" rel=\"nofollow noopener\" target=\"_blank\">de menos a m\u00e1s<\/a>. Despu\u00e9s de recuperar su solidez defensiva y de la irrupci\u00f3n de los nuevos fichajes, tan solo ha perdido un partido de los \u00faltimos cinco, consiguiendo varios resultados de m\u00e9rito como, por ejemplo, un valioso empate en San Mam\u00e9s (1-1) y ganando su \u00faltimo partido en casa ante el Valencia (2-1), con un jugador menos en el tramo final.\u00a0\u00a0<\/p>\n<p>Si bien el Girona se encuentra en la zona de descenso de la clasificaci\u00f3n debido a la diferencia de goles, su reciente mejor\u00eda hace evidente que no le pondr\u00e1 las cosas nada f\u00e1ciles al conjunto de Hansi Flick.\u00a0<\/p>\n","protected":false},"excerpt":{"rendered":"El derbi catal\u00e1n cita a Bar\u00e7a y a Girona en Montjuic est\u00e9 s\u00e1bado a las 16.15 h, en&hellip;\n","protected":false},"author":2,"featured_media":184766,"comment_status":"","ping_status":"","sticky":false,"template":"","format":"standard","meta":{"footnotes":""},"categories":[5],"tags":[17,18,25,24,13,14,11,19,20,9,10,15,16,23,2288,12,21,22],"class_list":{"0":"post-184765","1":"post","2":"type-post","3":"status-publish","4":"format-standard","5":"has-post-thumbnail","7":"category-titulares","8":"tag-breaking-news","9":"tag-breakingnews","10":"tag-es","11":"tag-espana","12":"tag-featured-news","13":"tag-featurednews","14":"tag-headlines","15":"tag-latest-news","16":"tag-latestnews","17":"tag-news","18":"tag-noticias","19":"tag-noticias-destacadas","20":"tag-noticiasdestacadas","21":"tag-spain","22":"tag-text","23":"tag-titulares","24":"tag-ultimas-noticias","25":"tag-ultimasnoticias"},"share_on_mastodon":{"url":"","error":""},"_links":{"self":[{"href":"https:\/\/www.europesays.com\/es\/wp-json\/wp\/v2\/posts\/184765","targetHints":{"allow":["GET"]}}],"collection":[{"href":"https:\/\/www.europesays.com\/es\/wp-json\/wp\/v2\/posts"}],"about":[{"href":"https:\/\/www.europesays.com\/es\/wp-json\/wp\/v2\/types\/post"}],"author":[{"embeddable":true,"href":"https:\/\/www.europesays.com\/es\/wp-json\/wp\/v2\/users\/2"}],"replies":[{"embeddable":true,"href":"https:\/\/www.europesays.com\/es\/wp-json\/wp\/v2\/comments?post=184765"}],"version-history":[{"count":0,"href":"https:\/\/www.europesays.com\/es\/wp-json\/wp\/v2\/posts\/184765\/revisions"}],"wp:featuredmedia":[{"embeddable":true,"href":"https:\/\/www.europesays.com\/es\/wp-json\/wp\/v2\/media\/184766"}],"wp:attachment":[{"href":"https:\/\/www.europesays.com\/es\/wp-json\/wp\/v2\/media?parent=184765"}],"wp:term":[{"taxonomy":"category","embeddable":true,"href":"https:\/\/www.europesays.com\/es\/wp-json\/wp\/v2\/categories?post=184765"},{"taxonomy":"post_tag","embeddable":true,"href":"https:\/\/www.europesays.com\/es\/wp-json\/wp\/v2\/tags?post=184765"}],"curies":[{"name":"wp","href":"https:\/\/api.w.org\/{rel}","templated":true}]}}