{"id":184780,"date":"2025-10-18T10:16:12","date_gmt":"2025-10-18T10:16:12","guid":{"rendered":"https:\/\/www.europesays.com\/es\/184780\/"},"modified":"2025-10-18T10:16:12","modified_gmt":"2025-10-18T10:16:12","slug":"la-galeria-de-arte-mas-larga-del-mundo-cumple-35-anos","status":"publish","type":"post","link":"https:\/\/www.europesays.com\/es\/184780\/","title":{"rendered":"La galer\u00eda de arte m\u00e1s larga del mundo cumple 35 a\u00f1os"},"content":{"rendered":"<p><a class=\"v-mdl-ath__fig-a\" href=\"https:\/\/www.elcorreo.com\/autor\/beatriz-juez-5746.html\" title=\"Beatriz Juez\" rel=\"nofollow noopener\" target=\"_blank\"><br \/>\n<img decoding=\"async\" class=\"v-mdl-ath__img\" src=\"https:\/\/www.europesays.com\/es\/wp-content\/uploads\/2025\/10\/autor-5746-foto-1.jpeg\" alt=\"Beatriz Juez\"\/><br \/>\n<\/a><\/p>\n<p class=\"v-mdl-ath__p v-mdl-ath__p--6\">\nS\u00e1bado, 18 de octubre 2025, 00:21<\/p>\n<p class=\"v-p\">La East Side Gallery, la galer\u00eda de arte al aire libre m\u00e1s larga del mundo, cumple 35 a\u00f1os. Con obras pintadas directamente sobre el Muro de Berl\u00edn, se inaugur\u00f3 el 28 de septiembre de 1990, unos d\u00edas antes de la reunificaci\u00f3n alemana. 118 artistas de 21 pa\u00edses convirtieron una franja de 1,3 kil\u00f3metros de la estructura que separ\u00f3 durante 28 a\u00f1os Berl\u00edn oriental de Berl\u00edn occidental en un colorido museo al aire libre que estos d\u00edas est\u00e1 de celebraci\u00f3n. <\/p>\n<p class=\"v-p\">Fueron los artistas David Monty y Heike Stephan quienes tuvieron la idea de convertir el Muro \u00aben la galer\u00eda m\u00e1s grande del mundo\u00bb, pero fue la galerista Christine MacLean quien coordin\u00f3 el proyecto. Entre los creadores que tuvieron el privilegio de pintar en el muro en 1990 se encontraba el catal\u00e1n Ignasi Blanch, el \u00fanico artista espa\u00f1ol con una obra en la East Side Gallery.<\/p>\n<p class=\"v-p\">Blanch, que por entonces ten\u00eda 26 a\u00f1os y viv\u00eda en Berl\u00edn, vio en un anuncio de prensa que buscaban artistas para pintar el muro. Present\u00f3 su proyecto &#8216;Parlo d&#8217;amor&#8217; (Hablo de amor), un llamamiento para que todos tengan la libertad de elegir a qui\u00e9n amar. El t\u00edtulo de su obra proviene de una serie de grabados que Blanch estaba realizando en esa \u00e9poca en la capital alemana. <\/p>\n<p class=\"v-p\">El artista catal\u00e1n se siente hoy orgulloso y \u00absobre todo muy agradecido\u00bb de que su obra fuera seleccionada para decorar una instalaci\u00f3n llena de simbolismo. Pintar el muro de Berl\u00edn \u00abno me cambi\u00f3 la vida, pero me la ha decorado bastante\u00bb, se\u00f1ala Blanch. El pintor catal\u00e1n no se imaginaba entonces que este proyecto, que en un principio iba a ser \u00abef\u00edmero\u00bb y durar solo unas semanas, seguir\u00eda en pie 35 a\u00f1os despu\u00e9s.<\/p>\n<p>Da\u00f1adas por las inclemencias<\/p>\n<p class=\"v-p\">Las obras de la East Side Gallery fueron realizadas en 1990 con pinturas inadecuadas y sin aplicar una capa de fondo sobre el hormig\u00f3n, por lo que se vieron r\u00e1pidamente da\u00f1adas por las inclemencias del tiempo, la suciedad y los grafitis. En 2009 se hizo una gran restauraci\u00f3n para arreglar el muro y recuperar el estado original de sus famosos murales. <\/p>\n<p class=\"v-p\">\u00abAhora lo que es curioso es que ni los propios artistas podemos tocar la obra. Es un monumento protegido y hay un equipo de restauradores que se encargan de hacer la restauraci\u00f3n.\u2006 \u2006 Hacen limpieza semanal de pinturas, grafitis y dem\u00e1s\u00bb, cuenta Blanch.<\/p>\n<p class=\"v-p\">Esta galer\u00eda de arte al aire libre, situada entre la estaci\u00f3n de tren Ostbahnhof y el puente Oberbaumbr\u00fcck, es hoy s\u00edmbolo de libertad art\u00edstica y de la agitada historia de Berl\u00edn. La imagen de los berlineses derribando el muro marc\u00f3 el fin de la Guerra Fr\u00eda y supuso la victoria del deseo de libertad y esperanza sobre la opresi\u00f3n y la represi\u00f3n. <\/p>\n<p class=\"v-p\">El aniversario de la inauguraci\u00f3n de la East Side Gallery ha servido para el reencuentro en Berl\u00edn de algunos de los artistas que transformaron un trozo de muro en un enorme lienzo. \u00abFue muy emocionante. Todos los que est\u00e1bamos ah\u00ed hab\u00edamos pintado el muro hace 35 a\u00f1os. Cada uno con su experiencia particular de haber vivido la ca\u00edda del muro y lo que significaba\u00bb, explica Blanch, que con algunos compa\u00f1eros hab\u00eda coincidido en 1990 pintando el muro y a otros s\u00f3lo los conoc\u00eda a trav\u00e9s de fotos y cat\u00e1logos.<\/p>\n<p>260 muertos<\/p>\n<p class=\"v-p\">El Muro de Berl\u00edn es tambi\u00e9n testimonio hist\u00f3rico del r\u00e9gimen fronterizo inhumano de la Alemania comunista. Al menos 260 personas perdieron la vida en la frontera que divid\u00eda las dos Alemanias. Para muchos alemanes, su ca\u00edda fue un acontecimiento alegre y lleno de esperanza. Otros se mostraban preocupados por su futuro incierto y los dram\u00e1ticos cambios sociales que se estaban produciendo.<\/p>\n<p class=\"v-p\">Entre los murales de la East Side Gallery m\u00e1s fotografiados se encuentra el &#8216;beso fraternal&#8217; de Erich Honecker y Leonid Br\u00e9zhnev, los dos antiguos jefes de Estado de la RDA y la Uni\u00f3n Sovi\u00e9tica, obra del artista ruso Dmitry Vrubel. <\/p>\n<p class=\"v-p\">Otro de los murales m\u00e1s llamativos es la imagen de un Trabant o &#8216;Trabi&#8217;, el coche m\u00e1s popular de la Alemania comunista, atravesando el Muro de Berl\u00edn, obra de la artista alemana del este Birgit Kinder. La East Side Gallery lleg\u00f3 hace 35 a\u00f1os para quedarse en Berl\u00edn.<\/p>\n<p>Un enclave codiciado por las inmobiliarias y con millones de turistas<\/p>\n<p class=\"v-p\">\nA lo largo de estos 35 a\u00f1os de historia, la East Side Gallery \u2013una mezcla de galer\u00eda de arte, atracci\u00f3n tur\u00edstica y monumento hist\u00f3rico\u2013 no ha estado exenta de pol\u00e9mica.\u2006 \u2006 \u00bfEs un monumento al Muro de Berl\u00edn o un lugar de arte p\u00fablico? Su ubicaci\u00f3n es un enclave muy apetecible para los promotores inmobiliarios. \u00bfDeber\u00eda protegerse por su importancia hist\u00f3rica o demolerse para dar paso a nuevos edificios a lo largo del r\u00edo?, debaten desde a\u00f1os los berlines. La antigua franja fronteriza ha sufrido muchos cambios desde la ca\u00edda del muro en 1989. De tierra de nadie pas\u00f3 a ser un laboratorio de artistas y campamento de caravanas, para convertirse en una atracci\u00f3n tur\u00edstica y desde hace unos a\u00f1os en zona de apartamentos de lujo con vistas al r\u00edo Spree. La East Side Gallery, el tramo m\u00e1s largo y colorido que todav\u00eda se conserva del muro, contin\u00faa siendo un im\u00e1n tur\u00edstico, pese a los cambios, y cada a\u00f1o recibe cuatro millones de visitantes.\n<\/p>\n<p>Reporta un error<\/p>\n","protected":false},"excerpt":{"rendered":"S\u00e1bado, 18 de octubre 2025, 00:21 La East Side Gallery, la galer\u00eda de arte al aire libre m\u00e1s&hellip;\n","protected":false},"author":2,"featured_media":184781,"comment_status":"","ping_status":"","sticky":false,"template":"","format":"standard","meta":{"footnotes":""},"categories":[173],"tags":[988,229,233,231,230,7677,232,234,146,147,25,24,9192,21239,3013,23],"class_list":{"0":"post-184780","1":"post","2":"type-post","3":"status-publish","4":"format-standard","5":"has-post-thumbnail","7":"category-arte-y-diseno","8":"tag-anos","9":"tag-arte","10":"tag-arte-y-diseno","11":"tag-arts","12":"tag-arts-and-design","13":"tag-cumple","14":"tag-design","15":"tag-diseno","16":"tag-entertainment","17":"tag-entretenimiento","18":"tag-es","19":"tag-espana","20":"tag-galeria","21":"tag-larga","22":"tag-mundo","23":"tag-spain"},"share_on_mastodon":{"url":"","error":""},"_links":{"self":[{"href":"https:\/\/www.europesays.com\/es\/wp-json\/wp\/v2\/posts\/184780","targetHints":{"allow":["GET"]}}],"collection":[{"href":"https:\/\/www.europesays.com\/es\/wp-json\/wp\/v2\/posts"}],"about":[{"href":"https:\/\/www.europesays.com\/es\/wp-json\/wp\/v2\/types\/post"}],"author":[{"embeddable":true,"href":"https:\/\/www.europesays.com\/es\/wp-json\/wp\/v2\/users\/2"}],"replies":[{"embeddable":true,"href":"https:\/\/www.europesays.com\/es\/wp-json\/wp\/v2\/comments?post=184780"}],"version-history":[{"count":0,"href":"https:\/\/www.europesays.com\/es\/wp-json\/wp\/v2\/posts\/184780\/revisions"}],"wp:featuredmedia":[{"embeddable":true,"href":"https:\/\/www.europesays.com\/es\/wp-json\/wp\/v2\/media\/184781"}],"wp:attachment":[{"href":"https:\/\/www.europesays.com\/es\/wp-json\/wp\/v2\/media?parent=184780"}],"wp:term":[{"taxonomy":"category","embeddable":true,"href":"https:\/\/www.europesays.com\/es\/wp-json\/wp\/v2\/categories?post=184780"},{"taxonomy":"post_tag","embeddable":true,"href":"https:\/\/www.europesays.com\/es\/wp-json\/wp\/v2\/tags?post=184780"}],"curies":[{"name":"wp","href":"https:\/\/api.w.org\/{rel}","templated":true}]}}