{"id":184813,"date":"2025-10-18T10:36:13","date_gmt":"2025-10-18T10:36:13","guid":{"rendered":"https:\/\/www.europesays.com\/es\/184813\/"},"modified":"2025-10-18T10:36:13","modified_gmt":"2025-10-18T10:36:13","slug":"multa-de-8-000-euros-a-josean-kerejeta-y-bajas-confirmadas-de-markus-howard-y-trent-forrest-baloncesto","status":"publish","type":"post","link":"https:\/\/www.europesays.com\/es\/184813\/","title":{"rendered":"Multa de 8.000 euros a Josean Kerejeta y bajas confirmadas de Markus Howard y Trent Forrest | Baloncesto"},"content":{"rendered":"<p>        <img decoding=\"async\" alt=\"Trent Forrest, quien ven\u00eda siendo de lo mejor de este Saski Baskonia en el arranque liguero, se perder\u00e1 varios partidos por lesi\u00f3n.\" height=\"564\" loading=\"lazy\"  src=\"https:\/\/www.europesays.com\/es\/wp-content\/uploads\/2025\/10\/Forrest.jpg\"  width=\"827\"\/>Trent Forrest, quien ven\u00eda siendo de lo mejor de este Saski Baskonia en el arranque liguero, se perder\u00e1 varios partidos por lesi\u00f3n. (Ra\u00fal BOGAJO | FOKU)<\/p>\n<p>A perro flaco todo son pulgas, dice el refr\u00e1n, y es perfectamente aplicable a este Saski Baskonia. Am\u00e9n de caer por 105-87, <a href=\"https:\/\/www.naiz.eus\/eu\/info\/noticia\/20251015\/hifi-entierra-las-opciones-del-baskonia-en-paris\" rel=\"nofollow noopener\" target=\"_blank\">el duelo del mi\u00e9rcoles frente al Paris Basketball<\/a> dej\u00f3 las bajas por lesi\u00f3n de Trent Forrest y Markus Howard, que ya estuvieron ausentes en la segunda mitad del duelo en tierras francesas y no podr\u00e1n estar este viernes contra el Partizan de Belgrado.<\/p>\n<p>El base norteamericano, uno de los pocos jugadores que s\u00ed est\u00e1 dando su nivel en este mal arranque de temporada del club gasteiztarra, padece \u00abuna lesi\u00f3n muscular en el isquiotibial de su pierna izquierda\u00bb, mientras que Markus Howard, mucho m\u00e1s discutido por su pobre desempe\u00f1o en estos primeros partidos, \u00abpresenta una lesi\u00f3n articular en uno de los dedos de la mano izquierda\u00bb, seg\u00fan reza el parte m\u00e9dico de la entidad alavesa.<\/p>\n<p>No obstante, con el ritmo de partidos que apremia al Baskonia, lo peor no es que no jueguen ante el Partizan, sino que el parte estima que \u00abtampoco podr\u00e1n estar disponibles en los pr\u00f3ximos compromisos del equipo en las pr\u00f3ximas semanas\u00bb.<\/p>\n<p>En los dos casos, los servicios m\u00e9dicos del club gasteiztarra concluyen que \u00abla evoluci\u00f3n de ambas lesiones marcar\u00e1 su disponibilidad y regreso a las pistas\u00bb, al tiempo que a estas ausencias hay que sumarle la de Rodions Kurucs, quien ante el Real Madrid se resinti\u00f3 de su problema en el pie. Por fortuna, a diferencia de lo que se tem\u00eda, el ala-p\u00edvot let\u00f3n no recay\u00f3 de su lesi\u00f3n en la fascia plantar.<\/p>\n<p>Toda ayuda ser\u00e1 poca en estas circunstancias, toda vez que el calendario de partidos del Baskonia no afloja. Despu\u00e9s del duelo de este viernes, los de Paolo Galbiati juegan el domingo a las 18.00 en la pista del Covir\u00e1n Granada el partido de la tercera jornada de la Liga ACB, seguido de una complicada visita el jueves d\u00eda 23 a la cancha del Estrella Roja de Belgrado \u2013donde espera el exbaskonista Chima Moneke, entre otros\u2013, para cerrar la semana que viene con la cuarta jornada de la competici\u00f3n dom\u00e9stica el domingo 26 a las 12.30 en la dif\u00edcil cancha del UCAM Murcia de Sito Alonso.<\/p>\n<p><strong>Visita a los vestuarios<\/strong><\/p>\n<p>Y como las pulgas asoman por todas partes en este perro flaco, la Euroliga tampoco ha dejado la oportunidad de atizarle en el lomo a la entidad baskonista. En su habitualm repaso de multas y sanciones, la Euroliga ha muktado con 8.000 euros al presidente de Saski Baskonia, Josean Kerejeta, \u00abpor faltarle el respeto al cuerpo arbitral\u00bb.<\/p>\n<p>El presidente del club gasteiztarra esper\u00f3 fuera del vestuario arbitral para confrontar a los \u00e1rbitros durante el descanso del partido de la cuarta jornada contra el Panathinaikos, y fue sancionado por faltarle el respeto al cuerpo arbitral.<\/p>\n<p>Seg\u00fan reza el comunicado de la Euroliga, \u00abel Sr. Josean Kerejeta, presidente del Baskonia Vitoria-Gasteiz, ha sido sancionado con una multa de 8.000 \u20ac por cometer actos que constituyen una falta de respeto al cuerpo arbitral durante el partido Baskonia Vitoria-Gasteiz \u2013 Panathinaikos AKTOR Atenas, de conformidad con el Art\u00edculo 27.2.b) del C\u00f3digo Disciplinario de la Euroliga de Baloncesto\u00bb.<\/p>\n<p>\n      Todo sobre<br \/>\n      <a href=\"https:\/\/www.naiz.eus\/es\/info_sek\/euroliga-2025-2026\" rel=\"nofollow noopener\" target=\"_blank\">Euroliga 2025-2026<\/a>\n    <\/p>\n","protected":false},"excerpt":{"rendered":"Trent Forrest, quien ven\u00eda siendo de lo mejor de este Saski Baskonia en el arranque liguero, se perder\u00e1&hellip;\n","protected":false},"author":2,"featured_media":184814,"comment_status":"","ping_status":"","sticky":false,"template":"","format":"standard","meta":{"footnotes":""},"categories":[269],"tags":[1609,6835,8917,299,298,52159,168,25,24,1557,26983,23519,52157,52158,37522,5273,23,167,52160,1511],"class_list":{"0":"post-184813","1":"post","2":"type-post","3":"status-publish","4":"format-standard","5":"has-post-thumbnail","7":"category-baloncesto","8":"tag-1609","9":"tag-6835","10":"tag-bajas","11":"tag-baloncesto","12":"tag-basketball","13":"tag-confirmadas","14":"tag-deportes","15":"tag-es","16":"tag-espana","17":"tag-euros","18":"tag-forrest","19":"tag-howard","20":"tag-josean","21":"tag-kerejeta","22":"tag-markus","23":"tag-multa","24":"tag-spain","25":"tag-sports","26":"tag-trent","27":"tag-y"},"share_on_mastodon":{"url":"","error":""},"_links":{"self":[{"href":"https:\/\/www.europesays.com\/es\/wp-json\/wp\/v2\/posts\/184813","targetHints":{"allow":["GET"]}}],"collection":[{"href":"https:\/\/www.europesays.com\/es\/wp-json\/wp\/v2\/posts"}],"about":[{"href":"https:\/\/www.europesays.com\/es\/wp-json\/wp\/v2\/types\/post"}],"author":[{"embeddable":true,"href":"https:\/\/www.europesays.com\/es\/wp-json\/wp\/v2\/users\/2"}],"replies":[{"embeddable":true,"href":"https:\/\/www.europesays.com\/es\/wp-json\/wp\/v2\/comments?post=184813"}],"version-history":[{"count":0,"href":"https:\/\/www.europesays.com\/es\/wp-json\/wp\/v2\/posts\/184813\/revisions"}],"wp:featuredmedia":[{"embeddable":true,"href":"https:\/\/www.europesays.com\/es\/wp-json\/wp\/v2\/media\/184814"}],"wp:attachment":[{"href":"https:\/\/www.europesays.com\/es\/wp-json\/wp\/v2\/media?parent=184813"}],"wp:term":[{"taxonomy":"category","embeddable":true,"href":"https:\/\/www.europesays.com\/es\/wp-json\/wp\/v2\/categories?post=184813"},{"taxonomy":"post_tag","embeddable":true,"href":"https:\/\/www.europesays.com\/es\/wp-json\/wp\/v2\/tags?post=184813"}],"curies":[{"name":"wp","href":"https:\/\/api.w.org\/{rel}","templated":true}]}}