{"id":184815,"date":"2025-10-18T10:37:10","date_gmt":"2025-10-18T10:37:10","guid":{"rendered":"https:\/\/www.europesays.com\/es\/184815\/"},"modified":"2025-10-18T10:37:10","modified_gmt":"2025-10-18T10:37:10","slug":"apelacion-mantiene-la-sancion-de-kevin-vazquez-baja-en-el-sporting-la-voz-de-asturias","status":"publish","type":"post","link":"https:\/\/www.europesays.com\/es\/184815\/","title":{"rendered":"Apelaci\u00f3n mantiene la sanci\u00f3n de Kevin V\u00e1zquez, baja en el Sporting &#8211; La Voz de Asturias"},"content":{"rendered":"<ol>\n<li><a href=\"https:\/\/news.google.com\/rss\/articles\/CBMi3gFBVV95cUxPV1N5amhLZzdpVWtEZHZqTGpRRk5abUFlWGpHYnZRdGVVX05JeVlLb0pfTXBGLWs3TTQ2RmpTcmtDZXk1RGxlOFNHZ3dVTXo3dXY2Rnp6TDNIcHFNTkVVSENKSTEzRndSX0VNZXRWZEJIQnU5SkhwRFNITmdoY0JFMnlDbk9FYzFkMUR3UzYzYmJFYTZjcWJIS2o1YkdlMXh3eVVoaXlCMWVIYzZidlBnMnNhOVFLWTdvWDJmUUd6bGxoWXBUS3hiNGtQWVJvT1R6UDgwTjNpeGRlM2k4YUHSAfoBQVVfeXFMUDNWSnlHZi13M2tINU91ei0wMWRiUG5WX19xWldMekM3X3Y3Ync2ZkcyQUhPZC1LMzVRQ3JpSzNwQ0ljbmdiNHlsQ09yR1JnYl91TC12eUVYN2pPZHhsei1yRVI5SEc4anlQOVpsSWF2UVRRSVhRdUNHdzdRUk1CMHhzUWJKU3NRZXVaWnFJZ0c1ZWVweVJZM0hJMWtzbGpaNUs0OUJwczktYkVGclB3WnY1MDdkeHphWk50TkFld3NFeXk4Y2ItelVzNWV4cGZsWG1tRWE2SER0Y21XTExPTkVNcTIxaE9IUTA1MjRDTVVyTnhsV3FhSXB0Zw?oc=5\" target=\"_blank\" rel=\"nofollow noopener\">Apelaci\u00f3n mantiene la sanci\u00f3n de Kevin V\u00e1zquez, baja en el Sporting<\/a>&nbsp;&nbsp;La Voz de Asturias<\/li>\n<li><a href=\"https:\/\/news.google.com\/rss\/articles\/CBMiowFBVV95cUxQU0YxdjhCNXlNbFFXYzg4RkVjQ2lOWDVoaTFCSlU4RC1OTGdNQ2RXd2VrRi1MTnh5YnhMaGpWMjAwTS1qWlNZanQzTUowQlA4dGdxcHNqQ3ByZ2NDOWZjY0FTY2R2aFV6N3EwRDY3c3hXUk9TZWJjUnFlT2RJanhaWEFvYW9CQkIyV1lhSk82QmJVYWdLUm1VaDVMdGlSZGw2Z1lJ0gG3AUFVX3lxTE5BUGJ5VUN1OUJaMGEwNWF0R1g5cnFvMmVKZURZOWIxeEN5c2x2NUw2dHVhZU9fOGppakFxbWJSNkxDa1RONm5HSUZTWWtHTS1rZENmRGdJdjhtNXQ4VkZScVdSYWJTLV84b2ZCOU1vSjJKTWZ3R0xOSlg4SkFIQWpmVXJLTWR5NjBsMTBwR1dkaHYyVVViQXo0eHNNbjNWc2Y4c3JhbGtpdDBvdVZQd3R0Qm0zVzVpTQ?oc=5\" target=\"_blank\" rel=\"nofollow noopener\">Kevin V\u00e1zquez es baja definitiva para el pr\u00f3ximo partido en Zorrilla<\/a>&nbsp;&nbsp;Diario AS<\/li>\n<li><a href=\"https:\/\/news.google.com\/rss\/articles\/CBMi0gFBVV95cUxPM0s3azNMU1hxaU9SNWsxa1ZQbjZNekdabEVEX1RYejE2N3ZuTFRVLXdrb1lLcU9lTGp2RTZLeTQ1Z19BZXFtS3NadXVmdmtxOXN2bzFjeTFHTG40STl5azNmTGpxbzEyNFMwU1o4YnhzRVBfdUVIWEE2OWpWMGpObTVsUUdrS0Z4RlNVM2NseGM5Y2FTZWV2U2NhRGM1U01JeWhxR1JyWkR4LWROOXlqUUtKOGVOWU8wRkN4elBlVDJzbHYxRmRXd3ZDbzdWS0JEbUHSAe4BQVVfeXFMTVhNRzhGWUJ0Ukh6TjV3a2dzbFZRd2xRNll6X2dabUE3YnhvdWdHSkFvR1JQcjFjdWVkYWNJdkRLaXdYT0lIS0NNWTBUWDhZSzRMT1Npckt6amFDWVY1c2t0WWxocXJrazVTaEhBVWw1VHU2ZkQzalNFdUcyTkJOQkhsODU4c0pFR2tyRDNjM2FFc19YSXlfNm1FT1h3MDVOT2p5WEtkaGswM2tmcjVfUl9tLUVsbDdZSnAwRXk2ejNYOEdBeXdfRjUtTEs5bHExVms3MVZ0VEpaMXozUncyV1NaZWl1eGtrT1hUUEFlQQ?oc=5\" target=\"_blank\" rel=\"nofollow noopener\">Nuevo intento del Sporting de evitar la sanci\u00f3n de Kevin<\/a>&nbsp;&nbsp;La Voz de Asturias<\/li>\n<li><a href=\"https:\/\/news.google.com\/rss\/articles\/CBMikwFBVV95cUxPX1BmWXVvekNQeXNOTEt4bEhWVTlkLThDamVyaHF2NlNudU04bmxxelVLSkhJQmxieGtYRWJuM0o5OWdUOFhQNUZwdG54VkRVZUZXa2hEY0g0ak1yN3BEc1NCMGd0cDRUZFROTkp0clJNeWRHQnMyYnNMRXZldV9BWUFiZ3MxVjVHdUhyRTY1OE5DMTjSAZgBQVVfeXFMTnNnNEQwYWtWZHNldlZCRmhQd3hUbkc0NkZWT3Y4c1VxclkyY0gxSjI4bTgzWVNaSy12WTZMbXYtSG4yM0lGUVFpQ2lrLTNjTGxIX0g0UTlyMUo4bjYyazV5SVhVeVdlUlQwQTNLQ0dXLVRjSVdYNFdVRXJGRDh6dHRBZFlPOTNibHRxaUMwWWYtVEFBS0JhNU0?oc=5\" target=\"_blank\" rel=\"nofollow noopener\">Apelaci\u00f3n ya emite su fallo por Kevin V\u00e1zquez: Iker Mart\u00ednez apunta a ir convocado con el Sporting a Valladolid<\/a>&nbsp;&nbsp;LNE<\/li>\n<li><a href=\"https:\/\/news.google.com\/rss\/articles\/CBMitAFBVV95cUxPREo3OUJkU1ktckNHNFN5OVp6Y1oyeDEwRF9oWElITlBvWmxWdXhxbkkwcDRWNDFkTzR1cVJtZ1gwTFNvMV96Sy1jQVVETTFCRzF1V2RGbkdWM0ZURjFycmFpT3FKdHdFaVlOU0FwTFplR3JSck5SZllHQ2VOd2tPMFZ5OGdTZ1N3dE5qeHQyQlRDTkhrX09PTEUxSU1xUmVnT256Und5MjktZm1ER2dqa0YxblM?oc=5\" target=\"_blank\" rel=\"nofollow noopener\">Apelaci\u00f3n desestima el recurso del Sporting de Gij\u00f3n por Kevin V\u00e1zquez<\/a>&nbsp;&nbsp;El Comercio<\/li>\n<\/ol>\n","protected":false},"excerpt":{"rendered":"Apelaci\u00f3n mantiene la sanci\u00f3n de Kevin V\u00e1zquez, baja en el Sporting&nbsp;&nbsp;La Voz de Asturias Kevin V\u00e1zquez es baja&hellip;\n","protected":false},"author":2,"featured_media":129124,"comment_status":"","ping_status":"","sticky":false,"template":"","format":"standard","meta":{"footnotes":""},"categories":[268],"tags":[168,25,24,280,282,281,23,4783,167],"class_list":{"0":"post-184815","1":"post","2":"type-post","3":"status-publish","4":"format-standard","5":"has-post-thumbnail","7":"category-futbol","8":"tag-deportes","9":"tag-es","10":"tag-espana","11":"tag-football","12":"tag-futbol","13":"tag-soccer","14":"tag-spain","15":"tag-sporting-de-gijon","16":"tag-sports"},"share_on_mastodon":{"url":"","error":""},"_links":{"self":[{"href":"https:\/\/www.europesays.com\/es\/wp-json\/wp\/v2\/posts\/184815","targetHints":{"allow":["GET"]}}],"collection":[{"href":"https:\/\/www.europesays.com\/es\/wp-json\/wp\/v2\/posts"}],"about":[{"href":"https:\/\/www.europesays.com\/es\/wp-json\/wp\/v2\/types\/post"}],"author":[{"embeddable":true,"href":"https:\/\/www.europesays.com\/es\/wp-json\/wp\/v2\/users\/2"}],"replies":[{"embeddable":true,"href":"https:\/\/www.europesays.com\/es\/wp-json\/wp\/v2\/comments?post=184815"}],"version-history":[{"count":0,"href":"https:\/\/www.europesays.com\/es\/wp-json\/wp\/v2\/posts\/184815\/revisions"}],"wp:featuredmedia":[{"embeddable":true,"href":"https:\/\/www.europesays.com\/es\/wp-json\/wp\/v2\/media\/129124"}],"wp:attachment":[{"href":"https:\/\/www.europesays.com\/es\/wp-json\/wp\/v2\/media?parent=184815"}],"wp:term":[{"taxonomy":"category","embeddable":true,"href":"https:\/\/www.europesays.com\/es\/wp-json\/wp\/v2\/categories?post=184815"},{"taxonomy":"post_tag","embeddable":true,"href":"https:\/\/www.europesays.com\/es\/wp-json\/wp\/v2\/tags?post=184815"}],"curies":[{"name":"wp","href":"https:\/\/api.w.org\/{rel}","templated":true}]}}