{"id":184835,"date":"2025-10-18T10:53:08","date_gmt":"2025-10-18T10:53:08","guid":{"rendered":"https:\/\/www.europesays.com\/es\/184835\/"},"modified":"2025-10-18T10:53:08","modified_gmt":"2025-10-18T10:53:08","slug":"argentina-se-impone-en-el-amistoso-de-bolanos","status":"publish","type":"post","link":"https:\/\/www.europesays.com\/es\/184835\/","title":{"rendered":"Argentina se impone en el amistoso de Bola\u00f1os"},"content":{"rendered":"<p>La selecci\u00f3n argentina de balonmano femenino se encuentra estos d\u00edas concentrada en Ciudad Real dentro de su preparaci\u00f3n para el Mundial 2025, que se disputar\u00e1 del 26 de noviembre al 14 de diciembre en Alemania y Pa\u00edses Bajos. Ayer viernes jugaba un amistoso contra el Balonmano Bola\u00f1os, de Divisi\u00f3n de Honor Oro, imponi\u00e9ndose en el pabell\u00f3n pabell\u00f3n Macarena Aguilar a las pupilas de Juanmi Fern\u00e1ndez, que esa semana descansan en su competici\u00f3n liguera.<\/p>\n<p>El seleccionador argentino es Mariano Mart\u00edn Mu\u00f1oz, director deportivo del BM Caser\u00edo, que apuesta por Espa\u00f1a para realizar estas concentraciones, al ser el pa\u00eds en el que est\u00e1n jugando pr\u00e1cticamente todas las integrantes del combinado.<\/p>\n<p>Esta es la cuarta concentraci\u00f3n del a\u00f1o para el equipo argentino, que ya disput\u00f3 en marzo el Torneo Internacional de Manzanares y que estuvo concentrado en Ciudad Real en septiembre.<\/p>\n<p>Ayudando al equipo argentino est\u00e1n Selena Maitini (Pozuelo) y Julieta Cuccuini (Bola\u00f1os), que participar\u00e1n de algunos entrenamientos durante la semana en calidad de sparring, se informaba desde la Federaci\u00f3n Argentina.<\/p>\n","protected":false},"excerpt":{"rendered":"La selecci\u00f3n argentina de balonmano femenino se encuentra estos d\u00edas concentrada en Ciudad Real dentro de su preparaci\u00f3n&hellip;\n","protected":false},"author":2,"featured_media":184836,"comment_status":"","ping_status":"","sticky":false,"template":"","format":"standard","meta":{"footnotes":""},"categories":[278],"tags":[1660,283,376,17746,1944,1940,168,25,24,375,5090,3233,9542,19423,23,167],"class_list":{"0":"post-184835","1":"post","2":"type-post","3":"status-publish","4":"format-standard","5":"has-post-thumbnail","7":"category-balonmano","8":"tag-alemania","9":"tag-argentina","10":"tag-balonmano","11":"tag-balonmano-bolanos","12":"tag-balonmano-caserio","13":"tag-ciudad-real","14":"tag-deportes","15":"tag-es","16":"tag-espana","17":"tag-handball","18":"tag-manzanares","19":"tag-mundial-de-balonmano","20":"tag-paises-bajos","21":"tag-pozuelo","22":"tag-spain","23":"tag-sports"},"share_on_mastodon":{"url":"","error":""},"_links":{"self":[{"href":"https:\/\/www.europesays.com\/es\/wp-json\/wp\/v2\/posts\/184835","targetHints":{"allow":["GET"]}}],"collection":[{"href":"https:\/\/www.europesays.com\/es\/wp-json\/wp\/v2\/posts"}],"about":[{"href":"https:\/\/www.europesays.com\/es\/wp-json\/wp\/v2\/types\/post"}],"author":[{"embeddable":true,"href":"https:\/\/www.europesays.com\/es\/wp-json\/wp\/v2\/users\/2"}],"replies":[{"embeddable":true,"href":"https:\/\/www.europesays.com\/es\/wp-json\/wp\/v2\/comments?post=184835"}],"version-history":[{"count":0,"href":"https:\/\/www.europesays.com\/es\/wp-json\/wp\/v2\/posts\/184835\/revisions"}],"wp:featuredmedia":[{"embeddable":true,"href":"https:\/\/www.europesays.com\/es\/wp-json\/wp\/v2\/media\/184836"}],"wp:attachment":[{"href":"https:\/\/www.europesays.com\/es\/wp-json\/wp\/v2\/media?parent=184835"}],"wp:term":[{"taxonomy":"category","embeddable":true,"href":"https:\/\/www.europesays.com\/es\/wp-json\/wp\/v2\/categories?post=184835"},{"taxonomy":"post_tag","embeddable":true,"href":"https:\/\/www.europesays.com\/es\/wp-json\/wp\/v2\/tags?post=184835"}],"curies":[{"name":"wp","href":"https:\/\/api.w.org\/{rel}","templated":true}]}}