{"id":184857,"date":"2025-10-18T11:04:08","date_gmt":"2025-10-18T11:04:08","guid":{"rendered":"https:\/\/www.europesays.com\/es\/184857\/"},"modified":"2025-10-18T11:04:08","modified_gmt":"2025-10-18T11:04:08","slug":"la-necesidad-de-cambiar-es-algo-profundamente-humano","status":"publish","type":"post","link":"https:\/\/www.europesays.com\/es\/184857\/","title":{"rendered":"La necesidad de cambiar es algo profundamente humano"},"content":{"rendered":"<p>\u00a0\u00a0\u00a0MADRID, 18 Oct. (EUROPA PRESS) &#8211; <\/p>\n<p>\u00a0\u00a0\u00a0Ignacio Novo (Madrid, 1962) ha publicado nuevo libro, &#8216;El tiempo que nunca perd\u00ed&#8217; (Frases Vivas), que saldr\u00e1 a la venta el pr\u00f3ximo 25 de octubre. En esta novela, narra la historia de David, un hombre atrapado en la rutina que comienza a cambiar su vida tras recibir un reloj peculiar: sin agujas, sin n\u00fameros, sin horas que marcar. Este objeto, aparentemente inutil, se convertir\u00e1 en el \u00abdetonante\u00bb de su transformaci\u00f3n interior.<\/p>\n<p>\u00a0\u00a0\u00a0\u00abLa necesidad de transformarse, de mejorar, de cambiar, es algo profundamente humano. A veces el detonante es una p\u00e9rdida, un fracaso, una decepci\u00f3n o un abandono. Otras veces, simplemente, el cansancio de vivir una vida que ya no nos representa. Lo importante es tomar conciencia de que no estamos bien. Ese es el primer paso. Mientras no cerremos los ojos ante lo que nos duele, tenemos la posibilidad de cambiarlo todo. Pero si preferimos no pensar, si aceptamos la tristeza como norma, nos iremos con ella. Y ser\u00eda una pena\u00bb, ha se\u00f1alado en una entrevista con Europa Press.<\/p>\n<p>\u00a0\u00a0\u00a0&#8216;El tiempo que nunca perd\u00ed&#8217; es el s\u00e9ptimo libro que el periodista escribe y el segundo de ficci\u00f3n, g\u00e9nero que le da \u00abuna libertad maravillosa\u00bb para \u00abexplicar lo inexplicable\u00bb. \u00abHay veces en la vida en que cargamos con un dolor, una herida o un recuerdo que no sabemos nombrar, y que se manifiesta en nosotros de formas que ni siquiera comprendemos. Entend\u00ed que si quer\u00eda explorar eso tan humano y universal, eso que nos pasa y no sabemos qu\u00e9 nos pasa, deb\u00eda cruzar el umbral de lo real y buscar respuestas desde lo simb\u00f3lico, desde lo on\u00edrico\u00bb, ha explicado.<\/p>\n<p>\u00a0\u00a0\u00a0El libro no es autobiogr\u00e1fico, aunque Novo admite que \u00abcada escritor deja una parte de s\u00ed en sus personajes\u00bb. El periodista, que ha trabajado tambi\u00e9n como consultor en crecimiento personal, considera que en general es dif\u00edcil para las personas tomar el paso de retomar una amistad, estar m\u00e1s presente con la familia o cerrar una relaci\u00f3n de buenas maneras porque \u00abvenimos de familias donde los problemas no se enfrentan: se silencian\u00bb.<\/p>\n<p>\u00a0\u00a0\u00a0\u00abSe evita el conflicto y el silencio acaba apoder\u00e1ndose de todo. As\u00ed las cosas, quedan sin hablar, sin resolver, y eso nos persigue. Crecemos repitiendo patrones, creyendo que estar presentes o decir lo que sentimos nos pondr\u00e1 en peligro, cuando en realidad nos salvar\u00eda. El libro no pretende dar respuestas cerradas; cada lector encontrar\u00e1 las suyas. Pero s\u00ed aspira a que quien lo lea se reconozca en el protagonista y sienta que su historia es universal. Que tal vez eso que el personaje vive sea tambi\u00e9n el empuj\u00f3n que muchos necesitan para tomar decisiones esenciales en sus propias vidas\u00bb, ha indicado.<\/p>\n<p>\u00a0\u00a0\u00a0A lo largo de los \u00faltimos a\u00f1os, Novo ha construido una comunidad digital que supera los dos millones de seguidores en Espa\u00f1a, Am\u00e9rica Latina y Estados Unidos (EEUU), donde comparte mensajes diarios sobre motivaci\u00f3n, felicidad, relaciones y superaci\u00f3n personal. A trav\u00e9s de sus perfiles, trata de construir algo diferente al \u00abruido\u00bb y \u00abodio gratuito\u00bb que considera que hay ahora mismo en ellas. \u00abQuien se alimenta de eso cada d\u00eda, inevitablemente, acaba herido\u00bb, ha se\u00f1alado.<\/p>\n<p>\u00a0\u00a0\u00a0A su vez, ha indicado que la llamada &#8216;soledad digital&#8217; no tiene por qu\u00e9 ser siempre \u00abalgo negativo\u00bb. \u00abHay personas que solo tienen las redes para sentirse acompa\u00f1adas, para ser vistas, para conectar. Y eso tambi\u00e9n tiene un valor. No se trata de demonizarlo, sino de usarlo con conciencia\u00bb, ha a\u00f1adido.<\/p>\n","protected":false},"excerpt":{"rendered":"\u00a0\u00a0\u00a0MADRID, 18 Oct. (EUROPA PRESS) &#8211; \u00a0\u00a0\u00a0Ignacio Novo (Madrid, 1962) ha publicado nuevo libro, &#8216;El tiempo que nunca&hellip;\n","protected":false},"author":2,"featured_media":184858,"comment_status":"","ping_status":"","sticky":false,"template":"","format":"standard","meta":{"footnotes":""},"categories":[172],"tags":[224,146,147,25,24,225,23],"class_list":{"0":"post-184857","1":"post","2":"type-post","3":"status-publish","4":"format-standard","5":"has-post-thumbnail","7":"category-libros","8":"tag-books","9":"tag-entertainment","10":"tag-entretenimiento","11":"tag-es","12":"tag-espana","13":"tag-libros","14":"tag-spain"},"share_on_mastodon":{"url":"","error":""},"_links":{"self":[{"href":"https:\/\/www.europesays.com\/es\/wp-json\/wp\/v2\/posts\/184857","targetHints":{"allow":["GET"]}}],"collection":[{"href":"https:\/\/www.europesays.com\/es\/wp-json\/wp\/v2\/posts"}],"about":[{"href":"https:\/\/www.europesays.com\/es\/wp-json\/wp\/v2\/types\/post"}],"author":[{"embeddable":true,"href":"https:\/\/www.europesays.com\/es\/wp-json\/wp\/v2\/users\/2"}],"replies":[{"embeddable":true,"href":"https:\/\/www.europesays.com\/es\/wp-json\/wp\/v2\/comments?post=184857"}],"version-history":[{"count":0,"href":"https:\/\/www.europesays.com\/es\/wp-json\/wp\/v2\/posts\/184857\/revisions"}],"wp:featuredmedia":[{"embeddable":true,"href":"https:\/\/www.europesays.com\/es\/wp-json\/wp\/v2\/media\/184858"}],"wp:attachment":[{"href":"https:\/\/www.europesays.com\/es\/wp-json\/wp\/v2\/media?parent=184857"}],"wp:term":[{"taxonomy":"category","embeddable":true,"href":"https:\/\/www.europesays.com\/es\/wp-json\/wp\/v2\/categories?post=184857"},{"taxonomy":"post_tag","embeddable":true,"href":"https:\/\/www.europesays.com\/es\/wp-json\/wp\/v2\/tags?post=184857"}],"curies":[{"name":"wp","href":"https:\/\/api.w.org\/{rel}","templated":true}]}}