{"id":184869,"date":"2025-10-18T11:13:09","date_gmt":"2025-10-18T11:13:09","guid":{"rendered":"https:\/\/www.europesays.com\/es\/184869\/"},"modified":"2025-10-18T11:13:09","modified_gmt":"2025-10-18T11:13:09","slug":"hermano-de-mujer-que-denuncio-al-principe-andres-celebra-su-renuncia-a-titulo-real","status":"publish","type":"post","link":"https:\/\/www.europesays.com\/es\/184869\/","title":{"rendered":"Hermano de mujer que denunci\u00f3 al pr\u00edncipe Andr\u00e9s celebra su renuncia a t\u00edtulo real"},"content":{"rendered":"<p>    <img src=\"https:\/\/www.europesays.com\/es\/wp-content\/uploads\/2025\/10\/2025-10-18T103A283A33Z-90187764.jpg\" width=\"1024\" height=\"768\" alt=\"\" loading=\"eager\" decoding=\"sync\" fetchpriority=\"high\"\/><\/p>\n<p>            afp_tickers        <\/p>\n<p>        Este contenido fue publicado en    <\/p>\n<p>        18 octubre 2025 &#8211; 12:28\n<\/p>\n<p>La renuncia del pr\u00edncipe Andr\u00e9s a su t\u00edtulo real tras nuevas revelaciones sobre sus v\u00ednculos con el criminal sexual estadounidense Jeffrey Epstein \u00abreivindica\u00bb a Virginia Giuffre, una mujer que lo denunci\u00f3 y que se suicid\u00f3 este a\u00f1o, afirma su familia.<\/p>\n<p>Andr\u00e9s, de 65 a\u00f1os, renunci\u00f3 el viernes a su t\u00edtulo de duque de York bajo presi\u00f3n de su hermano, el rey Carlos III, quien quiere poner fin al esc\u00e1ndalo que averg\u00fcenza a la familia real brit\u00e1nica.<\/p>\n<p>En un libro p\u00f3stumo que saldr\u00e1 a la venta pr\u00f3ximamente y cuyos extractos fueron publicados esta semana, titulado \u00abNobody\u2019s Girl: A Memoir of Surviving Abuse and Fighting for Justice\u00bb, la estadounidense Virginia Giuffre relata que tuvo relaciones sexuales con Andr\u00e9s en tres ocasiones distintas, incluido un encuentro cuando era menor de 18 a\u00f1os.<\/p>\n<p>Asegura tambi\u00e9n que este se comportaba como si tener sexo con ella fuera su \u00abderecho de nacimiento\u00bb.<\/p>\n<p>El pr\u00edncipe siempre ha negado las acusaciones de agresi\u00f3n sexual y evit\u00f3 un juicio en Nueva York tras llegar a un acuerdo millonario con Giuffre, que hab\u00eda iniciado acciones legales en su contra en 2021.<\/p>\n<p>Giuffre, sin embargo, se suicid\u00f3 en abril pasado a los 41 a\u00f1os de edad.<\/p>\n<p>En declaraciones a la BBC, el hermano de Giuffre, Sky Roberts, dijo que su difunta hermana \u00abestar\u00eda muy orgullosa\u00bb por la noticia.<\/p>\n<p>\u00abHoy hemos derramado muchas l\u00e1grimas de felicidad y tristeza\u00bb, declar\u00f3 Roberts a la BBC el viernes tarde por la noche.\u00a0<\/p>\n<p>\u00abCreo que de felicidad porque, en muchos aspectos, esto reivindica a Virginia. Todos los a\u00f1os de trabajo que ella dedic\u00f3 ahora est\u00e1n llegando a alg\u00fan tipo de justicia\u00bb, a\u00f1adi\u00f3.<\/p>\n<p>El tercer hijo de la fallecida reina Isabel II, que seguir\u00e1 siendo pr\u00edncipe, se retir\u00f3 de la vida p\u00fablica tras una escandalosa entrevista televisiva en 2019, en la cual no mostr\u00f3 arrepentimiento por su amistad con Epstein ni la menor empat\u00eda por las v\u00edctimas del financiero estadounidense.<\/p>\n<p>Tambi\u00e9n fue despojado de sus t\u00edtulos militares en 2022.<\/p>\n<p>En la entrevista, Andr\u00e9s asegur\u00f3 que hab\u00eda cortado la relaci\u00f3n con Epstein en 2010.<\/p>\n<p>Pero otras revelaciones salieron esta semana en la prensa brit\u00e1nica, que afirma que Andr\u00e9s minti\u00f3 en esa entrevista porque sigui\u00f3 en contacto con el financiero estadounidense despu\u00e9s de esa fecha.\u00a0<\/p>\n<p>En un mail en febrero de 2011 escrib\u00eda: \u00ab\u00a1sigamos en contacto, volveremos a jugar juntos pronto!\u00bb, seg\u00fan la prensa.<\/p>\n<p>Epstein, por su parte, fue hallado muerto en prisi\u00f3n en 2019 mientras esperaba ser juzgado por tr\u00e1fico de menores con fines sexuales.<\/p>\n<p>pdh\/rnr\/an<\/p>\n","protected":false},"excerpt":{"rendered":"afp_tickers Este contenido fue publicado en 18 octubre 2025 &#8211; 12:28 La renuncia del pr\u00edncipe Andr\u00e9s a su&hellip;\n","protected":false},"author":2,"featured_media":184870,"comment_status":"","ping_status":"","sticky":false,"template":"","format":"standard","meta":{"footnotes":""},"categories":[42],"tags":[25887,17,18,11892,13,14,11,10110,39605,61,62,63,64,19,20,7657,9,10,15,16,25891,2005,90,12,21,22,65,66,67],"class_list":{"0":"post-184869","1":"post","2":"type-post","3":"status-publish","4":"format-standard","5":"has-post-thumbnail","7":"category-internacional","8":"tag-assault-general","9":"tag-breaking-news","10":"tag-breakingnews","11":"tag-crime","12":"tag-featured-news","13":"tag-featurednews","14":"tag-headlines","15":"tag-human-interest","16":"tag-imperial-and-royal-matters","17":"tag-internacional","18":"tag-international","19":"tag-international-news","20":"tag-internationalnews","21":"tag-latest-news","22":"tag-latestnews","23":"tag-law-and-order","24":"tag-news","25":"tag-noticias","26":"tag-noticias-destacadas","27":"tag-noticiasdestacadas","28":"tag-sexual-assault","29":"tag-society","30":"tag-ticker","31":"tag-titulares","32":"tag-ultimas-noticias","33":"tag-ultimasnoticias","34":"tag-world","35":"tag-world-news","36":"tag-worldnews"},"share_on_mastodon":{"url":"","error":""},"_links":{"self":[{"href":"https:\/\/www.europesays.com\/es\/wp-json\/wp\/v2\/posts\/184869","targetHints":{"allow":["GET"]}}],"collection":[{"href":"https:\/\/www.europesays.com\/es\/wp-json\/wp\/v2\/posts"}],"about":[{"href":"https:\/\/www.europesays.com\/es\/wp-json\/wp\/v2\/types\/post"}],"author":[{"embeddable":true,"href":"https:\/\/www.europesays.com\/es\/wp-json\/wp\/v2\/users\/2"}],"replies":[{"embeddable":true,"href":"https:\/\/www.europesays.com\/es\/wp-json\/wp\/v2\/comments?post=184869"}],"version-history":[{"count":0,"href":"https:\/\/www.europesays.com\/es\/wp-json\/wp\/v2\/posts\/184869\/revisions"}],"wp:featuredmedia":[{"embeddable":true,"href":"https:\/\/www.europesays.com\/es\/wp-json\/wp\/v2\/media\/184870"}],"wp:attachment":[{"href":"https:\/\/www.europesays.com\/es\/wp-json\/wp\/v2\/media?parent=184869"}],"wp:term":[{"taxonomy":"category","embeddable":true,"href":"https:\/\/www.europesays.com\/es\/wp-json\/wp\/v2\/categories?post=184869"},{"taxonomy":"post_tag","embeddable":true,"href":"https:\/\/www.europesays.com\/es\/wp-json\/wp\/v2\/tags?post=184869"}],"curies":[{"name":"wp","href":"https:\/\/api.w.org\/{rel}","templated":true}]}}