{"id":184888,"date":"2025-10-18T11:24:10","date_gmt":"2025-10-18T11:24:10","guid":{"rendered":"https:\/\/www.europesays.com\/es\/184888\/"},"modified":"2025-10-18T11:24:10","modified_gmt":"2025-10-18T11:24:10","slug":"el-var-vuelve-a-indignar-al-oviedismo-por-una-decision-compleja-de-entender","status":"publish","type":"post","link":"https:\/\/www.europesays.com\/es\/184888\/","title":{"rendered":"El VAR vuelve a indignar al oviedismo por una decisi\u00f3n compleja de entender"},"content":{"rendered":"<p><a class=\"v-mdl-ath__fig-a\" href=\"https:\/\/www.elcomercio.es\/autor\/chisco-garcia-6678.html\" title=\"Chisco Garc\u00eda\" rel=\"nofollow noopener\" target=\"_blank\"><br \/>\n<img decoding=\"async\" class=\"v-mdl-ath__img\" src=\"https:\/\/www.europesays.com\/es\/wp-content\/uploads\/2025\/10\/autor-6678-foto-1.jpeg\" alt=\"Chisco Garc\u00eda\"\/><br \/>\n<\/a><\/p>\n<p class=\"v-mdl-ath__p v-mdl-ath__p--6\">\nS\u00e1bado, 18 de octubre 2025, 00:27<\/p>\n<p class=\"v-p\">Nadie en el Tartiere tuvo dudas de que el bal\u00f3n tocado por Kike Garc\u00eda hab\u00eda sobrepasado la l\u00ednea de gol, pero no se entendi\u00f3 la tardanza en dar validez al tanto. De hecho, el colegiado Busquets Ferrer detuvo el partido entre el <a href=\"https:\/\/www.elcomercio.es\/real-oviedo\/real-oviedo-espanyol-carrion-cambia-oviedo-vuelve-caer-20251018234058-nt.html\" data-voc-vtm-id=\"in-text-traffic\" title=\"Real Oviedo y el Espanyol\" data-mrf-link=\"www.elcomercio.es\" rel=\"nofollow noopener\" target=\"_blank\">Real Oviedo y el Espanyol<\/a> antes de que hubiese una interrupci\u00f3n y esper\u00f3 la decisi\u00f3n de su compa\u00f1ero Pizarro G\u00f3mez. Hab\u00eda que resolver si Kike Garc\u00eda se encontraba en fuera de juego. Despu\u00e9s de unos minutos de incertidumbre, decidieron dar validez al tanto, para desesperaci\u00f3n de la grada.<\/p>\n<p><a href=\"http:\/\/www.elcomercio.es\/real-oviedo\/luis-carrion-entrenador-real-oviedo-importante-pitan-20251018002626-nt.html#vtm_modulosEngag=mod-rel:real-oviedo:noticia:1:cmp:1-not\" class=\"v-a-link\" aria-label=\"Imagen\" rel=\"nofollow noopener\" target=\"_blank\"><\/p>\n<p><img decoding=\"async\" loading=\"lazy\" src=\"https:\/\/www.europesays.com\/es\/wp-content\/uploads\/2025\/10\/109513355-kjuD--366x256@El Comercio.jpg\" class=\"v-a-img\" width=\"258\" height=\"180\" alt=\"\" data-voc-vtm-id=\"in-text-traffic\"\/><\/p>\n<p><\/a><\/p>\n<p class=\"v-p\">Un detalle que no pas\u00f3 desapercibido para mucha gente fue el portador del brazalete de capit\u00e1n. En el \u00faltimo partido en casa, Salom\u00f3n Rond\u00f3n ejerci\u00f3 esa funci\u00f3n, algo que llam\u00f3 la atenci\u00f3n a muchos seguidores. Aquella pareci\u00f3 una decisi\u00f3n personal de Veljko Paunovic. Ayer, Luis Carri\u00f3n atendi\u00f3 a la veteran\u00eda en el equipo del argentino Colombatto y al rol que el t\u00e9cnico catal\u00e1n parece querer darle a un jugador que ya fue determinante en su anterior etapa en el banquillo azul.<\/p>\n<p class=\"v-p\">Por otra parte, la agenda de Jes\u00fas Mart\u00ednez en Oviedo suma este s\u00e1bado una nueva cita, que tendr\u00e1 por protagonista al Vetusta. El presidente del Grupo Pachuca acudir\u00e1 a El Requex\u00f3n para presenciar en directo el partido del filial contra el Marino de Luanco, que arrancar\u00e1 a las 16.15 horas. El pasado jueves, Mart\u00ednez ya comparti\u00f3 unos minutos con Roberto Aguirre y los jugadores y ahora quiere darles su apoyo siguiendo el encuentro en directo, lo mismo que har\u00e1 ma\u00f1ana con el encuentro del conjunto femenino, que recibir\u00e1 al AEM de Lleida, a las 11 horas.<\/p>\n<p>Reporta un error<\/p>\n","protected":false},"excerpt":{"rendered":"S\u00e1bado, 18 de octubre 2025, 00:27 Nadie en el Tartiere tuvo dudas de que el bal\u00f3n tocado por&hellip;\n","protected":false},"author":2,"featured_media":184889,"comment_status":"","ping_status":"","sticky":false,"template":"","format":"standard","meta":{"footnotes":""},"categories":[268],"tags":[41037,2347,168,1633,25,24,280,282,52178,52179,281,23,167,6959,739],"class_list":{"0":"post-184888","1":"post","2":"type-post","3":"status-publish","4":"format-standard","5":"has-post-thumbnail","7":"category-futbol","8":"tag-compleja","9":"tag-decision","10":"tag-deportes","11":"tag-entender","12":"tag-es","13":"tag-espana","14":"tag-football","15":"tag-futbol","16":"tag-indignar","17":"tag-oviedismo","18":"tag-soccer","19":"tag-spain","20":"tag-sports","21":"tag-var","22":"tag-vuelve"},"share_on_mastodon":{"url":"","error":""},"_links":{"self":[{"href":"https:\/\/www.europesays.com\/es\/wp-json\/wp\/v2\/posts\/184888","targetHints":{"allow":["GET"]}}],"collection":[{"href":"https:\/\/www.europesays.com\/es\/wp-json\/wp\/v2\/posts"}],"about":[{"href":"https:\/\/www.europesays.com\/es\/wp-json\/wp\/v2\/types\/post"}],"author":[{"embeddable":true,"href":"https:\/\/www.europesays.com\/es\/wp-json\/wp\/v2\/users\/2"}],"replies":[{"embeddable":true,"href":"https:\/\/www.europesays.com\/es\/wp-json\/wp\/v2\/comments?post=184888"}],"version-history":[{"count":0,"href":"https:\/\/www.europesays.com\/es\/wp-json\/wp\/v2\/posts\/184888\/revisions"}],"wp:featuredmedia":[{"embeddable":true,"href":"https:\/\/www.europesays.com\/es\/wp-json\/wp\/v2\/media\/184889"}],"wp:attachment":[{"href":"https:\/\/www.europesays.com\/es\/wp-json\/wp\/v2\/media?parent=184888"}],"wp:term":[{"taxonomy":"category","embeddable":true,"href":"https:\/\/www.europesays.com\/es\/wp-json\/wp\/v2\/categories?post=184888"},{"taxonomy":"post_tag","embeddable":true,"href":"https:\/\/www.europesays.com\/es\/wp-json\/wp\/v2\/tags?post=184888"}],"curies":[{"name":"wp","href":"https:\/\/api.w.org\/{rel}","templated":true}]}}