{"id":184915,"date":"2025-10-18T11:40:08","date_gmt":"2025-10-18T11:40:08","guid":{"rendered":"https:\/\/www.europesays.com\/es\/184915\/"},"modified":"2025-10-18T11:40:08","modified_gmt":"2025-10-18T11:40:08","slug":"telemadrid-vuelve-a-proponer-la-corrida-de-la-hispanidad-marcada-por-el-adios-de-morante","status":"publish","type":"post","link":"https:\/\/www.europesays.com\/es\/184915\/","title":{"rendered":"Telemadrid vuelve a proponer la Corrida de la Hispanidad marcada por el adi\u00f3s de Morante"},"content":{"rendered":"<p>El pasado domingo no fue un d\u00eda cualquiera para los amantes de los toros, no porque fuera el D\u00eda de la Hispanidad, sino por lo que suceder\u00eda despu\u00e9s de las celebraciones matinales. <b><a title=\"Morante de la Puebla \" href=\"https:\/\/www.larazon.es\/cultura\/toros\/morante-corta-coleta-cortar-dos-orejas-impactante-cogida_2025101268ebe7dc0e3c6c5098310a9c.html\" target=\"_blank\" rel=\"nofollow noopener\">Morante de la Puebla <\/a>se cort\u00f3 la coleta y anunci\u00f3 su retirada de los ruedos de forma inesperada. <\/b><\/p>\n<p>Una fecha, la del 12 de octubre de 2025, que quedar\u00e1 marcada para siempre en el imaginario colectivo de la tauromaquia y <b>Telemadrid volver\u00e1 a recordarla este s\u00e1bado 18 de octubre<\/b>, a partir de las 18:00 horas, emitiendo \u00edntegramente la Corrida de la Hispanidad celebrada el pasado 12 de Octubre.<\/p>\n<p>Tal y como ha <a title=\"anunciado\" href=\"https:\/\/www.telemadrid.es\/corporativo\/sala-de-prensa\/Telemadrid-vuelve-a-emitir-la-historica-Corrida-de-la-Hispanidad-del-12-de-Octubre-0-2826017374--20251017100121.html\" target=\"_blank\" rel=\"nofollow noopener\">anunciado<\/a> la cadena auton\u00f3mica, la decisi\u00f3n de volver a emitir la corrida responde al <b>gran impacto medi\u00e1tico y emocional que tuvo la faena del torero sevillano<\/b> nacido en La Puebla del R\u00edo, considerada por muchos como una de las m\u00e1s inspiradas de los \u00faltimos a\u00f1os en Las Ventas.<\/p>\n<p>Su inesperada retirada tras abrir la Puerta Grande por segunda vez en la temporada convirti\u00f3 la tarde del 12 de octubre en una <b>fecha legendaria para la afici\u00f3n<\/b>, que presenci\u00f3 como cort\u00f3 dos orejas tras haber sufrido una impactante cogida que le dej\u00f3 inerte en la arena.<\/p>\n<p>El cartel reuni\u00f3 a Morante de la Puebla, Fernando Roble\u00f1o y Sergio Rodr\u00edguez, que se enfrentaron a toros de la ganader\u00eda de Garcigrande en un festejo que marc\u00f3 el cierre de la temporada en la Monumental madrile\u00f1a y congreg\u00f3 a miles de espectadores en los tendidos y a una <b>media de 86.000 espectadores frente al televisor<\/b>, anotando un 8,7% de share.<\/p>\n<p>Asimismo, la <b>retransmisi\u00f3n<\/b> cont\u00f3 con el equipo de programas taurinos de Telemadrid, encabezado por Sixto Naranjo, junto al torero Luis Miguel Encabo y los periodistas especializados Federico Arn\u00e1s y Laura Palmer.<\/p>\n","protected":false},"excerpt":{"rendered":"El pasado domingo no fue un d\u00eda cualquiera para los amantes de los toros, no porque fuera el&hellip;\n","protected":false},"author":2,"featured_media":184916,"comment_status":"","ping_status":"","sticky":false,"template":"","format":"standard","meta":{"footnotes":""},"categories":[277],"tags":[373,168,25,24,23,167,374],"class_list":{"0":"post-184915","1":"post","2":"type-post","3":"status-publish","4":"format-standard","5":"has-post-thumbnail","7":"category-toreo","8":"tag-bullfighting","9":"tag-deportes","10":"tag-es","11":"tag-espana","12":"tag-spain","13":"tag-sports","14":"tag-toreo"},"share_on_mastodon":{"url":"","error":""},"_links":{"self":[{"href":"https:\/\/www.europesays.com\/es\/wp-json\/wp\/v2\/posts\/184915","targetHints":{"allow":["GET"]}}],"collection":[{"href":"https:\/\/www.europesays.com\/es\/wp-json\/wp\/v2\/posts"}],"about":[{"href":"https:\/\/www.europesays.com\/es\/wp-json\/wp\/v2\/types\/post"}],"author":[{"embeddable":true,"href":"https:\/\/www.europesays.com\/es\/wp-json\/wp\/v2\/users\/2"}],"replies":[{"embeddable":true,"href":"https:\/\/www.europesays.com\/es\/wp-json\/wp\/v2\/comments?post=184915"}],"version-history":[{"count":0,"href":"https:\/\/www.europesays.com\/es\/wp-json\/wp\/v2\/posts\/184915\/revisions"}],"wp:featuredmedia":[{"embeddable":true,"href":"https:\/\/www.europesays.com\/es\/wp-json\/wp\/v2\/media\/184916"}],"wp:attachment":[{"href":"https:\/\/www.europesays.com\/es\/wp-json\/wp\/v2\/media?parent=184915"}],"wp:term":[{"taxonomy":"category","embeddable":true,"href":"https:\/\/www.europesays.com\/es\/wp-json\/wp\/v2\/categories?post=184915"},{"taxonomy":"post_tag","embeddable":true,"href":"https:\/\/www.europesays.com\/es\/wp-json\/wp\/v2\/tags?post=184915"}],"curies":[{"name":"wp","href":"https:\/\/api.w.org\/{rel}","templated":true}]}}