{"id":184926,"date":"2025-10-18T11:47:08","date_gmt":"2025-10-18T11:47:08","guid":{"rendered":"https:\/\/www.europesays.com\/es\/184926\/"},"modified":"2025-10-18T11:47:08","modified_gmt":"2025-10-18T11:47:08","slug":"betis-dia-para-convertir-el-sueno-en-objetivo","status":"publish","type":"post","link":"https:\/\/www.europesays.com\/es\/184926\/","title":{"rendered":"Betis: D\u00eda para convertir el sue\u00f1o en objetivo"},"content":{"rendered":"<p style=\"\">No es una final pero este <strong>Betis<\/strong> ya se toma cada partido como si lo fuera. Con casi toda la plantilla disponible (Isco es la \u00fanica baja y Bakambu no se desplaza por precauci\u00f3n), con los dep\u00f3sitos de confianza bien llenos y con el  &#8230; deseo de dar un paso m\u00e1s se produce esta visita a un estadio en el que se ha acostumbrado a sacar buenos resultados, con varios triunfos en los tiempos recientes pero sobre todo por producirse ante un rival directo. Que lo es en todos los casos dado que es el espejo al que mirarse y precisamente en esta foto actual de <strong>LaLiga<\/strong> es quien se encuentra tercero, s\u00f3lo un punto por encima. El <strong>Villarreal<\/strong> adelant\u00f3 al Betis el pasado curso en el sprint final porque los verdiblancos pusieron ya el foco en la final de la Conference y al no poder atender a dos objetivos se quedaron sin <strong>Champions<\/strong>. Ahora, con una plantilla m\u00e1s profunda, quieren tener ox\u00edgeno para llegar al final con fuerza y todo pasa por empezar ganando estos puntos que ya se quedan o no vuelven. Lo intentar\u00e1 el grupo de Pellegrini con Junior como principal novedad en un once en el que apuntan a repetir Natan y Valent\u00edn como pareja de centrales a pesar del retorno de Bartra y Llorente a la lista. Tambi\u00e9n est\u00e1n Amrabat, titular, y Deossa y Pablo Garc\u00eda. Mucho fondo para darle diferentes vidas a un partido a priori muy atractivo.<\/p>\n<p class=\"voc-p\" style=\"\">Se trata de un encuentro considerado clave a pesar de que estamos en la novena jornada. Hay a\u00fan much\u00edsimo en juego y nada de lo que suceda hoy en d\u00eda es definitivo, tal y como ha demostrado la historia, pero s\u00ed cabe resaltar que los puntos que ahora se logren no se echar\u00e1n de menos en el futuro. Ganar en Villarreal supondr\u00eda para el <strong>Betis<\/strong> la posibilidad de lanzar un claro mensaje a LaLiga: los de Pellegrini van a por la Champions. Es el escal\u00f3n que falta, ese pelda\u00f1o que quieren subir esta temporada para jugar con los m\u00e1s grandes. La econom\u00eda del club y, como l\u00f3gica consecuencia, su estructura deportiva lo demandan. Est\u00e1, incluso, en el plano de la negociaci\u00f3n con <strong>Pellegrini<\/strong>. El t\u00e9cnico sabe que con la plantilla que tiene entre manos lo que se le pide es justamente esto: que luche por el cuarto puesto hasta el final. Y vencer en la Cer\u00e1mica ser\u00eda buen indicativo. Luego llegar\u00e1 Gante y la visita del Atl\u00e9tico. En funci\u00f3n de lo de esta tarde en tierras castellonenses se ver\u00e1 de una forma u otra lo que queda pendiente. Y convertir la zona Champions en una realidad que no se califique como sue\u00f1o est\u00e1 en esa l\u00ednea.<\/p>\n<p class=\"voc-p\" style=\"\">El regreso de los parones condiciona mucho las alineaciones cuando es Pellegrini el que est\u00e1 al mando. Es sensato, sobre todo con los que vuelven de viajes largos como los que compiten en Am\u00e9rica. Esto afecta a Cucho Hern\u00e1ndez y Lo Celso, que el jueves ya se estaban ejercitando con el grupo apunt\u00e1ndose a todo en Villarreal. Cuenta el t\u00e9cnico chileno con <strong>su plantilla al completo a excepci\u00f3n de Isco<\/strong>. No es asunto balad\u00ed este. No s\u00f3lo por la amplitud de elementos de rotaci\u00f3n con la que cuenta sino porque indica que el grupo quiere estar en todos los momentos importantes. Nadie se esconde, todos quieren saltar al campo y disfrutar en un equipo que se est\u00e1 asociando al verbo ganar. <\/p>\n<p class=\"voc-p\" style=\"\">En su estructura hay varias cuestiones a resolver con el once inicial. Con tantos jugadores disponibles, Pellegrini disfruta pudiendo elegir en todas las posiciones. Empezando por la porter\u00eda, donde mantendr\u00e1 la confianza en <strong>Pau L\u00f3pez<\/strong> por delante de \u00c1lvaro Valles, que actuar\u00e1 ante el Genk. La l\u00ednea defensiva conf\u00eda en la de los \u00faltimos tiempos con <strong>Beller\u00edn, Natan, Valent\u00edn y Junior<\/strong>, reservando a Bartra y Ricardo y esperando darle minutos poco a poco a Llorente. <strong>Amrabat<\/strong> vuelve para interpretar el papel de hombre fuerte en una medular de equilibrio y ajuste junto a <strong>Marc Roca<\/strong>. Por delante de ellos la l\u00ednea de tres m\u00e1s fiable ahora mismo con <strong>Antony, Fornals y Abde<\/strong>, con Lo Celso aguardando contar con minutos durante el encuentro. Y <strong>Cucho Hern\u00e1ndez<\/strong> en punta.<\/p>\n<ul class=\"voc-list\">\n<li class=\"voc-list__item\">\n<strong>Villarreal CF<\/strong><br \/>\nArnau Tenas; Pau Navarro, Rafa Mar\u00edn, Renato Veiga, Sergi Cardona; Comesa\u00f1a, Pape Gueye; Buchanan, Pep\u00e9, Moleiro; y Mikautadze.\n<\/li>\n<li class=\"voc-list__item\">\n<strong>Real Betis<\/strong><br \/>\nPau L\u00f3pez; Beller\u00edn, Natan, Valent\u00edn, Junior; Amrabat, Marc Roca; Antony, Fornals, Abde; y Cucho Hern\u00e1ndez.\n<\/li>\n<li class=\"voc-list__item\">\n<strong>\u00c1rbitro<\/strong><br \/>\nHern\u00e1ndez Maeso (Comit\u00e9 Extreme\u00f1o).\n<\/li>\n<li class=\"voc-list__item\">\n<strong>Estadio<\/strong><br \/>\nLa Cer\u00e1mica (18.30 \/ Movistar LaLiga).\n<\/li>\n<\/ul>\n<p class=\"voc-p\" style=\"\">La riqueza del banquillo es lo que puede permitirle al Betis un paso adelante en cualquier momento del partido. Ocurre lo mismo con su rival, por cierto. En clave b\u00e9tica tiene Pellegrini elementos de sobra para variar el transcurso de un encuentro ya que a su vera estar\u00e1n sentados inicialmente hombres como <strong>Ortiz, Bartra, Ricardo, Altimira, Lo Celso, Riquelme, Deossa o Pablo Garc\u00eda<\/strong> que pueden salir como alternativas si las cosas no van del todo bien.<\/p>\n<p class=\"voc-p\" style=\"\">En el Villarreal, algo bastante parecido dado que su fondo de armario tambi\u00e9n es impresionante, sobre todo arriba. Con <strong>Mikautadze, Pep\u00e9, Ayoze, Gerard Moreno, Moleiro, Buchanan<\/strong>&#8230; Tiene un equipo de Champions Marcelino pero al peso le puede competir a la perfecci\u00f3n un grupo hecho como el Betis, a pesar de no poder contar con su mejor jugador, Isco. El Villarreal est\u00e1 intratable en casa y es muy peligroso en los minutos finales, cuando acostumbra a poner los marcadores a su favor. Pitar\u00e1 Hern\u00e1ndez Maeso, que tiene un historial corto con ambos conjuntos dada su juventud y su poca experiencia en Primera. Los verdiblancos estaban pendientes de la designaci\u00f3n del CTA debido a que llegan con la mosca detr\u00e1s de la oreja tras lo del penalti de Cornell\u00e1 y los agravios sufridos ante el Villarreal en los \u00faltimos tiempos. Que pase desapercibido el colegiado extreme\u00f1o, ser\u00e1 lo mejor.<\/p>\n","protected":false},"excerpt":{"rendered":"No es una final pero este Betis ya se toma cada partido como si lo fuera. Con casi&hellip;\n","protected":false},"author":2,"featured_media":184927,"comment_status":"","ping_status":"","sticky":false,"template":"","format":"standard","meta":{"footnotes":""},"categories":[268],"tags":[168,25,24,280,282,22611,281,23,167,52182],"class_list":{"0":"post-184926","1":"post","2":"type-post","3":"status-publish","4":"format-standard","5":"has-post-thumbnail","7":"category-futbol","8":"tag-deportes","9":"tag-es","10":"tag-espana","11":"tag-football","12":"tag-futbol","13":"tag-previa","14":"tag-soccer","15":"tag-spain","16":"tag-sports","17":"tag-villarrealbetis"},"share_on_mastodon":{"url":"","error":""},"_links":{"self":[{"href":"https:\/\/www.europesays.com\/es\/wp-json\/wp\/v2\/posts\/184926","targetHints":{"allow":["GET"]}}],"collection":[{"href":"https:\/\/www.europesays.com\/es\/wp-json\/wp\/v2\/posts"}],"about":[{"href":"https:\/\/www.europesays.com\/es\/wp-json\/wp\/v2\/types\/post"}],"author":[{"embeddable":true,"href":"https:\/\/www.europesays.com\/es\/wp-json\/wp\/v2\/users\/2"}],"replies":[{"embeddable":true,"href":"https:\/\/www.europesays.com\/es\/wp-json\/wp\/v2\/comments?post=184926"}],"version-history":[{"count":0,"href":"https:\/\/www.europesays.com\/es\/wp-json\/wp\/v2\/posts\/184926\/revisions"}],"wp:featuredmedia":[{"embeddable":true,"href":"https:\/\/www.europesays.com\/es\/wp-json\/wp\/v2\/media\/184927"}],"wp:attachment":[{"href":"https:\/\/www.europesays.com\/es\/wp-json\/wp\/v2\/media?parent=184926"}],"wp:term":[{"taxonomy":"category","embeddable":true,"href":"https:\/\/www.europesays.com\/es\/wp-json\/wp\/v2\/categories?post=184926"},{"taxonomy":"post_tag","embeddable":true,"href":"https:\/\/www.europesays.com\/es\/wp-json\/wp\/v2\/tags?post=184926"}],"curies":[{"name":"wp","href":"https:\/\/api.w.org\/{rel}","templated":true}]}}