{"id":184951,"date":"2025-10-18T12:02:12","date_gmt":"2025-10-18T12:02:12","guid":{"rendered":"https:\/\/www.europesays.com\/es\/184951\/"},"modified":"2025-10-18T12:02:12","modified_gmt":"2025-10-18T12:02:12","slug":"el-balonmano-avila-visita-al-delicias-con-la-ambicion-de-sumar-el-primer-triunfo","status":"publish","type":"post","link":"https:\/\/www.europesays.com\/es\/184951\/","title":{"rendered":"El Balonmano \u00c1vila visita al Delicias con la ambici\u00f3n de sumar el primer triunfo"},"content":{"rendered":"<p>            <a href=\"https:\/\/www.europesays.com\/es\/wp-content\/uploads\/2025\/10\/DSC_0069-copia.jpg\" data-caption=\"\"><img loading=\"lazy\" decoding=\"async\" width=\"1200\" height=\"900\" class=\"entry-thumb td-modal-image\" src=\"https:\/\/www.europesays.com\/es\/wp-content\/uploads\/2025\/10\/DSC_0069-copia.jpg\"   alt=\"\" title=\"DSC_0069 copia\"\/><\/a><\/p>\n<p><b>L\u00f3pez Manrique \/ Ma\u00f1ana domingo, el pabell\u00f3n IES Delicias de Valladolid ser\u00e1 el escenario del duelo entre el Onyx Solar Balonmano \u00c1vila y el BM Delicias, correspondiente a la Segunda Divisi\u00f3n B de balonmano de Castilla y Le\u00f3n. El partido arrancar\u00e1 a las 13:00 horas y se espera un enfrentamiento emocionante entre ambos equipos.<\/b><\/p>\n<p class=\"p1\" style=\"text-align: justify;\">El Balonmano \u00c1vila, dirigido por Marco Antonio Rufes, llega a este partido con la ambici\u00f3n de sumar su primera victoria de la temporada. En la primera jornada, los abulenses cayeron en casa por 19-33 ante el Simasec CBM Tudela, por lo que necesitan empezar a puntuar para mejorar su posici\u00f3n en la tabla.<\/p>\n<p class=\"p1\" style=\"text-align: justify;\">Por su parte, el BM Delicias es un conjunto que debuta esta temporada y buscar\u00e1 sorprender a los visitantes. Aunque es un equipo filial de un club de cantera cuyo primer equipo milita en Segunda Nacional masculina, no se puede subestimar su capacidad para competir.<\/p>\n<p class=\"p1\" style=\"text-align: justify;\">El partido promete ser un desaf\u00edo exigente para el Balonmano \u00c1vila, que necesitar\u00e1 dar su mejor versi\u00f3n para llevarse la victoria. La cita es importante para los de Marco Antonio Rufes, que buscan empezar a sumar puntos y mejorar su rendimiento en la competici\u00f3n.<\/p>\n","protected":false},"excerpt":{"rendered":"L\u00f3pez Manrique \/ Ma\u00f1ana domingo, el pabell\u00f3n IES Delicias de Valladolid ser\u00e1 el escenario del duelo entre el&hellip;\n","protected":false},"author":2,"featured_media":184952,"comment_status":"","ping_status":"","sticky":false,"template":"","format":"standard","meta":{"footnotes":""},"categories":[278],"tags":[376,168,25,24,375,23,167],"class_list":{"0":"post-184951","1":"post","2":"type-post","3":"status-publish","4":"format-standard","5":"has-post-thumbnail","7":"category-balonmano","8":"tag-balonmano","9":"tag-deportes","10":"tag-es","11":"tag-espana","12":"tag-handball","13":"tag-spain","14":"tag-sports"},"share_on_mastodon":{"url":"","error":""},"_links":{"self":[{"href":"https:\/\/www.europesays.com\/es\/wp-json\/wp\/v2\/posts\/184951","targetHints":{"allow":["GET"]}}],"collection":[{"href":"https:\/\/www.europesays.com\/es\/wp-json\/wp\/v2\/posts"}],"about":[{"href":"https:\/\/www.europesays.com\/es\/wp-json\/wp\/v2\/types\/post"}],"author":[{"embeddable":true,"href":"https:\/\/www.europesays.com\/es\/wp-json\/wp\/v2\/users\/2"}],"replies":[{"embeddable":true,"href":"https:\/\/www.europesays.com\/es\/wp-json\/wp\/v2\/comments?post=184951"}],"version-history":[{"count":0,"href":"https:\/\/www.europesays.com\/es\/wp-json\/wp\/v2\/posts\/184951\/revisions"}],"wp:featuredmedia":[{"embeddable":true,"href":"https:\/\/www.europesays.com\/es\/wp-json\/wp\/v2\/media\/184952"}],"wp:attachment":[{"href":"https:\/\/www.europesays.com\/es\/wp-json\/wp\/v2\/media?parent=184951"}],"wp:term":[{"taxonomy":"category","embeddable":true,"href":"https:\/\/www.europesays.com\/es\/wp-json\/wp\/v2\/categories?post=184951"},{"taxonomy":"post_tag","embeddable":true,"href":"https:\/\/www.europesays.com\/es\/wp-json\/wp\/v2\/tags?post=184951"}],"curies":[{"name":"wp","href":"https:\/\/api.w.org\/{rel}","templated":true}]}}