{"id":184961,"date":"2025-10-18T12:08:14","date_gmt":"2025-10-18T12:08:14","guid":{"rendered":"https:\/\/www.europesays.com\/es\/184961\/"},"modified":"2025-10-18T12:08:14","modified_gmt":"2025-10-18T12:08:14","slug":"hamilton-explica-su-respuesta-a-alonso-en-instagram-y-montoya-tampoco-se-queda-callado","status":"publish","type":"post","link":"https:\/\/www.europesays.com\/es\/184961\/","title":{"rendered":"Hamilton explica su respuesta a Alonso en Instagram\u2026 y Montoya tampoco se queda callado"},"content":{"rendered":"<p class=\"Paragraph-module-scss-module__YTaiWG__paragraph\">En el pasado Gran Premio de Singapur, <strong>Fernando Alonso<\/strong> protagoniz\u00f3 una conversaci\u00f3n por radio bastante llamativa con su ingeniero de pista, Andrew Vizard. El piloto espa\u00f1ol mostr\u00f3 su descontento con <strong>Lewis Hamilton<\/strong> de forma muy en\u00e9rgica, ya que este se hab\u00eda saltado varias curvas para poder terminar la carrera despu\u00e9s de quedarse sin frenos.<\/p>\n<p class=\"Paragraph-module-scss-module__YTaiWG__paragraph\">Esto, en opini\u00f3n de Fernando Alonso, hab\u00eda sido bastante peligroso y merec\u00eda una <strong>penalizaci\u00f3n<\/strong>, algo que de producirse le permitir\u00eda ganar una posici\u00f3n y terminar s\u00e9ptimo. Quiz\u00e1 con esa intenci\u00f3n, o simplemente a consecuencia de la frustraci\u00f3n, el asturiano pidi\u00f3 la sanci\u00f3n a los comisarios de forma muy vehemente.<\/p>\n<p>Montoya analiza el comportamiento de Alonso<\/p>\n<p class=\"Paragraph-module-scss-module__YTaiWG__paragraph\">Los comisarios deportivos estuvieron de acuerdo en que lo que Lewis Hamilton hab\u00eda hecho merec\u00eda ser penalizado y le a\u00f1adieron <strong>cinco segundos<\/strong> a su tiempo de carrera, intercambiando as\u00ed la posici\u00f3n con Fernando Alonso.<\/p>\n<p class=\"Paragraph-module-scss-module__YTaiWG__paragraph\">En opini\u00f3n de <strong>Juan Pablo Montoya<\/strong>, el comportamiento del piloto de Aston Martin no fue espont\u00e1neo, sino un ardid para llamar la atenci\u00f3n de los comisarios deportivos. \u00abEl arrebato de Alonso fue solamente para que los comisarios supieran que era completamente injusto. <strong>Si hacen ese drama por radio, los comisarios lo van a o\u00edr\u00bb<\/strong>.<\/p>\n<p class=\"Paragraph-module-scss-module__YTaiWG__paragraph\">\u00abSi tienen que ir a hablar con los comisarios, Alonso puede alegar que estaba en la radio diciendo que lo encontraba completamente inseguro. <strong>Fue m\u00e1s bien un espect\u00e1culo<\/strong>. Si nadie m\u00e1s escuchara la radio, no habr\u00eda dicho ni una sola palabra\u00bb, afirma el expiloto colombiano en declaraciones a <a class=\"Button-module-scss-module__pf66aq__link Button-module-scss-module__pf66aq__link--content NewsContent-module-scss-module__6_SHrq__news-content__link\" href=\"https:\/\/www.fruityking.co.uk\/\" rel=\"nofollow noopener\" target=\"_blank\">Fruity King<\/a>.<\/p>\n<p><img figcaption=\"Fernando Alonso tir\u00f3 de estrategia, piensa Juan Pablo Montoya.\" alt=\"\" loading=\"lazy\" width=\"1280\" height=\"720\" decoding=\"async\" data-nimg=\"1\" class=\"Image-module-scss-module__gObqBW__img\" style=\"color:transparent\"   src=\"https:\/\/www.europesays.com\/es\/wp-content\/uploads\/2025\/10\/hamilton-respuesta-alonso-instagram-montoya-callado-2025110560-1760685541_2.jpg\"\/>Fernando Alonso tir\u00f3 de estrategia, piensa Juan Pablo Montoya.Hamilton explica su respuesta en Instagram<\/p>\n<p class=\"Paragraph-module-scss-module__YTaiWG__paragraph\">Pero faltaba el coprotagonista de esta historia, Lewis Hamilton. El heptacampe\u00f3n del mundo respondi\u00f3 a Fernando Alonso a trav\u00e9s de su cuenta oficial de <strong>Instagram<\/strong>, en la que public\u00f3 un fragmento de la serie brit\u00e1nica One Foot in the Grave. En \u00e9l, el protagonista de la misma repite \u00abNo me lo creo\u00bb, tal y como hizo Alonso tras finalizar la carrera en Singapur.<\/p>\n<p class=\"Paragraph-module-scss-module__YTaiWG__paragraph\">Sobre ello ha sido preguntado Hamilton (y <a class=\"Button-module-scss-module__pf66aq__link Button-module-scss-module__pf66aq__link--content NewsContent-module-scss-module__6_SHrq__news-content__link\" href=\"https:\/\/www.motor.es\/formula-1\/alonso-sprint-ventaja-preparado-liarla-aston-martin-deja-2025110559.html\" rel=\"nofollow noopener\" target=\"_blank\">tambi\u00e9n Alonso<\/a>) en la jornada previa al comienzo del Gran Premio de Estados Unidos, <a class=\"Button-module-scss-module__pf66aq__link Button-module-scss-module__pf66aq__link--content NewsContent-module-scss-module__6_SHrq__news-content__link\" href=\"https:\/\/es.motorsport.com\/f1\/news\/hamilton-revela-la-historia-detras-del-video-que-subio-sobre-alonso\/10768025\/\" rel=\"noopener nofollow\" target=\"_blank\">afirmando<\/a> este que <strong>\u00abfue solamente un poco de diversi\u00f3n<\/strong>. No he visto a Fernando desde entonces, pero me pareci\u00f3 gracioso\u00bb.<\/p>\n<p class=\"Paragraph-module-scss-module__YTaiWG__paragraph\">\u00abNo ve\u00eda esa serie desde hace m\u00e1s de 20 a\u00f1os y simplemente me vino a la cabeza. <strong>\u00bfQu\u00e9 es la vida si no puedes divertirte un poco?\u00bb<\/strong>, concluy\u00f3 el ahora piloto de Ferrari.<\/p>\n<p class=\"Paragraph-module-scss-module__YTaiWG__paragraph\">No cabe duda de que entre Fernando Alonso y Lewis Hamilton existe un gran respeto en lo deportivo, pero tambi\u00e9n persisten ciertas tiranteces personales desde aquel 2007 en el que ambos coincidieron en McLaren.<\/p>\n","protected":false},"excerpt":{"rendered":"En el pasado Gran Premio de Singapur, Fernando Alonso protagoniz\u00f3 una conversaci\u00f3n por radio bastante llamativa con su&hellip;\n","protected":false},"author":2,"featured_media":184962,"comment_status":"","ping_status":"","sticky":false,"template":"","format":"standard","meta":{"footnotes":""},"categories":[270],"tags":[168,25,24,306,271,272,23,167],"class_list":{"0":"post-184961","1":"post","2":"type-post","3":"status-publish","4":"format-standard","5":"has-post-thumbnail","7":"category-formula-1","8":"tag-deportes","9":"tag-es","10":"tag-espana","11":"tag-f1","12":"tag-formula-1","13":"tag-formula1","14":"tag-spain","15":"tag-sports"},"share_on_mastodon":{"url":"","error":""},"_links":{"self":[{"href":"https:\/\/www.europesays.com\/es\/wp-json\/wp\/v2\/posts\/184961","targetHints":{"allow":["GET"]}}],"collection":[{"href":"https:\/\/www.europesays.com\/es\/wp-json\/wp\/v2\/posts"}],"about":[{"href":"https:\/\/www.europesays.com\/es\/wp-json\/wp\/v2\/types\/post"}],"author":[{"embeddable":true,"href":"https:\/\/www.europesays.com\/es\/wp-json\/wp\/v2\/users\/2"}],"replies":[{"embeddable":true,"href":"https:\/\/www.europesays.com\/es\/wp-json\/wp\/v2\/comments?post=184961"}],"version-history":[{"count":0,"href":"https:\/\/www.europesays.com\/es\/wp-json\/wp\/v2\/posts\/184961\/revisions"}],"wp:featuredmedia":[{"embeddable":true,"href":"https:\/\/www.europesays.com\/es\/wp-json\/wp\/v2\/media\/184962"}],"wp:attachment":[{"href":"https:\/\/www.europesays.com\/es\/wp-json\/wp\/v2\/media?parent=184961"}],"wp:term":[{"taxonomy":"category","embeddable":true,"href":"https:\/\/www.europesays.com\/es\/wp-json\/wp\/v2\/categories?post=184961"},{"taxonomy":"post_tag","embeddable":true,"href":"https:\/\/www.europesays.com\/es\/wp-json\/wp\/v2\/tags?post=184961"}],"curies":[{"name":"wp","href":"https:\/\/api.w.org\/{rel}","templated":true}]}}