{"id":184963,"date":"2025-10-18T12:09:08","date_gmt":"2025-10-18T12:09:08","guid":{"rendered":"https:\/\/www.europesays.com\/es\/184963\/"},"modified":"2025-10-18T12:09:08","modified_gmt":"2025-10-18T12:09:08","slug":"la-llamada-del-baskonia-me-pillo-en-la-alpujarra-pero-fue-muy-facil-decidirme","status":"publish","type":"post","link":"https:\/\/www.europesays.com\/es\/184963\/","title":{"rendered":"\u00abLa llamada del Baskonia me pill\u00f3 en la Alpujarra, pero fue muy f\u00e1cil decidirme\u00bb"},"content":{"rendered":"<p class=\"v-mdl-ath__p v-mdl-ath__p--6\">\nS\u00e1bado, 18 de octubre 2025, 11:05<\/p>\n<p class=\"v-p\">Este domingo no ser\u00e1 un d\u00eda cualquiera en el Palacio. Pablo Pin, el \u00fanico entrenador en la historia del Covir\u00e1n hasta este curso, se sentar\u00e1 de nuevo en el banquillo&#8230; rival. El entrenador ayudante de Paolo Galbiati en el Baskonia analiza sus primeras semanas en el club de Zurbano y su visi\u00f3n del que, s\u00ed lo admite, no deja de ser su equipo.<\/p>\n<p class=\"v-p\"><strong>\u2013\u00bfC\u00f3mo est\u00e1 siendo su experiencia en un club de Euroliga como el Baskonia?<\/strong><\/p>\n<p class=\"v-p\">\u2013\u00a1Intensa! Creo que esa es la palabra. Juegas dos y hasta tres partido por semana. Viajes\u2026 apenas puedes hacer entrenamientos colectivos normales. Aqu\u00ed sobre todo hay mucho v\u00eddeo, mucho &#8216;scouting&#8217;, para intentar ense\u00f1ar y corregir a los jugadores a trav\u00e9s de las im\u00e1genes. Todo va a un ritmo y una intensidad con la que no paras ni un d\u00eda. Pero por otro lado, a quien le gusta el baloncesto\u2026 pues estoy encantado (sonr\u00ede). Tienes muchos medios, las instalaciones y el club est\u00e1n muy bien, el cuerpo t\u00e9cnico es gente de aqu\u00ed y tienen gran sentimiento de pertenencia\u2026 Estoy muy a gusto, esa es la verdad.<\/p>\n<p class=\"v-p\"><strong>\u2013Intenso es un adjetivo perfecto para Paolo Galbiati, \u00bfno?<\/strong><\/p>\n<p class=\"v-p\">\u2013S\u00ed\u2026 \u00c9l es pura energ\u00eda. La gente lo ve en la tele, pero \u00e9l es as\u00ed cada d\u00eda, cada entrenamiento. Cada segundo transmite que todo el mundo vaya as\u00ed, y creo que es algo positivo. Cuando tienes tantos partidos, tantos viajes, puedes tener la tentaci\u00f3n de sentirte cansado, pero cuando tienes a una persona al lado que siempre est\u00e1 a tope, es algo que se transmite. Por ejemplo, creo que el otro d\u00eda contra el Real Madrid, el que levanta al equipo es \u00e9l.<\/p>\n<p class=\"v-p\"><strong>\u2013Transmite adem\u00e1s mucha cercan\u00eda con los jugadores, casi como si fuera su colega.<\/strong><\/p>\n<p class=\"v-p\">\u2013No dir\u00eda tanto, pero cada uno tiene su forma de ser, y \u00e9l es muy cercano. Exige mucho, pero a la vez se interesa mucho por el jugador. Y creo que el jugador nota que tiene un entrenador que se preocupa por \u00e9l. Luego, claro, les &#8216;aprieta&#8217;, pero ellos entienden que lo hace porque es lo mejor para ellos. Establece una buena conexi\u00f3n con los jugadores.<\/p>\n<p class=\"v-p\"><strong>\u2013\u00bfC\u00f3mo surgi\u00f3 su fichaje?<\/strong><\/p>\n<p class=\"v-p\">\u2013\u00a1Pues estaba en la Alpujarra jugando al p\u00e1del! (risas) Pensaba que me llamaban para preguntar por alg\u00fan jugador\u2026 Est\u00e1bamos ya en agosto. Pero me preguntaron c\u00f3mo ver\u00eda la opci\u00f3n de ser ayudante. Y un club con esta trayectoria, en la Euroliga, que a lo mejor lleva un par de a\u00f1os sin los resultados que acostumbraba pero que quiere volver al m\u00e1ximo nivel\u2026 Les ped\u00ed un momento para pensarlo, pero era algo que ten\u00eda pensado, tanto en casa como con mi agente: que si sal\u00eda opci\u00f3n de ser ayudante en alg\u00fan equipo de Euroliga, eso hab\u00eda que cogerlo. As\u00ed que la verdad es que fue muy f\u00e1cil decidirme.<\/p>\n<p class=\"v-p\"><strong>\u2013\u00bfC\u00f3mo est\u00e1 siendo vivir la Euroliga y enfrentarse a Zeljko Obradovic, por ejemplo?<\/strong><\/p>\n<p class=\"v-p\">\u2013La verdad es que no me deja de ilusionar jugar contra gente como Ataman, Bartzokas, Obradovic o cualquier otro, porque el nivel es alt\u00edsimo. Lo cierto es que en lo f\u00edsico la competici\u00f3n es incre\u00edble. La velocidad a la que se juega\u2026 se va a otro ritmo. Los equipos f\u00edsicos, como Par\u00eds, van de una forma alucinante. Y los que no son tan r\u00e1pidos, como Olympiakos, no corren lo mismo, pero tienen una velocidad de lectura de juego magn\u00edfica. As\u00ed que es un aprendizaje continuo. De cada partido sacas una idea nueva. Eso era algo que me apetec\u00eda: poder ver el baloncesto desde otro prisma m\u00e1s anal\u00edtico, que es el que suelen tener los ayudantes. <\/p>\n<p class=\"v-p\"><strong>\u2013La temporada no est\u00e1 siendo f\u00e1cil. Por ejemplo, est\u00e1n teniendo muchos problemas f\u00edsicos.<\/strong><\/p>\n<p class=\"v-p\">\u2013Nuestro d\u00eda a d\u00eda es muy bueno, pero desde la pretemporada, entre los jugadores del Eurobasket y los lesionados, no hemos podido trabajar al 100%. Necesitas potencial f\u00edsico profesional para poder trabajar a ese ritmo. Las lesiones trastocan. Por ejemplo, si alguien cae por seis meses, que Dios no lo quiera, pues sabes a qu\u00e9 atenerte. Pero cuando tienes cosas de diez o quince d\u00edas, son lesiones que no hacen much\u00edsimo da\u00f1o global, pero afectan al d\u00eda a d\u00eda. Necesitamos tiempo: entrenador nuevo, cuerpo t\u00e9cnico nuevo, jugadores nuevos\u2026 muchos que ni siquiera conocen Europa, como Markquis Nowell o Mamadi Diakit\u00e9. Eso requiere tiempo y nosotros estamos alternando minutos muy buenos de baloncesto con otros muy malos. Estamos intentando encontrar un poco m\u00e1s de regularidad, de consistencia.<\/p>\n<p class=\"v-p\"><strong>\u2013En ese ritmo fren\u00e9tico no hay tiempo para mirar atr\u00e1s a las derrotas, pero al mismo tiempo la exigencia del club es muy grande\u2026 \u00bfEs m\u00e1s f\u00e1cil llevar eso que en Granada?<\/strong><\/p>\n<p class=\"v-p\">\u2013A ver, digamos que en los minutos justos posteriores al partido, la sensaci\u00f3n es igual: si has perdido, est\u00e1s jodido. Luego haces lo mismo: ves el partido, analizas con los jugadores\u2026 Pero s\u00ed que aqu\u00ed no da tiempo a lamentarse nada, porque enseguida viene otro partido. El jueves nos levantamos jodidos por perder con Par\u00eds, pero en media hora ya estaba viendo al Partizan. Tu cabeza ya est\u00e1 en lo siguiente. Es importante aprender poco a poco y ser capaces de darle importancia a cada partido, sabiendo que hay m\u00e1s oportunidades, pero que hay que ganar partidos. No podemos pensar &#8216;bueno, el siguiente&#8217;. El siguiente hay que ganarlo.<\/p>\n<p class=\"v-p\"><strong>\u2013Meterse en la Copa del Rey parece un objetivo capital de este Baskonia. El de Granada es un partido importante para ello.<\/strong><\/p>\n<p class=\"v-p\">\u2013S\u00ed, s\u00ed. Tenemos claro que queremos estar en la Copa. Somos el Baskonia y tenemos que estar ah\u00ed, lo sabemos todos. Perdimos en Zaragoza, ganamos al Madrid y Granada va a ser un partido muy importante para ello. Es una semana complicada para nosotros por el doble partido de Euroliga y sabemos que va a ser muy duro, pero tenemos que ir a ganarlo.<\/p>\n<p class=\"v-p\"><strong>\u2013Forrest, Howard, Kurucs\u2026 Enfermer\u00eda repleta.<\/strong><\/p>\n<p class=\"v-p\">\u2013Es complicado, s\u00ed. No sabemos seguro si podr\u00e1n estar, los m\u00e9dicos y los &#8216;fisios&#8217; est\u00e1n trabajando con ellos, pero lo que s\u00ed tenemos claro es que, los que est\u00e9n disponibles, deben saber que ganar en Granada no es f\u00e1cil. \u00a1Ya me encargar\u00e9 yo de explic\u00e1rselo! Tambi\u00e9n es cierto que el Covir\u00e1n necesita ganar. Es un partido, tras dos de Euroliga, que requerir\u00e1 la m\u00e1xima exigencia y el que juegue lo tiene que tener claro.<\/p>\n<p class=\"v-p\"><strong>\u2013A nivel personal, \u00bfc\u00f3mo ser\u00e1 eso de llegar a Granada e irse a un hotel?<\/strong><\/p>\n<p class=\"v-p\">\u2013(risas) \u00a1Lo bueno es que, como s\u00e9 el camino, igual puedo coger el metro y escaparme un momento! Va a ser raro, l\u00f3gicamente. Desde el 16 de agosto no he ido a la ciudad y quiz\u00e1 ya no vaya m\u00e1s hasta el verano porque en Navidad no paramos. Ser\u00e1 especial, claro, yo sigo muy en contacto con \u00d3scar (Fern\u00e1dez-Arenas), Ram\u00f3n (D\u00edaz) o Arturo (Ruiz)\u2026 Voy a donde considero que es mi casa, al que considero que es mi club. No es donde trabajo pero s\u00ed es mi equipo. Va a ser especial, l\u00f3gicamente.<\/p>\n<p class=\"v-p\"><strong>\u2013D\u00edgame la verdad, \u00bfHabla un poco menos con Ram\u00f3n esta semana?<\/strong><\/p>\n<p class=\"v-p\">\u2013\u00a1Qu\u00e9 va, hablamos mucho! Igual que yo veo todos los partidos del Covir\u00e1n, muchos amigos me escriben tras ver los partidos del Baskonia&#8230; Hablamos de baloncesto, como siempre.<\/p>\n<p class=\"v-p\"><strong>\u2013El club le rendir\u00e1 homenaje, \u00bfc\u00f3mo se gestiona algo as\u00ed justo antes de un partido?<\/strong><\/p>\n<p class=\"v-p\">\u2013Bueno, yo intento normalizarlo. Creo que es algo bueno como club, que se agradezca a la gente que ha pasado por all\u00ed y ha dejado algo. Pas\u00f3 con &#8216;Zamo&#8217; hace dos semanas, lo hemos hecho en estos a\u00f1os con jugadores\u2026 Creo que algo bueno que tiene el club es que reconoce a la gente que pasa por \u00e9l. Hay que normalizarlo: yo soy una persona fr\u00eda en ese sentido. L\u00f3gicamente, al principio quiz\u00e1 me descolocar\u00e1 un poco, pero luego hay trabajo que hacer\u2026 \u00a1Estar\u00e9 concentrado!<\/p>\n<p class=\"v-p\"><strong>\u2013\u00bfQu\u00e9 espera del partido y c\u00f3mo est\u00e1 viendo al Covir\u00e1n en el arranque liguero?<\/strong><\/p>\n<p class=\"v-p\">\u2013Los dos equipos necesitamos tiempo. Nosotros tenemos jugadores que conocen la Liga, ellos tambi\u00e9n. La propuesta de jugar r\u00e1pido creo que es buena. Si realmente lo pensamos, en Granada salvo el a\u00f1o pasado ya lo hac\u00edamos los dos primeros a\u00f1os en Liga Endesa. Es la propuesta v\u00e1lida para un equipo de la zona de abajo, pero como todo en el mundo, eso requiere tiempo, porque la Liga ya no es la pretemporada, no es lo mismo y han de encontrar piezas, adaptarse al nivel f\u00edsico de la Liga o sus arbitrajes\u2026 Eso requiere tiempo.<\/p>\n<p class=\"v-p\"><strong>\u2013\u00bfA Ram\u00f3n D\u00edaz c\u00f3mo le est\u00e1 viendo en sus primeros d\u00edas al frente del Covir\u00e1n?<\/strong><\/p>\n<p class=\"v-p\">\u2013Bien, yo creo que, a pesar de estar tanto tiempo fuera, ha seguido mucho el baloncesto de aqu\u00ed. Ven\u00eda a vernos cada vez que pod\u00eda, por ejemplo. Conoce bien d\u00f3nde est\u00e1 compitiendo, pero necesita ese tiempo para desarrollar sus ideas. El club lleva muchos a\u00f1os con un m\u00e9todo de trabajo distinto, con algunas ideas parecidas en el estilo de juego pero un m\u00e9todo distinto. Necesita paciencia y confianza para poner sus ideas dentro del club.<\/p>\n<p>Reporta un error<\/p>\n<p class=\"v-crt__t\"> L\u00edmite de sesiones alcanzadas<\/p>\n<p class=\"v-crt__p\">El acceso al contenido Premium est\u00e1 abierto por cortes\u00eda del establecimiento donde te encuentras, pero ahora mismo hay demasiados usuarios conectados a las vez.<\/p>\n<p class=\"v-crt__p\">Por favor, int\u00e9ntalo pasados unos minutos.<\/p>\n<p>\nVolver a intentar\n<\/p>\n<p class=\"v-crt__t\">Sesi\u00f3n cerrada<\/p>\n<p class=\"v-crt__p\">Al iniciar sesi\u00f3n desde un dispositivo distinto, por seguridad, se cerr\u00f3 la \u00faltima sesi\u00f3n en este.<\/p>\n<p class=\"v-crt__p\">Para continuar disfrutando de su suscripci\u00f3n digital, inicie sesi\u00f3n en este dispositivo.<\/p>\n<p>\nEste contenido es exclusivo para suscriptores\n<\/p>\n<p class=\"text\">\u00bfTienes una suscripci\u00f3n? <a href=\"https:\/\/secure.ideal.es\/identidad\/inicio#vca=suscribete&amp;vso=ideal&amp;vmc=on&amp;vli=cdn-ce-link-login\" class=\"login\" data-voc-vtm-id=\"comienzoSuscripcionON\" data-voc-vtm-info=\"cdn-ce-link-login\" rel=\"nofollow noopener\" target=\"_blank\">Inicia sesi\u00f3n<\/a><\/p>\n","protected":false},"excerpt":{"rendered":"S\u00e1bado, 18 de octubre 2025, 11:05 Este domingo no ser\u00e1 un d\u00eda cualquiera en el Palacio. Pablo Pin,&hellip;\n","protected":false},"author":2,"featured_media":184964,"comment_status":"","ping_status":"","sticky":false,"template":"","format":"standard","meta":{"footnotes":""},"categories":[269],"tags":[52190,299,298,4714,52191,168,25,24,9868,6383,43209,23,167],"class_list":{"0":"post-184963","1":"post","2":"type-post","3":"status-publish","4":"format-standard","5":"has-post-thumbnail","7":"category-baloncesto","8":"tag-alpujarra","9":"tag-baloncesto","10":"tag-basketball","11":"tag-baskonia","12":"tag-decidirme","13":"tag-deportes","14":"tag-es","15":"tag-espana","16":"tag-facil","17":"tag-llamada","18":"tag-pillo","19":"tag-spain","20":"tag-sports"},"share_on_mastodon":{"url":"","error":""},"_links":{"self":[{"href":"https:\/\/www.europesays.com\/es\/wp-json\/wp\/v2\/posts\/184963","targetHints":{"allow":["GET"]}}],"collection":[{"href":"https:\/\/www.europesays.com\/es\/wp-json\/wp\/v2\/posts"}],"about":[{"href":"https:\/\/www.europesays.com\/es\/wp-json\/wp\/v2\/types\/post"}],"author":[{"embeddable":true,"href":"https:\/\/www.europesays.com\/es\/wp-json\/wp\/v2\/users\/2"}],"replies":[{"embeddable":true,"href":"https:\/\/www.europesays.com\/es\/wp-json\/wp\/v2\/comments?post=184963"}],"version-history":[{"count":0,"href":"https:\/\/www.europesays.com\/es\/wp-json\/wp\/v2\/posts\/184963\/revisions"}],"wp:featuredmedia":[{"embeddable":true,"href":"https:\/\/www.europesays.com\/es\/wp-json\/wp\/v2\/media\/184964"}],"wp:attachment":[{"href":"https:\/\/www.europesays.com\/es\/wp-json\/wp\/v2\/media?parent=184963"}],"wp:term":[{"taxonomy":"category","embeddable":true,"href":"https:\/\/www.europesays.com\/es\/wp-json\/wp\/v2\/categories?post=184963"},{"taxonomy":"post_tag","embeddable":true,"href":"https:\/\/www.europesays.com\/es\/wp-json\/wp\/v2\/tags?post=184963"}],"curies":[{"name":"wp","href":"https:\/\/api.w.org\/{rel}","templated":true}]}}