{"id":184965,"date":"2025-10-18T12:10:09","date_gmt":"2025-10-18T12:10:09","guid":{"rendered":"https:\/\/www.europesays.com\/es\/184965\/"},"modified":"2025-10-18T12:10:09","modified_gmt":"2025-10-18T12:10:09","slug":"no-se-ha-hecho-nada-de-lo-previsto","status":"publish","type":"post","link":"https:\/\/www.europesays.com\/es\/184965\/","title":{"rendered":"NO SE HA HECHO NADA DE LO PREVISTO"},"content":{"rendered":"<p class=\"ft-text\"><strong>Rafael Louz\u00e1n<\/strong>, presidente de la Real Federaci\u00f3n Espa\u00f1ola de <a class=\"ft-link ft-link--decoration\" href=\"https:\/\/www.laopinioncoruna.es\/tags\/futbol\/\" rel=\"nofollow noopener\" target=\"_blank\">F\u00fatbol<\/a>, <strong>apremia a <\/strong><a class=\"ft-link ft-link--decoration\" href=\"https:\/\/www.laopinioncoruna.es\/tags\/riazor\/\" rel=\"nofollow noopener\" target=\"_blank\"><strong>Riazor<\/strong><\/a><strong> y al Ayuntamiento de A Coru\u00f1a para estar listo de cara al Mundial 2030<\/strong>, en una carrera por ser sede que todav\u00eda no est\u00e1 cerrada y en la que el proyecto final del gobierno encabezado por In\u00e9s Rey es incierto. La financiaci\u00f3n es el gran caballo de batalla despu\u00e9s de <a class=\"ft-link ft-link--decoration\" href=\"https:\/\/www.laopinioncoruna.es\/videos\/a-coruna-metro\/2024\/12\/11\/coruna-elegida-oficialmente-sede-mundial-112532831.html\" target=\"_blank\" rel=\"nofollow noopener\">meses sin conocer avances<\/a>, adem\u00e1s de las diferencias con el <a class=\"ft-link ft-link--decoration\" href=\"https:\/\/www.laopinioncoruna.es\/tags\/deportivo-de-la-coruna\/\" target=\"_blank\" rel=\"nofollow noopener\">Deportivo<\/a>, club que ocupa el recinto. \u00ab<strong>En A Coru\u00f1a, por lo que me dicen, no se ha hecho nada de lo que estaba previsto, y la responsabilidad recae exclusivamente en la ciudad<\/strong>\u00bb, expresa Louz\u00e1n, a quien le \u00abgustar\u00eda\u00bb que Vigo tambi\u00e9n se pueda unir a un torneo en el que hab\u00eda una previsi\u00f3n de 20 sedes a compartir con Marruecos y Portugal. 11 para Espa\u00f1a, aunque se ha ca\u00eddo M\u00e1laga y aguarda cambios, adem\u00e1s de la otra gallega, Valencia. Este diario pregunt\u00f3 al Concello por su postura, pero declinan hacer declaraciones.<\/p>\n<p class=\"ft-text\">El presidente de la RFEF, en el c\u00edrculo de Empresarios de Vigo, <strong>acrecienta las dudas sobre Riazor 2030 y una ampliaci\u00f3n en la que todo son preguntas sin resolver<\/strong>. Hace algunas semanas, <a class=\"ft-link ft-link--decoration\" href=\"https:\/\/www.laopinioncoruna.es\/coruna\/2025\/09\/29\/pp-bng-llevan-pleno-coruna-122092499.html\" target=\"_blank\" rel=\"nofollow noopener\">los grupos parlamentarios BNG y PP llevaron al pleno<\/a> diversas preguntas sobre la obra, pero In\u00e9s Rey fue esquiva ante la falta de avances. \u00ab<strong>No tengo noticias en relaci\u00f3n a A Coru\u00f1a<\/strong>. Est\u00e1 dentro de esa preselecci\u00f3n. No significa nada m\u00e1s que una preselecci\u00f3n\u00bb, incidi\u00f3 Louz\u00e1n sobre unas candidaturas cuya responsabilidad recae en las ciudades: \u00abEs una magn\u00edfica oportunidad para Galicia. La ciudad de A Coru\u00f1a es quien tiene la \u00faltima palabra\u00bb.<\/p>\n<p class=\"ft-text\">Sobre <strong>la distancia que existe entre el Deportivo<\/strong> y el ayuntamiento, Louz\u00e1n indica que \u00abes una cuesti\u00f3n de entendimiento\u00bb entre la ciudad, quien \u00ablidera la candidatura\u00bb, y el club, que utiliza el campo. Llegar a un punto en com\u00fan es \u00abuna labor propia de las dos instituciones\u00bb y ah\u00ed \u00e9l no \u00abpuede actuar\u00bb. Aguarda que A Coru\u00f1a pueda acelerar los plazos para llegar a tiempo a la cita de 2030: <strong>\u00ab[El Concello] tendr\u00e1 que explicar qu\u00e9 es lo que quiere hacer, c\u00f3mo lo quiere hacer y qui\u00e9n va a financiar todo eso<\/strong>. Y a partir de ah\u00ed la cuenta atr\u00e1s ya empez\u00f3. Por lo tanto, creo que hay que apurarse para que pueda ser una realidad que la ciudad de A Coru\u00f1a pueda ser sede\u00bb.<\/p>\n<p>Podr\u00edan coexistir Vigo y A Coru\u00f1a, o no llegar ninguna<\/p>\n<p class=\"ft-text\">Las dudas en torno a un Riazor 2030 que no llegue a tiempo aumentan las posibilidades de Vigo. Louz\u00e1n, respecto a esto, no descarta la posibilidad de que se pueda sumar, coexistiendo dos sedes en Galicia: \u00ab<strong>Ojal\u00e1 Vigo pueda ser una de esas sedes<\/strong>. Factible siempre es, pero la \u00faltima palabra la tiene la FIFA. Yo intentar\u00e9 explicar qu\u00e9 es Galicia, pero lo tiene que decidir la FIFA\u00bb.<\/p>\n<p class=\"ft-text\">Louz\u00e1n insisti\u00f3 en que <strong>hay pactadas \u00ab20 sedes\u00bb,<\/strong> a las que habr\u00e1 que sumar tambi\u00e9n las que aporte Uruguay, Argentina y Paraguay. De esas, 11 pertenecen a Espa\u00f1a, aunque destaca que en el Mundial de 2026 de Estados Unidos habr\u00e1 16, cuatro menos. Eso s\u00ed, el cupo de combinados podr\u00eda aumentar y, con ello, los partidos a jugar. \u00abPueden quedar 20, 18, 16\u2026 la palabra la tiene exclusivamente FIFA. Como gallego me sentir\u00eda extraordinariamente honrado de que Galicia tuviera una o dos sedes, yo no s\u00e9 si va a tener una, dos o ninguna, porque no est\u00e1 en mi mano el poder hacer o decidir sobre eso\u00bb.<\/p>\n<p class=\"ft-text\">Cree, adem\u00e1s, que <strong>el aforo m\u00ednimo de 43.000 espectadores puede ser excesiv<\/strong>o, as\u00ed como una losa para la ampliaci\u00f3n de algunos campos: \u00abLa FIFA ha exigido unos m\u00ednimos, para esos estadios yo hubiera rebajado esa presentaci\u00f3n, pero ellos tienen unos ingresos computados y esperan que se cumplan\u00bb. A lo que a\u00f1ade que espera que Espa\u00f1a no cometa los errores de otros pa\u00edses en el pasado: \u00abEste tiene que ser el Mundial de la sostenibilidad, para que no pase como en otros sitios, que luego han quedado vac\u00edos o alguno cerrado\u00bb. E incide en esto ya que <strong>la inversi\u00f3n \u00abser\u00e1 dinero p\u00fablico\u00bb<\/strong> , puesto que los estadios no son propiedad privada, como s\u00ed sucede en Portugal, donde los tres campos que acoger\u00e1n el torneo pertenecen a sus respectivos clubes.<\/p>\n<p class=\"ft-text\">\u00abEspa\u00f1a est\u00e1 en condiciones de hacer el mejor mundial de la historia. <strong>Que las grandes ciudades de Galicia puedan estar estar\u00eda muy bien, pero las ciudades son las \u00fanicas responsable<\/strong>\u00bb, a\u00f1ade Louz\u00e1n sobre unas sedes que todav\u00eda no est\u00e1n fijadas y podr\u00eda \u00abhaber movimientos\u00bb. Entre \u00ab2026 y 2027\u00bb se ir\u00e1 \u00abconcretando\u00bb el n\u00famero exacto y Espa\u00f1a tendr\u00e1 el mayor peso, con un 55%.<\/p>\n","protected":false},"excerpt":{"rendered":"Rafael Louz\u00e1n, presidente de la Real Federaci\u00f3n Espa\u00f1ola de F\u00fatbol, apremia a Riazor y al Ayuntamiento de A&hellip;\n","protected":false},"author":2,"featured_media":184966,"comment_status":"","ping_status":"","sticky":false,"template":"","format":"standard","meta":{"footnotes":""},"categories":[268],"tags":[5843,168,25,24,280,282,43286,7856,281,23,167],"class_list":{"0":"post-184965","1":"post","2":"type-post","3":"status-publish","4":"format-standard","5":"has-post-thumbnail","7":"category-futbol","8":"tag-a-coruna","9":"tag-deportes","10":"tag-es","11":"tag-espana","12":"tag-football","13":"tag-futbol","14":"tag-mundial-2030","15":"tag-rafael-louzan","16":"tag-soccer","17":"tag-spain","18":"tag-sports"},"share_on_mastodon":{"url":"","error":""},"_links":{"self":[{"href":"https:\/\/www.europesays.com\/es\/wp-json\/wp\/v2\/posts\/184965","targetHints":{"allow":["GET"]}}],"collection":[{"href":"https:\/\/www.europesays.com\/es\/wp-json\/wp\/v2\/posts"}],"about":[{"href":"https:\/\/www.europesays.com\/es\/wp-json\/wp\/v2\/types\/post"}],"author":[{"embeddable":true,"href":"https:\/\/www.europesays.com\/es\/wp-json\/wp\/v2\/users\/2"}],"replies":[{"embeddable":true,"href":"https:\/\/www.europesays.com\/es\/wp-json\/wp\/v2\/comments?post=184965"}],"version-history":[{"count":0,"href":"https:\/\/www.europesays.com\/es\/wp-json\/wp\/v2\/posts\/184965\/revisions"}],"wp:featuredmedia":[{"embeddable":true,"href":"https:\/\/www.europesays.com\/es\/wp-json\/wp\/v2\/media\/184966"}],"wp:attachment":[{"href":"https:\/\/www.europesays.com\/es\/wp-json\/wp\/v2\/media?parent=184965"}],"wp:term":[{"taxonomy":"category","embeddable":true,"href":"https:\/\/www.europesays.com\/es\/wp-json\/wp\/v2\/categories?post=184965"},{"taxonomy":"post_tag","embeddable":true,"href":"https:\/\/www.europesays.com\/es\/wp-json\/wp\/v2\/tags?post=184965"}],"curies":[{"name":"wp","href":"https:\/\/api.w.org\/{rel}","templated":true}]}}