{"id":184984,"date":"2025-10-18T12:22:12","date_gmt":"2025-10-18T12:22:12","guid":{"rendered":"https:\/\/www.europesays.com\/es\/184984\/"},"modified":"2025-10-18T12:22:12","modified_gmt":"2025-10-18T12:22:12","slug":"gaza-intenta-recuperar-cierta-normalidad-entre-ataques-y-restricciones-de-israel-internacional","status":"publish","type":"post","link":"https:\/\/www.europesays.com\/es\/184984\/","title":{"rendered":"Gaza intenta recuperar cierta normalidad entre ataques y restricciones de Israel | Internacional"},"content":{"rendered":"<p class=\"\">En medio del fr\u00e1gil <a href=\"https:\/\/elpais.com\/internacional\/2025-10-09\/el-alto-el-fuego-en-gaza-entrara-en-vigor-24-horas-despues-de-que-el-gobierno-israeli-lo-ratifique-esta-tarde.html\" target=\"_self\" rel=\"nofollow noopener\" title=\"https:\/\/elpais.com\/internacional\/2025-10-09\/el-alto-el-fuego-en-gaza-entrara-en-vigor-24-horas-despues-de-que-el-gobierno-israeli-lo-ratifique-esta-tarde.html\">alto el fuego que entr\u00f3 en vigor hace una semana<\/a>, comienzan a aparecer en Gaza algunas estampas que muestran una cierta impresi\u00f3n de cotidianidad en espacios p\u00fablicos como mezquitas, bancos o panader\u00edas despu\u00e9s de dos a\u00f1os del inicio de la campa\u00f1a militar emprendida por Israel en la Franja. Con todo, el enclave palestino se encuentra sumido en una profunda crisis humanitaria y social que requerir\u00e1 tiempo empezar a revertir y los ataques del ej\u00e9rcito israel\u00ed contra blancos civiles contin\u00faan sucedi\u00e9ndose de forma esporadica. <\/p>\n<p class=\"\">El viernes, por primera vez desde el inicio de la guerra, la centenaria mezquita de Sayed al-Hashim en la Ciudad de Gaza, una de las m\u00e1s antiguas de la Franja, volvi\u00f3 a abrir las puertas para celebrar la sagrada plegaria del viernes, a la que acudieron cientos de fieles musulmanes, <a href=\"https:\/\/aje.io\/noraj5?update=4042631\" target=\"_self\" rel=\"nofollow noopener\" title=\"https:\/\/aje.io\/noraj5?update=4042631\">seg\u00fan capturaron las c\u00e1maras de la cadena Al Jazeera<\/a>. Este s\u00e1bado, el Banco de Palestina, la principal instituci\u00f3n financiera del pa\u00eds, anunci\u00f3 que reabrir\u00eda a partir del domingo dos sucursales en Deir el Balah y Nuseirat, en el centro de Gaza. \u201cLes damos la bienvenida a nuestros servicios bancarios y les deseamos seguridad y protecci\u00f3n\u201d, inform\u00f3 la entidad en un comunicado. <\/p>\n<p><img decoding=\"auto\" class=\"_re lazyload a_m-h\" height=\"233\"  width=\"414\"  src=\"https:\/\/www.europesays.com\/es\/wp-content\/uploads\/2025\/10\/ZSDCYKQQABHPZBH4BXZCYAVCHQ.jpg\" loading=\"lazy\"\/>Palestinos realizan las oraciones del viernes entre los escombros de la mezquita Al Albani, destruida durante los ataques israel\u00edes, en Jan Yunis, sur de Gaza.Anadolu (Anadolu via Getty Images)<\/p>\n<p class=\"\">La agencia de la ONU para los refugiados de Palestina, UNRWA, se\u00f1al\u00f3 asimismo este s\u00e1bado que sus m\u00e1s de 8.000 docentes est\u00e1n listos para ayudar a los ni\u00f1os a retomar sus estudios. El cl\u00faster de organizaciones dedicadas a la educaci\u00f3n en Gaza anunci\u00f3 tambi\u00e9n esta semana que con el alto el fuego han comenzado a ampliar proyectos de educaci\u00f3n no formal en espacios habilitados temporalmente para el aprendizaje en todo el enclave, debido a que la mayor\u00eda de escuelas han sufrido da\u00f1os por ataques israel\u00edes o albergan familias desplazadas. <\/p>\n<p class=\"\">Las agencias de ayuda humanitaria tambi\u00e9n est\u00e1n tratando de ampliar sus actividades. La portavoz del Programa Mundial de Alimentos (PMA), Abeer Etefa, asegur\u00f3 el viernes en una rueda de prensa que est\u00e1n comenzando a llegar a familias que han soportado meses de asedio, desplazamiento y hambre, provocado por el ej\u00e9rcito israel\u00ed, y describi\u00f3 la fase actual como \u201cun momento de cautelosa esperanza\u201d. Desde la entrada en vigor de la tregua, han podido aumentar los suministros enviados a Gaza y ha podido reabrir algunos puntos de distribuci\u00f3n de alimentos, adem\u00e1s de panader\u00edas, m\u00e1s cerca de personas especialmente vulnerables. <\/p>\n<p><img decoding=\"auto\" class=\"_re lazyload a_m-h\" height=\"276\"  width=\"414\"  src=\"https:\/\/www.europesays.com\/es\/wp-content\/uploads\/2025\/10\/2WGBKKS6Q5CNNLKFWYWS7TGZHI.jpg\" loading=\"lazy\"\/>Palestinos desplazados que regresan al barrio de Al Gabari de Ciudad de Gaza, este s\u00e1bado. Khalil Ramzi Alkahlut (Anadolu\/Getty Images)<\/p>\n<p class=\"\"><a href=\"https:\/\/elpais.com\/internacional\/2025-10-12\/la-ayuda-humanitaria-entra-en-gaza-pero-la-onu-la-ve-aun-insuficiente.html\" target=\"_self\" rel=\"nofollow noopener\" title=\"https:\/\/elpais.com\/internacional\/2025-10-12\/la-ayuda-humanitaria-entra-en-gaza-pero-la-onu-la-ve-aun-insuficiente.html\">El volumen de ayuda que Israel permite entrar en Gaza<\/a>, sin embargo, se encuentra a\u00fan por debajo del necesario. La portavoz del PMA reconoci\u00f3 que, pese a los avances, tomar\u00e1 tiempo reducir la hambruna provocada en el territorio. Se\u00f1al\u00f3 tambi\u00e9n que los mayores desaf\u00edos a los que se enfrentan son que Israel sigue limitando el acceso a Gaza a dos cruces, ninguno de ellos en el norte, una de las zonas m\u00e1s castigadas, y que sus procesos de inspecci\u00f3n siguen siendo lentos. La destrucci\u00f3n y el bloqueo de carreteras dificulta igualmente el movimiento. <\/p>\n<p class=\"\">La Organizaci\u00f3n Mundial de la Salud (OMS) ha desplegado por su parte equipos para ayudar a reforzar la atenci\u00f3n m\u00e9dica en Gaza y est\u00e1 trabajando para reactivar nuevas operaciones en el hospital de Al Shifa, que antes de la guerra era el mayor centro hospitalario de la Franja. Con todo, todav\u00eda se calcula que, debido a la destrucci\u00f3n del sistema de salud en el enclave, m\u00e1s de 15.000 personas requieren evacuaci\u00f3n m\u00e9dica para ser tratados en el exterior y m\u00e1s de 150.000 presentan heridas que no pueden tratarse en Gaza por la falta de recursos. <\/p>\n<p><img decoding=\"auto\" class=\"_re lazyload a_m-h\" height=\"276\"  width=\"414\"  src=\"https:\/\/www.europesays.com\/es\/wp-content\/uploads\/2025\/10\/YXO6GCKB5ZHMXGYVE4ILVGHCXE.jpg\" loading=\"lazy\"\/>Palestinos se apresuran hacia los camiones que transportan ayuda del Programa Mundial de Alimentos mientras pasan por Deir Al Balah, en el centro de Gaza, el mi\u00e9rcoles.Abdel Kareem Hana (AP)Ataque israel\u00ed<\/p>\n<p class=\"\">En este contexto, el ej\u00e9rcito israel\u00ed ha continuado atacando la Franja pese al alto el fuego en vigor. El viernes mataron a 11 miembros de una familia, incluidos siete ni\u00f1os y dos mujeres, en un ataque contra el veh\u00edculo en el que viajaban en el este de Ciudad de Gaza, seg\u00fan el portavoz del cuerpo de protecci\u00f3n civil local, Mahmud Basal. Se trat\u00f3 del incidente m\u00e1s letal desde el inicio de la tregua, durante la que Israel ha matado a cerca de 30 personas. <\/p>\n<p class=\"\">La familia fue atacada despu\u00e9s de cruzar, probablemente de forma inadvertida, la llamada l\u00ednea amarilla que delimita la posici\u00f3n a la que se retiraron las tropas israel\u00edes con la entrada en vigor del alto el fuego. Basal lament\u00f3 que \u201chabr\u00eda sido posible advertirles o lidiar con ellos de una manera que no hubiera provocado su muerte\u201d. Mucha gente en Gaza desconoce las demarcaciones exactas impuestas por el ej\u00e9rcito israel\u00ed como zonas de no acceso. <\/p>\n<p class=\"\">El portavoz del cuerpo de protecci\u00f3n civil de Gaza anunci\u00f3 tambi\u00e9n el viernes que sus equipos han recuperado hasta la fecha <a href=\"https:\/\/elpais.com\/internacional\/2025-10-13\/los-gazaties-buscan-a-sus-muertos-bajo-las-ruinas-para-cerrar-una-herida-abierta.html\" target=\"_self\" rel=\"nofollow noopener\" title=\"https:\/\/elpais.com\/internacional\/2025-10-13\/los-gazaties-buscan-a-sus-muertos-bajo-las-ruinas-para-cerrar-una-herida-abierta.html\">m\u00e1s de 280 cad\u00e1veres de entre los escombros de la Franja<\/a>, bajo los que estima que yacen unos 10.000 muertos. Basal afirm\u00f3 que trabajan en condiciones extremadamente dif\u00edciles y que contin\u00faan recibiendo decenas de llamadas al d\u00eda de familiares que est\u00e1n buscando a seres queridos. El palestino critic\u00f3 adem\u00e1s la \u201cclara dualidad\u201d en la postura de la comunidad internacional por su compromiso con la recuperaci\u00f3n de los cuerpos de cad\u00e1veres israel\u00edes \u201cmientras ignora\u201d a los palestinos \u201centerrados bajo escombros\u201d. <\/p>\n<p><img decoding=\"auto\" class=\"_re lazyload a_m-h\" height=\"233\"  width=\"414\"  src=\"https:\/\/www.europesays.com\/es\/wp-content\/uploads\/2025\/10\/US4QCU7MNJH3TBRMDSYRHNHRAM.jpg\" loading=\"lazy\"\/>Vista a\u00e9rea de un cementerio tras el alto el fuego entre Israel y Ham\u00e1s en Jan Yunis (Gaza).Muhammed Eslayeh (Anadolu\/Getty Images)<\/p>\n","protected":false},"excerpt":{"rendered":"En medio del fr\u00e1gil alto el fuego que entr\u00f3 en vigor hace una semana, comienzan a aparecer en&hellip;\n","protected":false},"author":2,"featured_media":184985,"comment_status":"","ping_status":"","sticky":false,"template":"","format":"standard","meta":{"footnotes":""},"categories":[42],"tags":[17,18,68,70,71,72,13,14,73,69,75,11,61,62,63,64,74,19,20,9,10,15,16,77,76,12,21,22,65,66,67],"class_list":{"0":"post-184984","1":"post","2":"type-post","3":"status-publish","4":"format-standard","5":"has-post-thumbnail","7":"category-internacional","8":"tag-breaking-news","9":"tag-breakingnews","10":"tag-conflicto-arabe-israeli","11":"tag-conflictos","12":"tag-conflictos-armados","13":"tag-conflictos-internacionales","14":"tag-featured-news","15":"tag-featurednews","16":"tag-franja-gaza","17":"tag-guerra","18":"tag-hamas","19":"tag-headlines","20":"tag-internacional","21":"tag-international","22":"tag-international-news","23":"tag-internationalnews","24":"tag-israel","25":"tag-latest-news","26":"tag-latestnews","27":"tag-news","28":"tag-noticias","29":"tag-noticias-destacadas","30":"tag-noticiasdestacadas","31":"tag-oriente-proximo","32":"tag-palestina","33":"tag-titulares","34":"tag-ultimas-noticias","35":"tag-ultimasnoticias","36":"tag-world","37":"tag-world-news","38":"tag-worldnews"},"share_on_mastodon":{"url":"","error":""},"_links":{"self":[{"href":"https:\/\/www.europesays.com\/es\/wp-json\/wp\/v2\/posts\/184984","targetHints":{"allow":["GET"]}}],"collection":[{"href":"https:\/\/www.europesays.com\/es\/wp-json\/wp\/v2\/posts"}],"about":[{"href":"https:\/\/www.europesays.com\/es\/wp-json\/wp\/v2\/types\/post"}],"author":[{"embeddable":true,"href":"https:\/\/www.europesays.com\/es\/wp-json\/wp\/v2\/users\/2"}],"replies":[{"embeddable":true,"href":"https:\/\/www.europesays.com\/es\/wp-json\/wp\/v2\/comments?post=184984"}],"version-history":[{"count":0,"href":"https:\/\/www.europesays.com\/es\/wp-json\/wp\/v2\/posts\/184984\/revisions"}],"wp:featuredmedia":[{"embeddable":true,"href":"https:\/\/www.europesays.com\/es\/wp-json\/wp\/v2\/media\/184985"}],"wp:attachment":[{"href":"https:\/\/www.europesays.com\/es\/wp-json\/wp\/v2\/media?parent=184984"}],"wp:term":[{"taxonomy":"category","embeddable":true,"href":"https:\/\/www.europesays.com\/es\/wp-json\/wp\/v2\/categories?post=184984"},{"taxonomy":"post_tag","embeddable":true,"href":"https:\/\/www.europesays.com\/es\/wp-json\/wp\/v2\/tags?post=184984"}],"curies":[{"name":"wp","href":"https:\/\/api.w.org\/{rel}","templated":true}]}}