{"id":184996,"date":"2025-10-18T12:29:11","date_gmt":"2025-10-18T12:29:11","guid":{"rendered":"https:\/\/www.europesays.com\/es\/184996\/"},"modified":"2025-10-18T12:29:11","modified_gmt":"2025-10-18T12:29:11","slug":"la-rafa-nadal-academy-cumple-nueve-anos","status":"publish","type":"post","link":"https:\/\/www.europesays.com\/es\/184996\/","title":{"rendered":"La Rafa Nadal Academy cumple nueve a\u00f1os"},"content":{"rendered":"<p>El <strong>19 de octubre de 2016<\/strong> quedar\u00e1 para siempre grabado como un d\u00eda muy importante en la carrera y en el legado de<strong> <a href=\"https:\/\/www.ultimahora.es\/etiqueta\/Rafa+Nadal.html?utm_source=Inline-tag&amp;utm_medium=internal\" rel=\"nofollow noopener\" target=\"_blank\">Rafa Nadal<\/a><\/strong>. Ese d\u00eda, el propio Rafa inauguraba oficialmente la <a href=\"https:\/\/www.ultimahora.es\/etiqueta\/Rafa+Nadal+Academy.html?utm_source=Inline-tag&amp;utm_medium=internal\" rel=\"nofollow noopener\" target=\"_blank\">Rafa Nadal Academy<\/a> by Movistar en su ciudad natal, Manacor, <strong>acompa\u00f1ado por Roger Federer y por numerosas personalidades, autoridades y amigos<\/strong>. Nueve a\u00f1os despu\u00e9s, la Academia se ha consolidado como uno de los centros de referencia mundial en formaci\u00f3n deportiva, acad\u00e9mica y humana. Desde su apertura, la Rafa Nadal Academy by Movistar ha mantenido un crecimiento constante, fiel a su misi\u00f3n: formar a j\u00f3venes y adultos a trav\u00e9s de la excelencia y los valores que han guiado la carrera de Rafa Nadal: <strong>esfuerzo, humildad, respeto, disciplina, resiliencia y esp\u00edritu de superaci\u00f3n<\/strong>. Su modelo formativo, que combina el entrenamiento deportivo de alto rendimiento con una formaci\u00f3n acad\u00e9mica de primer nivel, permite a\u00f1o tras a\u00f1o que los alumnos desarrollen su m\u00e1ximo potencial dentro y fuera de la pista.<\/p>\n<p>En estos nueve a\u00f1os, la Academia h<strong>a crecido en instalaciones, programas y reconocimiento<\/strong>. El complejo original contaba con<strong> 33 pistas de <a href=\"https:\/\/www.ultimahora.es\/etiqueta\/tenis.html?utm_source=Inline-tag&amp;utm_medium=internal\" rel=\"nofollow noopener\" target=\"_blank\">tenis<\/a> al aire libre, siete semicubiertas y cuatro cubiertas<\/strong>, pero hoy dispone de <strong>45 pistas de tenis, 19 de p\u00e1del<\/strong>, una de las grandes apuestas de la Academia, un completo centro m\u00e9dico deportivo by Quir\u00f3nSalud, gimnasio, spa, residencia para deportistas, un colegio internacional \u2014el Rafa Nadal School\u2014 que ofrece una educaci\u00f3n integral a alumnos de todo el mundo, un Museo, que acoge la primera y \u00fanica exposici\u00f3n de la carrera de Rafa, as\u00ed como una amplia oferta gastron\u00f3mica con restaurantes tematizados de Roland Garros, Wimbledon o el US Open.<\/p>\n<p>El modelo de la Rafa Nadal Academy by Movistar ha traspasado fronteras. La Rafa Nadal Academy <strong>Kuwait<\/strong> ha llevado desde 2020 la metodolog\u00eda de Manacor al coraz\u00f3n de Oriente Medio, consolidando una red global que exporta el modelo formativo y los valores de Rafa Nadal a miles de jugadores en todo el mundo. A estas dos academias se suman los Rafa Nadal Tennis Center de <strong>M\u00e9xico, Grecia, Hong Kong<\/strong> y los recientemente inaugurados tanto en <strong>Marbella<\/strong> (ubicado en el Hotel Don Carlos) como en<strong> Rep\u00fablica Dominicana<\/strong> (emplazado en Zel Punta Cana). Tambi\u00e9n se ha desarrollado el Rafa Nadal Tennis Program implantado desde 2024 en <strong>Egipto<\/strong>, gracias al acuerdo con el colegio Uppingham de El Cairo. Gracias a este trabajo de crecimiento, la academia recibi\u00f3 el Premio Capital por su proyecci\u00f3n internacional y por haber contribuido al <strong>bienestar de las comunidades locales y al cuidado del medio ambiente<\/strong>. La colaboraci\u00f3n con instituciones educativas y deportivas internacionales ha permitido expandir su influencia, facilitando intercambios culturales y deportivos que benefician tanto a los estudiantes como a la academia.<\/p>\n<p>Durante esta d\u00e9cada, la Rafa Nadal Academy by Movistar ha formado a algunos de los jugadores m\u00e1s prometedores del tenis mundial. Nombres como Casper Ruud, Jaume Munar, Alex Eala, Martin Landaluce, Abdullah Shelbayh, Alina Korneeva, Dani Rinc\u00f3n o Ivan Ivanov se han forjado en Manacor antes de dar el salto al circuito profesional. Los t\u00edtulos de Grand Slam Junior, donde los jugadores de la Rafa Nadal Academy han ganado <strong>13 t\u00edtulos (siete individuales y seis en dobles)<\/strong>, los \u00e9xitos en el circuito ATP y WTA y los numerosos logros en torneos internacionales confirman el impacto de su metodolog\u00eda. En 2022, la Academia recibi\u00f3 el <strong>Premio Joaquim Blume en los Premios Nacionales del Deporte<\/strong>, convirti\u00e9ndose en la primera academia de tenis en la historia en obtener este reconocimiento por su labor de promoci\u00f3n y fomento del deporte. La academia se ha convertido en una de las sedes principales de grandes eventos ten\u00edsticos de Espa\u00f1a y alberga anualmente decenas de torneos de todos los niveles, entre los que destaca el Rafa Nadal Open by Movistar, de la categor\u00eda ATP Challenger Tour, que ya acumula siete ediciones.<\/p>\n","protected":false},"excerpt":{"rendered":"El 19 de octubre de 2016 quedar\u00e1 para siempre grabado como un d\u00eda muy importante en la carrera&hellip;\n","protected":false},"author":2,"featured_media":184997,"comment_status":"","ping_status":"","sticky":false,"template":"","format":"standard","meta":{"footnotes":""},"categories":[274],"tags":[168,25,24,6894,28063,3439,23,167,327,326],"class_list":{"0":"post-184996","1":"post","2":"type-post","3":"status-publish","4":"format-standard","5":"has-post-thumbnail","7":"category-tenis","8":"tag-deportes","9":"tag-es","10":"tag-espana","11":"tag-rafa-nadal","12":"tag-rafa-nadal-academy","13":"tag-rafael-nadal","14":"tag-spain","15":"tag-sports","16":"tag-tenis","17":"tag-tennis"},"share_on_mastodon":{"url":"","error":""},"_links":{"self":[{"href":"https:\/\/www.europesays.com\/es\/wp-json\/wp\/v2\/posts\/184996","targetHints":{"allow":["GET"]}}],"collection":[{"href":"https:\/\/www.europesays.com\/es\/wp-json\/wp\/v2\/posts"}],"about":[{"href":"https:\/\/www.europesays.com\/es\/wp-json\/wp\/v2\/types\/post"}],"author":[{"embeddable":true,"href":"https:\/\/www.europesays.com\/es\/wp-json\/wp\/v2\/users\/2"}],"replies":[{"embeddable":true,"href":"https:\/\/www.europesays.com\/es\/wp-json\/wp\/v2\/comments?post=184996"}],"version-history":[{"count":0,"href":"https:\/\/www.europesays.com\/es\/wp-json\/wp\/v2\/posts\/184996\/revisions"}],"wp:featuredmedia":[{"embeddable":true,"href":"https:\/\/www.europesays.com\/es\/wp-json\/wp\/v2\/media\/184997"}],"wp:attachment":[{"href":"https:\/\/www.europesays.com\/es\/wp-json\/wp\/v2\/media?parent=184996"}],"wp:term":[{"taxonomy":"category","embeddable":true,"href":"https:\/\/www.europesays.com\/es\/wp-json\/wp\/v2\/categories?post=184996"},{"taxonomy":"post_tag","embeddable":true,"href":"https:\/\/www.europesays.com\/es\/wp-json\/wp\/v2\/tags?post=184996"}],"curies":[{"name":"wp","href":"https:\/\/api.w.org\/{rel}","templated":true}]}}