{"id":185004,"date":"2025-10-18T12:33:09","date_gmt":"2025-10-18T12:33:09","guid":{"rendered":"https:\/\/www.europesays.com\/es\/185004\/"},"modified":"2025-10-18T12:33:09","modified_gmt":"2025-10-18T12:33:09","slug":"el-calvario-de-olmo-noticias-diario-de-burgos","status":"publish","type":"post","link":"https:\/\/www.europesays.com\/es\/185004\/","title":{"rendered":"El calvario de Olmo | Noticias Diario de Burgos"},"content":{"rendered":"<p>En la historia moderna del f\u00fatbol se podr\u00eda confeccionar un once con futbolistas magn\u00edficos cuyas lesiones marcaron sus carreras: Badstuber, aquel defensor alem\u00e1n con un inicio fulgurante en el Bayern, estuvo m\u00e1s de 1.300 d\u00edas en el dique seco y se perdi\u00f3 212 partidos; Ronaldo Nazario, a pesar de la inmensa huella que dej\u00f3, alcanz\u00f3 1.324 d\u00edas de baja; 1.363 fueron los de Ribery; 1.366 los de Vermaelen; 1.419 los de Kompany; 1.421 los de Marco Reus; 1.470 los de Wilshere\u2026 Y en el podio de los jugadores con m\u00e1s dolencias est\u00e1n Neymar, que se ha perdido 277 choques -y probablemente sumando m\u00e1s en un futuro- con 1.512 d\u00edas lesionado (incluyendo rodillas, fracturas de espalda, tobillo&#8230;); Stevan Jovetic, que resiste hoy en el Omonia Nicosia despu\u00e9s de 35 dolencias diferentes y 1.524 d\u00edas (m\u00e1s de cuatro a\u00f1os); y Abou Diaby, cuya prometedora trayectoria fue arruinada por una brutal entrada cuando militaba en el Arsenal, el mediocampista franc\u00e9s acumul\u00f3 1.747 d\u00edas de baja.\u00a0<br \/>Todos los aficionados de todos los clubes del mundo recuerdan a &#8216;aquel jugador de cristal&#8217; que una vez visti\u00f3 sus colores. Ninguno quiere formar parte de ese grupo de ca\u00eddos en desgracia, pero factores como la acumulaci\u00f3n de partidos, los escasos per\u00edodos de recuperaci\u00f3n entre esfuerzos y la propia calidad muscular individual de cada deportista est\u00e1n lastrando una de las carreras m\u00e1s prometedoras de la historia moderna del f\u00fatbol espa\u00f1ol: la de Dani Olmo.\u00a0<br \/>El titular de hace una semana era terrible para el mediocampista de Tarrassa: \u00abOlmo, pr\u00e1cticamente descartado para el cl\u00e1sico\u00bb. El duelo se disputa el 26 de octubre y las pruebas a las que se someti\u00f3 el pasado lunes (d\u00eda 12) confirmaron una nueva dolencia muscular, esta vez en el s\u00f3leo de la pierna izquierda (aunque \u00absin afectaci\u00f3n conectiva\u00bb), que exigir\u00eda un tiempo de baja aproximado de tres semanas. La \u00fanica esperanza est\u00e1 en ese entrecomillado: significa que el problema no ha afectado totalmente el tejido conjuntivo que rodea el m\u00fasculo (la fascia).\u00a0<br \/>El &#8217;20&#8217; del Bar\u00e7a, a sus 27 a\u00f1os, suma un historial de percances demasiado extenso para una carrera que deber\u00eda estar cerca del ecuador. M\u00e1s concretamente, en los \u00faltimos cinco a\u00f1os suma 11 contratiempos que le han impedido encontrar la continuidad deseada para instalarse en la \u00e9lite del f\u00fatbol mundial. La sensaci\u00f3n del azulgrana medio, a pesar de que apenas lleva una temporada y un tercio con el Barcelona, es que el equipo est\u00e1 perdiendo una aportaci\u00f3n determinante: pocos jugadores de construcci\u00f3n\/ataque se mueven como \u00e9l entre l\u00edneas. Los cuatro duelos que se perder\u00e1 ahora se suman a los 17 en los que fue ausencia en la 24\/25 por diversos problemas.\u00a0<\/p>\n<p>En cifras<\/p>\n<p>Desde verano de 2024, cuando el Bar\u00e7a pag\u00f3 cerca de 55 millones al Leipzig, Dani Olmo se ha perdido el 25,37 por ciento de los 67 encuentros que pod\u00eda haber disputado entre club y selecci\u00f3n. Significa que ha dejado de jugar uno de cada cuatro, un dato que, a pesar de ser tan negativo, describe la &#8216;mejor&#8217; campa\u00f1a del canterano blaugrana desde hace tiempo: estuvo 25 compromisos sin vestirse de corto en la 23\/24 (41 por ciento), 24 en la 22\/23 (40 por ciento) y 15 en la 21\/22 (29 por ciento), casi siempre con dolencias musculares, muchas entre septiembre y octubre.\u00a0<\/p>\n<p>Esas 11 lesiones le han reportado 377 d\u00edas de baja (que pueden ser m\u00e1s si finalmente no reaparece ante el Real Madrid) y, por encima de todo, la sensaci\u00f3n de que &#8216;algo falla&#8217;, lo que puede mermar su confianza en un a\u00f1o determinante con el Mundial a la vuelta de la esquina. Olmo tiene ejemplos en su propio vestuario para mantener la esperanza: con su m\u00e9todo de &#8216;rehabilitaci\u00f3n activa&#8217;, Hansi Flick logr\u00f3 dar continuidad y estabilidad a una de las carreras j\u00f3venes m\u00e1s marcadas por los problemas f\u00edsicos, la de Pedri. El canario, en tres cursos (21\/22 a 23\/24) sum\u00f3 hasta nueve bajas de distinta gravedad que le obligaron a perderse 85 partidos y estar 444 d\u00edas fuera. En toda la 24\/25 solo se ausent\u00f3 en solo uno por una gastroenteritis.\u00a0<\/p>\n<p>Trayectoria<\/p>\n<p>Olmo no ha conseguido estabilidad en su regreso a Barcelona, de donde sali\u00f3 en agosto de 2014 (con solo 16 a\u00f1os) para incorporarse al Dinamo de Zagreb. En la 18\/19 fue elegido mejor jugador de la Liga croata y en la 19\/20 llam\u00f3 la atenci\u00f3n de los &#8216;captadores&#8217; del grupo Red Bull, llev\u00e1ndoselo al Leipzig por 30 millones de euros. En Alemania disput\u00f3 148 partidos (29 goles y 30 asistencias), pero desde la 21\/22, cuando sufri\u00f3 dos roturas de fibras consecutivas en septiembre y noviembre, va a\u00f1adiendo demasiados p\u00e1rrafos a su historial m\u00e9dico.\u00a0<\/p>\n<p>La lesi\u00f3n llega en un momento muy inoportuno tanto para \u00e9l como para el Bar\u00e7a. El club necesita reencontrar el &#8216;hambre&#8217; demostrado en la pasada temporada y el espa\u00f1ol, peso pesado en un vestuario juvenil a pesar de llevar tan poco tiempo, es una de las piezas clave para Flick: es el &#8216;se\u00f1alado&#8217; para ocupar la punta del tri\u00e1ngulo delante de Pedri y De Jong.\u00a0<\/p>\n","protected":false},"excerpt":{"rendered":"En la historia moderna del f\u00fatbol se podr\u00eda confeccionar un once con futbolistas magn\u00edficos cuyas lesiones marcaron sus&hellip;\n","protected":false},"author":2,"featured_media":185005,"comment_status":"","ping_status":"","sticky":false,"template":"","format":"standard","meta":{"footnotes":""},"categories":[268],"tags":[1660,2017,30892,23812,168,25,24,881,280,282,13342,24351,16809,3048,7850,281,23,167],"class_list":{"0":"post-185004","1":"post","2":"type-post","3":"status-publish","4":"format-standard","5":"has-post-thumbnail","7":"category-futbol","8":"tag-alemania","9":"tag-arsenal-fc","10":"tag-bayern-de-munich","11":"tag-dani-olmo","12":"tag-deportes","13":"tag-es","14":"tag-espana","15":"tag-fc-barcelona","16":"tag-football","17":"tag-futbol","18":"tag-hansi-flick","19":"tag-neymar","20":"tag-pedri","21":"tag-real-madrid","22":"tag-ronaldo-nazario","23":"tag-soccer","24":"tag-spain","25":"tag-sports"},"share_on_mastodon":{"url":"","error":""},"_links":{"self":[{"href":"https:\/\/www.europesays.com\/es\/wp-json\/wp\/v2\/posts\/185004","targetHints":{"allow":["GET"]}}],"collection":[{"href":"https:\/\/www.europesays.com\/es\/wp-json\/wp\/v2\/posts"}],"about":[{"href":"https:\/\/www.europesays.com\/es\/wp-json\/wp\/v2\/types\/post"}],"author":[{"embeddable":true,"href":"https:\/\/www.europesays.com\/es\/wp-json\/wp\/v2\/users\/2"}],"replies":[{"embeddable":true,"href":"https:\/\/www.europesays.com\/es\/wp-json\/wp\/v2\/comments?post=185004"}],"version-history":[{"count":0,"href":"https:\/\/www.europesays.com\/es\/wp-json\/wp\/v2\/posts\/185004\/revisions"}],"wp:featuredmedia":[{"embeddable":true,"href":"https:\/\/www.europesays.com\/es\/wp-json\/wp\/v2\/media\/185005"}],"wp:attachment":[{"href":"https:\/\/www.europesays.com\/es\/wp-json\/wp\/v2\/media?parent=185004"}],"wp:term":[{"taxonomy":"category","embeddable":true,"href":"https:\/\/www.europesays.com\/es\/wp-json\/wp\/v2\/categories?post=185004"},{"taxonomy":"post_tag","embeddable":true,"href":"https:\/\/www.europesays.com\/es\/wp-json\/wp\/v2\/tags?post=185004"}],"curies":[{"name":"wp","href":"https:\/\/api.w.org\/{rel}","templated":true}]}}